{"id":32292,"date":"2023-05-16T16:04:45","date_gmt":"2023-05-16T16:04:45","guid":{"rendered":"http:\/\/nuevacordoba.net\/index.php\/2023\/05\/16\/pancho-ferraro-no-tengo-dudas-de-que-mascherano-formo-un-gran-plantel\/"},"modified":"2023-05-16T16:04:45","modified_gmt":"2023-05-16T16:04:45","slug":"pancho-ferraro-no-tengo-dudas-de-que-mascherano-formo-un-gran-plantel","status":"publish","type":"post","link":"http:\/\/nuevacordoba.net\/index.php\/2023\/05\/16\/pancho-ferraro-no-tengo-dudas-de-que-mascherano-formo-un-gran-plantel\/","title":{"rendered":"\u00abPancho\u00bb Ferraro: \u00abNo tengo dudas de que Mascherano form\u00f3 un gran plantel\u00bb"},"content":{"rendered":"<figure class=\"mb-3\"><img loading=\"lazy\" data-src=\"http:\/\/nuevacordoba.net\/wp-content\/uploads\/2023\/05\/pancho-ferraro-no-tengo-dudas-de-que-mascherano-formo-un-gran-plantel.jpg\" src=\"https:\/\/www.telam.com.ar\/assets\/img\/not_image.png\" class=\" lazy \" width=\"100%\" height=\"100%\" alt=\"Foto Archivo Tlam\"><figcaption> Foto: Archivo T\u00e9lam. <\/figcaption><\/figure>\n<p>Francisco \u00abPancho\u00bb Ferraro, DT campe\u00f3n con el seleccionado argentina Sub-20 en Holanda 2005, afirm\u00f3 que Javier Mascherano \u00abform\u00f3 un gran plantel\u00bb, a pesar de las bajas, para el Mundial de la categor\u00eda, que se realizar\u00e1 en la Argentina desde el pr\u00f3ximo s\u00e1bado 20 de mayo hasta el domingo 11 de junio.<\/p>\n<p>\u00abNo tengo dudas de que Mascherano form\u00f3 un gran plantel, adecuado a su idea de juego y de acuerdo a los rivales que tendr\u00e1 enfrente. Si confeccion\u00f3 esa lista, por algo es\u00bb, dijo Ferraro en di\u00e1logo con T\u00e9lam.<\/p>\n<p>La <strong>Argentina<\/strong> de Mascherano <strong>sufrir\u00e1 las ausencia de<\/strong> los <strong>futbolistas<\/strong> que militan en las ligas europeas, <strong>como Alejandro<\/strong> <strong>Garnacho<\/strong> (Manchester United de Inglaterra), <strong>Facundo Buonanotte<\/strong> (Brighton And Hove de Inglaterra) y <strong>Nicol\u00e1s Paz<\/strong> (Real Madrid de Espa\u00f1a), quienes<strong> no fueron cedidos por sus respectivos clubes.<\/strong><\/p>\n<p>\u00abSon grandes jugadores, nadie lo niega, pero ac\u00e1 en nuestro pa\u00eds tenemos grandes chicos para conformar un buen plantel\u00bb, indic\u00f3 el exjugador de Chacarita Juniors, Nueva Chicago y All Boys, entre otros.<\/p>\n<p>Argentina logr\u00f3 la clasificaci\u00f3n por su condici\u00f3n de organizador ante la decisi\u00f3n de la FIFA de retirarle ese rol a Indonesia, por cuestiones pol\u00edticas. El equipo de Mascherano se qued\u00f3 afuera en el Sudamericano de Colombia (finaliz\u00f3 s\u00e9ptimo entre diez participantes), hecho que gener\u00f3 la renuncia del excapit\u00e1n del seleccionado argentino, quien finalmente revis\u00f3 su determinaci\u00f3n ante el llamado de Lionel Scaloni.<\/p>\n<p>\u00abNos toc\u00f3 de esta manera\u00bb, dijo Ferraro sobre esta situaci\u00f3n. \u00ab<strong>Hay que tratar de disfrutarlo. Ojal\u00e1 que a Mascherano le vaya bien.<\/strong> Y si lo pidieron otra vez y el propio Mascherano dio marcha atr\u00e1s para seguir, me parece b\u00e1rbaro porque se siente capacitado y con fuerzas, que es lo m\u00e1s importante\u00bb, agreg\u00f3 el ex entrenador de 77 de a\u00f1os.<\/p>\n<p>Para el exDT de Gimnasia de Jujuy y Col\u00f3n de Santa Fe, que el Mundial se desarrolle en suelo argentino \u00abes muy bueno\u00bb y desestim\u00f3 que se convierta en una presi\u00f3n para los jugadores.<\/p>\n<figure class=\"mb-3\"><img loading=\"lazy\" data-src=\"http:\/\/nuevacordoba.net\/wp-content\/uploads\/2023\/05\/pancho-ferraro-no-tengo-dudas-de-que-mascherano-formo-un-gran-plantel-1.jpg\" src=\"https:\/\/www.telam.com.ar\/assets\/img\/not_image.png\" class=\" lazy \" width=\"100%\" height=\"100%\" alt=\"Foto Archivo Tlam\"><figcaption> Foto: Archivo T\u00e9lam. <\/figcaption><\/figure>\n<p>\u00abYo creo que es muy lindo jugar ac\u00e1. La gente tiene que alentar. Ya lo vivimos en el 2001 (Argentina se consagr\u00f3 en el estadio de V\u00e9lez) y lo ganamos. Tenemos la experiencia y un recuerdo muy bueno\u00bb, apunt\u00f3 Ferraro.<\/p>\n<p>La gran conquista en Holanda 2005, que lo tuvo como entrenador de Lionel Messi y Sergio Ag\u00fcero, significa \u00abun momento de recuerdos gratos\u00bb para Ferraro.<\/p>\n<p>\u00abHubo que trabajar un par de meses para poder armar ese plantel. Pudimos sacar cosas del Sudamericano, con Hugo Tocalli, y en los cinco meses trabajamos para formar ese plantel y a medida que fueron pasando los partidos nos quedamos m\u00e1s tranquilos, porque el inicio fue malo. Despu\u00e9s apareci\u00f3 el equipo\u00bb, rememor\u00f3 Ferraro.<\/p>\n<p>Para el hincha, aquel torneo qued\u00f3 en la historia, no s\u00f3lo por el t\u00edtulo, el primero de Messi con el seleccionado argentino, sino porque el m\u00e1ximo goleador de la Argentina empez\u00f3 como suplente, relegado por Gustavo Oberman.<\/p>\n<p>\u00ab<strong>La gente siempre me recuerda que Messi no empez\u00f3 como titular ese torneo. Siempre digo que en la \u00faltima pr\u00e1ctica, el doctor Daniel Mart\u00ednez me dijo que ten\u00eda una peque\u00f1a molestia en el posterior, que no era grave, pero que le molestaba. Por eso no entr\u00f3.<\/strong> Lo que nunca me preguntan es por qu\u00e9 lo saqu\u00e9 en el partido con Alemania\u00bb, se\u00f1al\u00f3 Ferraro a T\u00e9lam.<\/p>\n<p>\u00abEn ese partido entr\u00f3 Ag\u00fcero por Oberman. El \u00abKun\u00bb generalmente entraba a los 15 o 20 minutos del segundo tiempo, pero lo echaron al \u00abChaco\u00bb (Juan Manuel) Torres, por doble amarilla, y tuve que poner a Lucas Biglia en lugar de Messi. Leo sali\u00f3, tuvimos una charla despu\u00e9s de la cena y me ofreci\u00f3 disculpas\u00bb, dijo Ferraro.<\/p>\n<p>\u00ab\u00c9l me dijo que quer\u00eda jugar y yo le dije que se quedara tranquilo conmigo, pero que no me lo hiciera m\u00e1s a m\u00ed y a ning\u00fan t\u00e9cnico, pero se lo hizo a todos. \u00c9l es as\u00ed, siempre quiere jugar\u00bb, expres\u00f3 \u00abPancho\u00bb ante T\u00e9lam.<\/p>\n<p><strong>Ferraro dirigi\u00f3 a un Messi de 18 a\u00f1os y, por supuesto, no se imagin\u00f3 semejante trayectoria<\/strong>: \u00abLo que me sorprende es c\u00f3mo se mantiene durante tantos a\u00f1os. En nivel de elite. Son muchos a\u00f1os siendo el mejor del mundo. Con el correr de los a\u00f1os lo disfrut\u00e9, como lo hago ahora. De cuando estuvo en Barcelona, en la Selecci\u00f3n y el Paris Saint-Germain (PSG). Ojal\u00e1 siga un tiempo m\u00e1s y sea feliz donde vaya\u00bb.<\/p>\n<p>A prop\u00f3sito del presente de Messi en PSG, donde recibe silbidos por parte de los \u00abultras\u00bb en los partidos como local, Ferraro fue directo: \u00abLos del PSG no entienden nada. Silbarlo a Messi es no entender nada del f\u00fatbol. Me gustar\u00eda que Messi siga jugando y que llegue al pr\u00f3ximo Mundial; el tema ser\u00e1 c\u00f3mo se sentir\u00e1 m\u00e1s adelante\u00bb.<\/p>\n<p>Ferraro, a sus 77 a\u00f1os, disfruta de su familia, que incluye varios nietos, en su domicilio porte\u00f1o. \u00abSiempre estuve ac\u00e1, aunque me toc\u00f3 dirigir bastante en el interior\u00bb, aclara. A su vez, neg\u00f3 un regreso al f\u00fatbol: \u00abYa est\u00e1 para m\u00ed, estoy bien as\u00ed\u00bb. <\/p>\n","protected":false},"excerpt":{"rendered":"<p>Foto: Archivo T\u00e9lam. Francisco \u00abPancho\u00bb Ferraro, DT campe\u00f3n con el seleccionado argentina Sub-20 en Holanda 2005, afirm\u00f3 que Javier Mascherano \u00abform\u00f3 un gran plantel\u00bb, a pesar de las bajas, para el Mundial de la categor\u00eda, que se realizar\u00e1 en la Argentina desde el pr\u00f3ximo s\u00e1bado 20 de mayo hasta el domingo 11 de junio. \u00abNo [&hellip;]<\/p>\n","protected":false},"author":1,"featured_media":32293,"comment_status":"closed","ping_status":"closed","sticky":false,"template":"","format":"standard","meta":[],"categories":[10],"tags":[],"_links":{"self":[{"href":"http:\/\/nuevacordoba.net\/index.php\/wp-json\/wp\/v2\/posts\/32292"}],"collection":[{"href":"http:\/\/nuevacordoba.net\/index.php\/wp-json\/wp\/v2\/posts"}],"about":[{"href":"http:\/\/nuevacordoba.net\/index.php\/wp-json\/wp\/v2\/types\/post"}],"author":[{"embeddable":true,"href":"http:\/\/nuevacordoba.net\/index.php\/wp-json\/wp\/v2\/users\/1"}],"replies":[{"embeddable":true,"href":"http:\/\/nuevacordoba.net\/index.php\/wp-json\/wp\/v2\/comments?post=32292"}],"version-history":[{"count":0,"href":"http:\/\/nuevacordoba.net\/index.php\/wp-json\/wp\/v2\/posts\/32292\/revisions"}],"wp:featuredmedia":[{"embeddable":true,"href":"http:\/\/nuevacordoba.net\/index.php\/wp-json\/wp\/v2\/media\/32293"}],"wp:attachment":[{"href":"http:\/\/nuevacordoba.net\/index.php\/wp-json\/wp\/v2\/media?parent=32292"}],"wp:term":[{"taxonomy":"category","embeddable":true,"href":"http:\/\/nuevacordoba.net\/index.php\/wp-json\/wp\/v2\/categories?post=32292"},{"taxonomy":"post_tag","embeddable":true,"href":"http:\/\/nuevacordoba.net\/index.php\/wp-json\/wp\/v2\/tags?post=32292"}],"curies":[{"name":"wp","href":"https:\/\/api.w.org\/{rel}","templated":true}]}}