{"id":32294,"date":"2023-05-16T16:04:49","date_gmt":"2023-05-16T16:04:49","guid":{"rendered":"http:\/\/nuevacordoba.net\/index.php\/2023\/05\/16\/argentina-sub-20-del-fracaso-a-la-ilusion-por-la-septima-copa-del-mundo\/"},"modified":"2023-05-16T16:04:49","modified_gmt":"2023-05-16T16:04:49","slug":"argentina-sub-20-del-fracaso-a-la-ilusion-por-la-septima-copa-del-mundo","status":"publish","type":"post","link":"http:\/\/nuevacordoba.net\/index.php\/2023\/05\/16\/argentina-sub-20-del-fracaso-a-la-ilusion-por-la-septima-copa-del-mundo\/","title":{"rendered":"Argentina Sub-20: del \u00abfracaso\u00bb a la ilusi\u00f3n por la s\u00e9ptima Copa del Mundo"},"content":{"rendered":"<figure class=\"mb-3\"><img loading=\"lazy\" data-src=\"http:\/\/nuevacordoba.net\/wp-content\/uploads\/2023\/05\/argentina-sub-20-del-fracaso-a-la-ilusion-por-la-septima-copa-del-mundo.jpg\" src=\"https:\/\/www.telam.com.ar\/assets\/img\/not_image.png\" class=\" lazy \" width=\"100%\" height=\"100%\" alt=\"El equipo argentino que qued afuera del Mundial Sub20 Argentina \"><figcaption> El equipo argentino que qued\u00f3 afuera del Mundial Sub-20 (@Argentina). <\/figcaption><\/figure>\n<p>El seleccionado argentino de f\u00fatbol Sub-20, dirigido por Javier Mascherano, pas\u00f3 de quedar afuera del Mundial tras un \u00abfracaso\u00bb en el torneo Sudamericano a ser el anfitri\u00f3n de la competencia y uno de los candidatos al s\u00e9ptimo t\u00edtulo de la categor\u00eda para nuestro pa\u00eds.<\/p>\n<p><strong>El equipo nacional debutar\u00e1 en la 23ra. edici\u00f3n de la Copa del Mundo el pr\u00f3ximo s\u00e1bado a las 18 en el estadio Madre de Ciudades de Santiago del Estero contra Uzbekist\u00e1n<\/strong>, el \u00faltimo campe\u00f3n de Asia, y pondr\u00e1 en marcha la ilusi\u00f3n de conquistar el trofeo como sucedi\u00f3 en 2001, la \u00faltima vez que la Argentina fue sede.<\/p>\n<p>En poco m\u00e1s de tres meses, el seleccionado juvenil pas\u00f3 de asumir el \u00abfracaso\u00bb, tal como lo defini\u00f3 Mascherano, por quedar afuera en la primera ronda del torneo Sudamericano disputado en Colombia (finaliz\u00f3 s\u00e9ptimo entre diez equipos) a quedarse por el cupo para el local y ser uno de los candidatos al t\u00edtulo.<\/p>\n<p>En el medio de ese lapso, Mascherano present\u00f3 su renuncia al cargo, la FIFA baj\u00f3 a Indonesia como sede del Mundial, la Argentina se candidate\u00f3 para organizar el torneo en tiempo r\u00e9cord y Lionel Scaloni tuvo un papel \u00abcrucial\u00bb para convencer al entrenador para que se haga cargo nuevamente del equipo.<\/p>\n<p><strong>Si bien es un torneo organizado por la FIFA desde 1977, los clubes no est\u00e1n obligados a ceder a sus futbolistas<\/strong> y Mascherano sufri\u00f3 de entrada la baja de tres importantes figuras: Alejandro Garnacho, de Manchester United; Facundo Buonanotte, de Brighton; y Nicol\u00e1s Paz, de Real Madrid.<\/p>\n<p>Buonanotte particip\u00f3 del Sudamericano pero se lesion\u00f3 en el primer partido contra Paraguay y volvi\u00f3 r\u00e1pidamente a Inglaterra, mientras que Paz, hijo de Pablo -exdefensor del seleccionado en Francia 1998- fue uno de los pocos puntos altos del equipo eliminado en la primera fase luego tres derrotas y un triunfo.<\/p>\n<p>El exvolante y referente mundialista en 2010, 2014 y 2018 finalmente conform\u00f3 la lista de 21 futbolistas con nueve integrantes del plantel que estuvo en Colombia a fines de enero: el arquero Federico Gomes Gerth (Tigre), los defensores Lautaro Di Lollo (Boca Juniors), Agust\u00edn Giay (San Lorenzo) y Valent\u00edn G\u00f3mez (V\u00e9lez Sarsfield), los mediocampistas M\u00e1ximo Perrone (Manchester City) y Gino Infantino (Rosario Central) y los delanteros Ignacio Maestro Puch (Atl\u00e9tico Tucum\u00e1n), Alejo V\u00e9liz (Rosario Central) y Brian Aguirre (Newell&#8217;s Old Boys).<\/p>\n<figure class=\"mb-3\"><img loading=\"lazy\" data-src=\"http:\/\/nuevacordoba.net\/wp-content\/uploads\/2023\/05\/argentina-sub-20-del-fracaso-a-la-ilusion-por-la-septima-copa-del-mundo-1.jpg\" src=\"https:\/\/www.telam.com.ar\/assets\/img\/not_image.png\" class=\" lazy \" width=\"100%\" height=\"100%\" alt=\"Javier Mascherano es el DT del seleccionado Sub20 AFP \"><figcaption> Javier Mascherano es el DT del seleccionado Sub-20 (AFP). <\/figcaption><\/figure>\n<p><strong>Pese a la rotaci\u00f3n de nombres, los \u00fanicos jugadores que no hab\u00edan formado parte del ciclo de Mascherano<\/strong> que arranc\u00f3 en enero de 2022 en lugar de Fernando \u00abBocha\u00bb Batista s<strong>on el defensor de Racing Club Tom\u00e1s Aviles, quien curiosamente disput\u00f3 el Sudamericano con el seleccionado de Chile, y los arqueros Nicol\u00e1s Cl\u00e1a, de Lan\u00fas, y Lucas Lavagnino, de River Plate.<\/strong><\/p>\n<p>Tras los dos amistosos de preparaci\u00f3n que se disputaron en el predio Lionel Andr\u00e9s Messi de Ezeiza se confirm\u00f3 que Mascherano repetir\u00e1 el esquema que utiliz\u00f3 en el Sudamericano con Gomes Gerth, \u00fanico sparring de la \u00abScaloneta\u00bb en Qatar 2022, como arquero titular, cuatro defensores, tres mediocampistas y tres delanteros.<\/p>\n<p>El lateral derecho y capit\u00e1n del equipo ser\u00e1 Giay y del otro lado estar\u00e1 Valent\u00edn Barco, quien volvi\u00f3 a ser considerado luego de la lesi\u00f3n que lo dej\u00f3 afuera del Sudamericano y por el gran nivel que mostr\u00f3 en sus \u00faltimos partidos en Boca Juniors.<\/p>\n<p>El \u00abColo\u00bb, elegido figura del torneo L&#8217;Alcudia de Espa\u00f1a que gan\u00f3 el equipo de Mascherano en julio del a\u00f1o pasado, pelear\u00e1 el puesto con Rom\u00e1n Vega, el ex Argentinos Juniors que juega en Barcelona B.<\/p>\n<p>La zaga central ser\u00e1 la misma que jug\u00f3 en Colombia con Di Lollo, uno de los pocos del plantel que todav\u00eda no tiene rodaje en Primera Divisi\u00f3n, junto a Valent\u00edn G\u00f3mez, habitual titular en la defensa del \u00abFort\u00edn\u00bb.<\/p>\n<p>En el mediocampo estar\u00e1n M\u00e1ximo Perrone, quien fue vendido a Manchester City durante el Sudamericano, junto a un futbolista con caracter\u00edsticas m\u00e1s ofensivas como Valent\u00edn Carboni -como Nico Paz- y otro con buena t\u00e9cnica pero con obligaciones defensivas como Mateo Tanlongo, el ex Rosario Central que pas\u00f3 a Sporting de Portugal, o Ignacio Miram\u00f3n, de Gimnasia y Esgrima La Plata.<\/p>\n<p>En ese sector tambi\u00e9n hay futbolistas interesantes de recambio como Federico Redondo, ya afianzado en Argentinos Juniors, e Infantino, con m\u00e1s de 50 partidos en la primera de Central.<\/p>\n<p>En la delantera hay dos jugadores que son fija para arrancar: el actual goleador del \u00abcanalla\u00bb, Alejo V\u00e9liz, como centrodelantero y Mat\u00edas Soul\u00e9, el talentoso futbolista que juega a menudo en Juventus junto a Leandro Paredes y \u00c1ngel Di Mar\u00eda.<\/p>\n<blockquote class=\"twitter-tweet\" readability=\"5.208\">\n<p lang=\"es\" dir=\"ltr\"><a href=\"https:\/\/twitter.com\/hashtag\/Sub20?src=hash&amp;ref_src=twsrc%5Etfw\">#Sub20<\/a> Te dejamos el compacto \ud83d\udcf9con los goles albicelestes \ud83c\udde6\ud83c\uddf7 ante <a href=\"https:\/\/twitter.com\/hashtag\/Jap%C3%B3n?src=hash&amp;ref_src=twsrc%5Etfw\">#Jap\u00f3n<\/a> \ud83c\uddef\ud83c\uddf5<\/p>\n<p>\u00a1Seguimos ajustando detalles para el inicio del <a href=\"https:\/\/twitter.com\/hashtag\/MundialSub20?src=hash&amp;ref_src=twsrc%5Etfw\">#MundialSub20<\/a>! <a href=\"https:\/\/t.co\/uEFwwnZf5k\">pic.twitter.com\/uEFwwnZf5k<\/a><\/p>\n<p>\u2014 \ud83c\udde6\ud83c\uddf7 Selecci\u00f3n Argentina \u2b50\u2b50\u2b50 (@Argentina) <a href=\"https:\/\/twitter.com\/Argentina\/status\/1658219981585145858?ref_src=twsrc%5Etfw\">May 15, 2023<\/a><\/p><\/blockquote>\n<p>El marplatense, que hizo divisiones inferiores en V\u00e9lez antes de irse a Italia y tambi\u00e9n es seguido de cerca por Scaloni para la mayor, es zurdo pero puede jugar tanto por derecha como por izquierda y hasta atr\u00e1s de un \u00ab9\u00bb en un esquema 4-2-3-1 que tambi\u00e9n es utilizado por el DT.<\/p>\n<p>Soul\u00e9 arranca con una leve ventaja sobre otro zurdo con experiencia europea como Luka Romero, de Lazio, que naci\u00f3 en M\u00e9xico pero decidi\u00f3 jugar para la Argentina por sus padres y ya est\u00e1 en la historia de LaLiga espa\u00f1ola por haber debutado con Mallorca a los 15 a\u00f1os y 229 d\u00edas.<\/p>\n<p>Para completar el tridente hay paridad entre dos extremos con caracter\u00edsticas similares que se destacan cada fin de semana en nuestra Liga Profesional: Aguirre, de Newell&#8217;s, y Juan Gauto, de Hurac\u00e1n.<\/p>\n<p><strong>Argentina, m\u00e1ximo ganador de la competencia con seis t\u00edtulos, es cabeza del grupo A<\/strong> y tambi\u00e9n enfrentar\u00e1 a Guatemala el 23 de mayo a las 18 en Santiago del Estero y luego se trasladar\u00e1 a San Juan para cerrar la primera fase con Nueva Zelanda, el viernes 26 a la misma hora.<\/p>\n<p>Los dos mejores de cada uno de los seis grupos clasificar\u00e1n a los octavos de final junto a los cuatro mejores terceros.<\/p>\n<p>Si Argentina pasa como l\u00edder jugar\u00e1 el 31 de mayo en San Juan contra uno de los terceros; si avanza volver\u00e1 a Santiago del Estero para disputar cuartos de final el 4 de junio; y las semifinales, el 8 de junio, y la final del 11 de junio ser\u00e1n en el estadio Diego Armando Maradona de La Plata. <\/p>\n","protected":false},"excerpt":{"rendered":"<p>El equipo argentino que qued\u00f3 afuera del Mundial Sub-20 (@Argentina). El seleccionado argentino de f\u00fatbol Sub-20, dirigido por Javier Mascherano, pas\u00f3 de quedar afuera del Mundial tras un \u00abfracaso\u00bb en el torneo Sudamericano a ser el anfitri\u00f3n de la competencia y uno de los candidatos al s\u00e9ptimo t\u00edtulo de la categor\u00eda para nuestro pa\u00eds. El [&hellip;]<\/p>\n","protected":false},"author":1,"featured_media":32295,"comment_status":"closed","ping_status":"closed","sticky":false,"template":"","format":"standard","meta":[],"categories":[10],"tags":[],"_links":{"self":[{"href":"http:\/\/nuevacordoba.net\/index.php\/wp-json\/wp\/v2\/posts\/32294"}],"collection":[{"href":"http:\/\/nuevacordoba.net\/index.php\/wp-json\/wp\/v2\/posts"}],"about":[{"href":"http:\/\/nuevacordoba.net\/index.php\/wp-json\/wp\/v2\/types\/post"}],"author":[{"embeddable":true,"href":"http:\/\/nuevacordoba.net\/index.php\/wp-json\/wp\/v2\/users\/1"}],"replies":[{"embeddable":true,"href":"http:\/\/nuevacordoba.net\/index.php\/wp-json\/wp\/v2\/comments?post=32294"}],"version-history":[{"count":0,"href":"http:\/\/nuevacordoba.net\/index.php\/wp-json\/wp\/v2\/posts\/32294\/revisions"}],"wp:featuredmedia":[{"embeddable":true,"href":"http:\/\/nuevacordoba.net\/index.php\/wp-json\/wp\/v2\/media\/32295"}],"wp:attachment":[{"href":"http:\/\/nuevacordoba.net\/index.php\/wp-json\/wp\/v2\/media?parent=32294"}],"wp:term":[{"taxonomy":"category","embeddable":true,"href":"http:\/\/nuevacordoba.net\/index.php\/wp-json\/wp\/v2\/categories?post=32294"},{"taxonomy":"post_tag","embeddable":true,"href":"http:\/\/nuevacordoba.net\/index.php\/wp-json\/wp\/v2\/tags?post=32294"}],"curies":[{"name":"wp","href":"https:\/\/api.w.org\/{rel}","templated":true}]}}