{"id":3233,"date":"2021-04-14T22:57:19","date_gmt":"2021-04-14T22:57:19","guid":{"rendered":"https:\/\/es.digitaltrends.com\/?p=804343"},"modified":"2021-04-14T22:57:19","modified_gmt":"2021-04-14T22:57:19","slug":"rapidos-y-furiosos-9-revela-vertiginoso-nuevo-trailer","status":"publish","type":"post","link":"http:\/\/nuevacordoba.net\/index.php\/2021\/04\/14\/rapidos-y-furiosos-9-revela-vertiginoso-nuevo-trailer\/","title":{"rendered":"R\u00e1pidos y Furiosos 9 revela vertiginoso nuevo tr\u00e1iler"},"content":{"rendered":"<div><img src=\"http:\/\/nuevacordoba.net\/wp-content\/uploads\/2021\/04\/rapidos-y-furiosos-9-revela-vertiginoso-nuevo-trailer.jpg\" class=\"ff-og-image-inserted\"><\/div>\n<p><em><a href=\"https:\/\/es.digitaltrends.com\/entretenimiento\/rapido-furioso-fin\/\">R\u00e1pidos y Furiosos 9<\/a><\/em> por fin tiene un tr\u00e1iler nuevo, que llega casi un a\u00f1o despu\u00e9s del que iba a ser el estreno original de la cinta, programado para el lejano mayo de 2020.<\/p>\n<p>De hecho, el primer adelanto de esta esperada pel\u00edcula pudimos conocerlo hace bastante tiempo, en espec\u00edfico en enero de 2020, cuando a\u00fan no alcanz\u00e1bamos a vislumbrar la magnitud de la pandemia, responsable del aplazamiento de varias pel\u00edculas.<\/p>\n<p>Tal como nos tiene acostumbrados esta popular franquicia, en el nuevo adelanto se puede apreciar una buena dosis de acci\u00f3n, carreras entre autos y secuencias que sencillamente desaf\u00edan las leyes de la f\u00edsica. Algo que, sin duda, ser\u00e1 bien recibido por los fan\u00e1ticos m\u00e1s leales de esta seguidilla de pel\u00edculas.<\/p>\n<p>Este nuevo filme tambi\u00e9n marcar\u00e1 el regreso de varios rostros conocidos, como Dominic Toretto (Vin Diesel), Letty Ortiz (Michelle Rodr\u00edguez), Roman Pearce (Tyrese Gibson), Tej Parker (Ludacris) y Magdalene Shaw (Helen Mirren).<\/p>\n<p>Te va a interesar:<br \/>\u2022 <a href=\"https:\/\/es.digitaltrends.com\/cine\/netflix-mejores-peliculas\/\">Las mejores pel\u00edculas en Netflix<\/a><br \/>\u2022 <a href=\"https:\/\/es.digitaltrends.com\/entretenimiento\/mejores-peliculas-amazon-prime\/\">Las mejores pel\u00edculas en Amazon Prime Video<\/a><br \/>\u2022 <a href=\"https:\/\/es.digitaltrends.com\/entretenimiento\/mejores-peliculas-hbo\/\">Las mejores pel\u00edculas en HBO y HBO Max<\/a><br \/>\u2022 <a href=\"https:\/\/es.digitaltrends.com\/cine\/mejores-peliculas-disney-plus\/\">Las mejores pel\u00edculas en Disney+<\/a><\/p>\n<p>Esta producci\u00f3n comenzar\u00e1 a dibujar el cierre definitivo de la saga, que a\u00fan contempla dos pel\u00edculas m\u00e1s luego de 20 a\u00f1os liderando los \u00edndices de audiencia (la primera cinta fue estrenada en 2001).<\/p>\n<p>En esta ocasi\u00f3n el antagonista de la historia ser\u00e1 el luchador John Cena, que encarna al hermano menor de Toretto. La trama tambi\u00e9n contar\u00e1 con el regreso de Han junto a los personajes ya mencionados.<\/p>\n<p>Por ahora, la fecha oficial de este estreno ser\u00eda el 25 de junio en Estados Unidos, por lo menos en aquellos cines que s\u00ed pueden recibir p\u00fablico, siempre y cuando la emergencia sanitaria lo permita.<\/p>\n<p><iframe title=\"YouTube video player\" src=\"https:\/\/www.youtube.com\/embed\/fEE4RO-_jug\" width=\"560\" height=\"315\" frameborder=\"0\" allowfullscreen=\"allowfullscreen\">[embedded content]<\/iframe><\/p>\n<p>M\u00e1s streaming: <a href=\"https:\/\/es.digitaltrends.com\/netflix\/\">Netflix<\/a> | <a href=\"https:\/\/es.digitaltrends.com\/topic\/hulu\/\">Hulu<\/a> | <a href=\"https:\/\/es.digitaltrends.com\/topic\/disney-plus\/\">Disney Plus<\/a> |<a href=\"https:\/\/es.digitaltrends.com\/topic\/hbo\/\">HBO<\/a> | <a href=\"https:\/\/es.digitaltrends.com\/topic\/amazon-prime-video\/\">Amazon Prime<\/a><\/p>\n<h4 class=\"h-editors-recs-title\"> Recomendaciones del editor\t<\/h4>\n<p> <span id=\"publisher-md\" itemprop=\"publisher\" itemscope itemtype=\"https:\/\/schema.org\/Organization\"> <span itemprop=\"url\" itemtype=\"https:\/\/schema.org\/Url\" content=\"https:\/\/es.digitaltrends.com\"> <span itemprop=\"logo\" itemscope itemtype=\"https:\/\/schema.org\/ImageObject\"> <meta itemprop=\"url\" content=\"https:\/\/cdn.dtcn.com\/dt\/dt-logo-small.png\"> <meta itemprop=\"width\" content=\"0\"> <meta itemprop=\"height\" content=\"0\"> <\/span> <meta itemprop=\"name\" content=\"Digital Trends Espa\u00f1ol\"> <\/span> <span itemprop=\"image\" itemscope itemtype=\"https:\/\/schema.org\/ImageObject\"> <meta itemprop=\"url\" content=\"https:\/\/img.dtcn.com\/image\/digitaltrends_es\/15840382283314.jpg\"> <\/span> <\/span><\/p>\n","protected":false},"excerpt":{"rendered":"<p>R\u00e1pidos y Furiosos 9 por fin tiene un tr\u00e1iler nuevo, que llega casi un a\u00f1o despu\u00e9s del que iba a ser el estreno original de la cinta, programado para el lejano mayo de 2020. De hecho, el primer adelanto de esta esperada pel\u00edcula pudimos conocerlo hace bastante tiempo, en espec\u00edfico en enero de 2020, cuando [&hellip;]<\/p>\n","protected":false},"author":1,"featured_media":3234,"comment_status":"open","ping_status":"closed","sticky":false,"template":"","format":"standard","meta":[],"categories":[7],"tags":[],"_links":{"self":[{"href":"http:\/\/nuevacordoba.net\/index.php\/wp-json\/wp\/v2\/posts\/3233"}],"collection":[{"href":"http:\/\/nuevacordoba.net\/index.php\/wp-json\/wp\/v2\/posts"}],"about":[{"href":"http:\/\/nuevacordoba.net\/index.php\/wp-json\/wp\/v2\/types\/post"}],"author":[{"embeddable":true,"href":"http:\/\/nuevacordoba.net\/index.php\/wp-json\/wp\/v2\/users\/1"}],"replies":[{"embeddable":true,"href":"http:\/\/nuevacordoba.net\/index.php\/wp-json\/wp\/v2\/comments?post=3233"}],"version-history":[{"count":0,"href":"http:\/\/nuevacordoba.net\/index.php\/wp-json\/wp\/v2\/posts\/3233\/revisions"}],"wp:featuredmedia":[{"embeddable":true,"href":"http:\/\/nuevacordoba.net\/index.php\/wp-json\/wp\/v2\/media\/3234"}],"wp:attachment":[{"href":"http:\/\/nuevacordoba.net\/index.php\/wp-json\/wp\/v2\/media?parent=3233"}],"wp:term":[{"taxonomy":"category","embeddable":true,"href":"http:\/\/nuevacordoba.net\/index.php\/wp-json\/wp\/v2\/categories?post=3233"},{"taxonomy":"post_tag","embeddable":true,"href":"http:\/\/nuevacordoba.net\/index.php\/wp-json\/wp\/v2\/tags?post=3233"}],"curies":[{"name":"wp","href":"https:\/\/api.w.org\/{rel}","templated":true}]}}