{"id":32353,"date":"2023-05-17T13:15:25","date_gmt":"2023-05-17T13:15:25","guid":{"rendered":"https:\/\/www.ole.com.ar\/autos\/gran-premio-emilia-romagna-suspendio-lluvia-torrencial-inundacion-fia-gp-comunicado-oficial_0_oMzCmfAH9Y.html"},"modified":"2023-05-17T13:15:25","modified_gmt":"2023-05-17T13:15:25","slug":"no-se-corre-la-fia-suspendio-el-gran-premio-de-emilia-romagna","status":"publish","type":"post","link":"http:\/\/nuevacordoba.net\/index.php\/2023\/05\/17\/no-se-corre-la-fia-suspendio-el-gran-premio-de-emilia-romagna\/","title":{"rendered":"No se corre: la FIA suspendi\u00f3 el Gran Premio de Emilia Romagna"},"content":{"rendered":"<p><time class=\"createDate\" datetime=\"2023-05-17T10:15:25-03:00\">17\/05\/2023 10:15hs.<\/time><time class=\"modificatedDate\" datetime=\"2023\/05\/17T10:15:24-03:00\"><\/time><\/p>\n<div id=\"storyBody\">\n<div class=\"custom-text \" readability=\"32.133333333333\">\n<p>Y al final, no se corre. Despu\u00e9s de una reuni\u00f3n urgente entre la FIA y el gobierno italiano,<strong> se ha decidido suspender definitivamente el <\/strong><a href=\"https:\/\/www.ole.com.ar\/tema\/gran-premio-de-emilia-romagna.html\" title=\"Gran Premio de Emilia Romagna\" alt=\"Gran Premio de Emilia Romagna\" class=\"slug\"><strong>Gran Premio de Emilia Romagna<\/strong><\/a><strong> debido a las lluvias torrenciales e inundaciones<\/strong> que azotan parte de la zona norte del pa\u00eds europeo. <\/p>\n<\/div>\n<div class=\"sc-a7166897-0 exHLBh\" readability=\"6\">\n<section readability=\"2\"><picture><img alt=\"F\u00f3rmula 1: alerta roja y evacuaci\u00f3n en Imola a d\u00edas del Gran Premio\" src=\"http:\/\/nuevacordoba.net\/wp-content\/uploads\/2023\/05\/no-se-corre-la-fia-suspendio-el-gran-premio-de-emilia-romagna.jpg\" width=\"29\" height=\"29\" decoding=\"async\" data-nimg=\"future\" loading=\"lazy\"><\/picture>\n<p><span>Mir\u00e1 tambi\u00e9n<\/span><\/p>\n<hr>\n<h3>F\u00f3rmula 1: alerta roja y evacuaci\u00f3n en Imola a d\u00edas del Gran Premio<\/h3>\n<\/p>\n<\/section>\n<\/div>\n<div class=\"custom-text \" readability=\"31.296442687747\">\n<p>A trav\u00e9s de un comunicado oficial, la <strong>Federaci\u00f3n Internacional del Autom\u00f3vil<\/strong> <strong>anunci\u00f3 la cancelaci\u00f3n del <\/strong><a href=\"https:\/\/www.ole.com.ar\/tema\/gp-imola.html\" title=\"GP Imola\" alt=\"GP Imola\" class=\"slug\"><strong>GP de Imola<\/strong><\/a>, una carrera que se festeja desde el a\u00f1o 2020 y tuvo un total de dos ganadores: <a href=\"https:\/\/www.ole.com.ar\/tema\/lewis-hamilton.html\" title=\"Lewis Hamilton\" alt=\"Lewis Hamilton\" class=\"slug\"><strong>Lewis Hamilton<\/strong><\/a> (2020) y <a href=\"https:\/\/www.ole.com.ar\/tema\/max-verstappen.html\" title=\"Max Verstappen\" alt=\"Max Verstappen\" class=\"slug\"><strong>Max Verstappen<\/strong><\/a> (2021,2022).<\/p>\n<\/div>\n<div class=\"custom-text \" readability=\"36\">\n<p> Pese a los enormes esfuerzos de la organizaci\u00f3n, <strong>no hubo otra opci\u00f3n que anular la competencia por las terribles inundaciones<\/strong>, que provocaban constantes evacuaciones de las instalaciones e imped\u00edan trabajar tanto a los mec\u00e1nicos como los transportistas de cada equipo constructor.<\/p>\n<\/div>\n<div class=\"sc-e7b891c4-0 jPbnQF\"><img alt=\"Se suspendi\u00f3 el GP de Imola. (AP)\" src=\"http:\/\/nuevacordoba.net\/wp-content\/uploads\/2023\/05\/no-se-corre-la-fia-suspendio-el-gran-premio-de-emilia-romagna-1.jpg\" width=\"72\" height=\"10\" decoding=\"async\" data-nimg=\"future\" loading=\"lazy\"><span class=\"epigraphe\">Se suspendi\u00f3 el GP de Imola. (AP)<\/span><\/div>\n<div class=\"custom-text \" readability=\"39\">\n<p>De hecho, antes del lanzamiento del comunicado, el <strong>viceprimer ministro italiano, Matteo Salvini<\/strong>, se hab\u00eda mostrado preocupado por la situaci\u00f3n clim\u00e1tica y solicitaba una r\u00e1pida resoluci\u00f3n de la FIA: \u00ab<strong>El aplazamiento del Gran Premio de Imola es lo adecuado ante la emergencia por mal tiempo que azota a Emilia-Romagna<\/strong>\u00ab.<\/p>\n<\/div>\n<div class=\"custom-text \" readability=\"36\">\n<p>\u00abDediqu\u00e9monos a los rescates. <strong>En esta fase hay que concentrar todos los esfuerzos para hacer frente a la emergencia<\/strong>, evitando tambi\u00e9n sobrecargas de tr\u00e1fico en una zona muy afectada. <strong>Buscaremos otra fecha y los fans lo entender\u00e1n<\/strong>\u00ab, agreg\u00f3. <\/p>\n<\/div>\n<div class=\"sc-e7b891c4-0 jPbnQF\"><img alt=\"Se suspendi\u00f3 el GP de Imola. (AP)\" src=\"http:\/\/nuevacordoba.net\/wp-content\/uploads\/2023\/05\/no-se-corre-la-fia-suspendio-el-gran-premio-de-emilia-romagna-2.jpg\" width=\"72\" height=\"10\" decoding=\"async\" data-nimg=\"future\" loading=\"lazy\"><span class=\"epigraphe\">Se suspendi\u00f3 el GP de Imola. (AP)<\/span><\/div>\n<div class=\"custom-text \" readability=\"41.108280254777\">\n<p>El punto l\u00edmite de la situaci\u00f3n lleg\u00f3 este mi\u00e9rcoles, cuando <strong>las autoridades le pidieron a todo el personal del campeonato que ni se acerquen al aut\u00f3dromo<\/strong> <strong>Enzo y Dino Ferrari<\/strong>, donde, por otra parte, ya estaba todo el material listo para comenzar con la competici\u00f3n. \u00ab<strong>Por favor, qu\u00e9dense en sus hoteles y eviten las carreteras y los viajes, por favor<\/strong>\u00ab, expresaba el aviso realizado por la organizaci\u00f3n de la carrera hacia los medios y el personal de la <a href=\"https:\/\/www.ole.com.ar\/tema\/formula-1.html\" title=\"F\u00f3rmula 1\" alt=\"F\u00f3rmula 1\" class=\"slug\"><strong>F\u00f3rmula 1<\/strong><\/a>. <\/p>\n<\/div>\n<p><h2>El comunicado oficial<\/h2>\n<\/p>\n<div class=\"sc-e7b891c4-0 jPbnQF\"><img alt=\"Se suspendi\u00f3 el GP de Imola. (EFE)\" src=\"http:\/\/nuevacordoba.net\/wp-content\/uploads\/2023\/05\/no-se-corre-la-fia-suspendio-el-gran-premio-de-emilia-romagna-3.jpg\" width=\"72\" height=\"10\" decoding=\"async\" data-nimg=\"future\" loading=\"lazy\"><span class=\"epigraphe\">Se suspendi\u00f3 el GP de Imola. (EFE)<\/span><\/div>\n<div class=\"custom-text \" readability=\"35\">\n<p>\u00abLa comunidad de la F\u00f3rmula 1 quiere enviar su apoyo a las personas y comunidades afectadas por los recientes acontecimientos en la regi\u00f3n de Emilia Romagna. Tambi\u00e9n queremos rendir homenaje a la labor de los servicios de emergencia que est\u00e1n haciendo todo lo posible para ayudar a los necesitados\u00bb.<\/p>\n<\/div>\n<div class=\"custom-text \" readability=\"42\">\n<p>\u00abTras las conversaciones mantenidas entre la F\u00f3rmula 1, el presidente de la FIA, las autoridades competentes, incluidos los ministros pertinentes, el presidente del Autom\u00f3vil Club de Italia, el presidente de la regi\u00f3n de Emilia Romagna, el alcalde de la ciudad y el promotor, se ha tomado la decisi\u00f3n de no seguir adelante con el fin de semana del Gran Premio en Imola\u00bb.<\/p>\n<\/div>\n<div class=\"sc-a7166897-0 exHLBh\" readability=\"6\">\n<section readability=\"2\"><picture><img alt=\"Canapino: &quot;Pens\u00e9 que a la segunda carrera me iban a mandar a Arrecifes de vuelta&quot;\" src=\"http:\/\/nuevacordoba.net\/wp-content\/uploads\/2023\/05\/no-se-corre-la-fia-suspendio-el-gran-premio-de-emilia-romagna-4.jpg\" width=\"29\" height=\"29\" decoding=\"async\" data-nimg=\"future\" loading=\"lazy\"><\/picture>\n<p><span>Mir\u00e1 tambi\u00e9n<\/span><\/p>\n<hr>\n<h3>Canapino: \u00abPens\u00e9 que a la segunda carrera me iban a mandar a Arrecifes de vuelta\u00bb<\/h3>\n<\/p>\n<\/section>\n<\/div>\n<div class=\"custom-text \" readability=\"37\">\n<p>\u00abLa decisi\u00f3n se ha tomado porque no es posible celebrar el evento con seguridad para nuestros aficionados, los equipos y nuestro personal, y es lo correcto y responsable dada la situaci\u00f3n a la que se enfrentan las ciudades de la regi\u00f3n. No ser\u00eda correcto presionar a\u00fan m\u00e1s a las autoridades locales y a los servicios de emergencia en estos dif\u00edciles momentos\u00bb.<\/p>\n<\/div>\n<p><h2>La grave situaci\u00f3n clim\u00e1tica<\/h2>\n<\/p>\n<div class=\"sc-e7b891c4-0 jPbnQF\"><img alt=\"Las inundaciones en la regi\u00f3n de Emilia Romagna. (AFP)\" src=\"http:\/\/nuevacordoba.net\/wp-content\/uploads\/2023\/05\/no-se-corre-la-fia-suspendio-el-gran-premio-de-emilia-romagna-5.jpg\" width=\"72\" height=\"10\" decoding=\"async\" data-nimg=\"future\" loading=\"lazy\"><span class=\"epigraphe\">Las inundaciones en la regi\u00f3n de Emilia Romagna. (AFP)<\/span><\/div>\n<div class=\"custom-text \" readability=\"36\">\n<p>Seg\u00fan los dicho por Luca Lombardo, meteor\u00f3logo italiano del Observatorio Geof\u00edsico de la Universidad de M\u00f3dena y Reggio, lo que ocurre en Emilia Romagna <strong>\u00abes la peor tormenta de mayo dentro de esta zona en 30 a\u00f1os\u00bb<\/strong>.<\/p>\n<\/div>\n<div class=\"custom-text \" readability=\"38\">\n<p>Adem\u00e1s,<strong> todos los pilotos deber\u00e1n permanecer en sus instalaciones hasta el viernes 19 de mayo<\/strong>, d\u00eda en el que se espera una posibilidad de realizar una salida a\u00e9rea ya que, t\u00e9cnicamente, <strong>se estima una baja de la intensidad del cicl\u00f3n apodado como Minerva<\/strong> que comenzar\u00e1 este jueves.<\/p>\n<\/div>\n<div class=\"sc-e7b891c4-0 jPbnQF\"><img alt=\"Las inundaciones en la regi\u00f3n de Emilia Romagna. (AFP)\" src=\"http:\/\/nuevacordoba.net\/wp-content\/uploads\/2023\/05\/no-se-corre-la-fia-suspendio-el-gran-premio-de-emilia-romagna-6.jpg\" width=\"72\" height=\"10\" decoding=\"async\" data-nimg=\"future\" loading=\"lazy\"><span class=\"epigraphe\">Las inundaciones en la regi\u00f3n de Emilia Romagna. (AFP)<\/span><\/div>\n<div class=\"custom-text \" readability=\"37\">\n<p>No obstante, <strong>existe un miedo generalizado relacionado a un colapso del R\u00edo Santerno<\/strong> o de las carreteras y accesos, debido a que el problema mayor es precisamente el enorme p\u00fablico, que arribar\u00e1 al circuito en los pr\u00f3ximos d\u00edas.<\/p>\n<\/div>\n<div class=\"sc-a7166897-0 exHLBh\" readability=\"6\">\n<section readability=\"2\"><picture><img alt=\"\u00bfC\u00f3mo ser\u00e1 el cronograma de Canapino de cara a las 500 Millas de Indian\u00e1polis?\" src=\"http:\/\/nuevacordoba.net\/wp-content\/uploads\/2023\/05\/no-se-corre-la-fia-suspendio-el-gran-premio-de-emilia-romagna-7.jpg\" width=\"29\" height=\"29\" decoding=\"async\" data-nimg=\"future\" loading=\"lazy\"><\/picture>\n<p><span>Mir\u00e1 tambi\u00e9n<\/span><\/p>\n<hr>\n<h3>\u00bfC\u00f3mo ser\u00e1 el cronograma de Canapino de cara a las 500 Millas de Indian\u00e1polis?<\/h3>\n<\/p>\n<\/section>\n<\/div>\n<div class=\"custom-text \" readability=\"40.629080118694\">\n<p>Por otro lado, <strong>las localidades vecinas, como Faenza, Cesena y Forl<\/strong>, suspendieron los colegios, cerraron las l\u00edneas f\u00e9rreas, evacuaron a miles de habitantes y <strong>sufrieron el fallecimiento de algunas personas<\/strong>. A causa de ello,<strong> la propia sede de <\/strong><a href=\"https:\/\/www.ole.com.ar\/tema\/alpha-tauri.html\" title=\"Alpha Tauri\" alt=\"Alpha Tauri\" class=\"slug\"><strong>Alpha Tauri<\/strong><\/a><strong> (Faenza) ha abierto un canal de ayuda<\/strong> a los afectados dentro de sus instalaciones.<\/p>\n<\/div>\n<\/div>\n","protected":false},"excerpt":{"rendered":"<p>17\/05\/2023 10:15hs. Y al final, no se corre. Despu\u00e9s de una reuni\u00f3n urgente entre la FIA y el gobierno italiano, se ha decidido suspender definitivamente el Gran Premio de Emilia Romagna debido a las lluvias torrenciales e inundaciones que azotan parte de la zona norte del pa\u00eds europeo. Mir\u00e1 tambi\u00e9n F\u00f3rmula 1: alerta roja y [&hellip;]<\/p>\n","protected":false},"author":1,"featured_media":32354,"comment_status":"closed","ping_status":"closed","sticky":false,"template":"","format":"standard","meta":[],"categories":[10],"tags":[],"_links":{"self":[{"href":"http:\/\/nuevacordoba.net\/index.php\/wp-json\/wp\/v2\/posts\/32353"}],"collection":[{"href":"http:\/\/nuevacordoba.net\/index.php\/wp-json\/wp\/v2\/posts"}],"about":[{"href":"http:\/\/nuevacordoba.net\/index.php\/wp-json\/wp\/v2\/types\/post"}],"author":[{"embeddable":true,"href":"http:\/\/nuevacordoba.net\/index.php\/wp-json\/wp\/v2\/users\/1"}],"replies":[{"embeddable":true,"href":"http:\/\/nuevacordoba.net\/index.php\/wp-json\/wp\/v2\/comments?post=32353"}],"version-history":[{"count":0,"href":"http:\/\/nuevacordoba.net\/index.php\/wp-json\/wp\/v2\/posts\/32353\/revisions"}],"wp:featuredmedia":[{"embeddable":true,"href":"http:\/\/nuevacordoba.net\/index.php\/wp-json\/wp\/v2\/media\/32354"}],"wp:attachment":[{"href":"http:\/\/nuevacordoba.net\/index.php\/wp-json\/wp\/v2\/media?parent=32353"}],"wp:term":[{"taxonomy":"category","embeddable":true,"href":"http:\/\/nuevacordoba.net\/index.php\/wp-json\/wp\/v2\/categories?post=32353"},{"taxonomy":"post_tag","embeddable":true,"href":"http:\/\/nuevacordoba.net\/index.php\/wp-json\/wp\/v2\/tags?post=32353"}],"curies":[{"name":"wp","href":"https:\/\/api.w.org\/{rel}","templated":true}]}}