{"id":32378,"date":"2023-05-18T16:11:21","date_gmt":"2023-05-18T16:11:21","guid":{"rendered":"http:\/\/nuevacordoba.net\/index.php\/2023\/05\/18\/no-tengo-intenciones-de-jugar-los-proximos-meses-tengo-que-regenerar-mi-cuerpo\/"},"modified":"2023-05-18T16:11:21","modified_gmt":"2023-05-18T16:11:21","slug":"no-tengo-intenciones-de-jugar-los-proximos-meses-tengo-que-regenerar-mi-cuerpo","status":"publish","type":"post","link":"http:\/\/nuevacordoba.net\/index.php\/2023\/05\/18\/no-tengo-intenciones-de-jugar-los-proximos-meses-tengo-que-regenerar-mi-cuerpo\/","title":{"rendered":"\u00abNo tengo intenciones de jugar los pr\u00f3ximos meses, tengo que regenerar mi cuerpo\u00bb"},"content":{"rendered":"<figure class=\"mb-3\"><img loading=\"lazy\" data-src=\"http:\/\/nuevacordoba.net\/wp-content\/uploads\/2023\/05\/no-tengo-intenciones-de-jugar-los-proximos-meses-tengo-que-regenerar-mi-cuerpo.jpg\" src=\"https:\/\/www.telam.com.ar\/assets\/img\/not_image.png\" class=\" lazy \" width=\"100%\" height=\"100%\" alt=\"Nadal Foto AFP\"><figcaption> Nadal. \/ Foto: AFP. <\/figcaption><\/figure>\n<p><strong>El tenista espa\u00f1ol<\/strong> Rafael Nadal, 14 veces campe\u00f3n de Roland Garros, <strong>anunci\u00f3<\/strong> este jueves <strong>que no jugar\u00e1 la edici\u00f3n de 2023 de este torneo<\/strong>&nbsp;que se desarrollar\u00e1 en Par\u00eds desde el 28 de mayo al 11 de junio pr\u00f3ximo, <strong>a ra\u00edz de la lesi\u00f3n que lo afecta desde febrero pasado.<\/strong><\/p>\n<p>\u00abNo tengo intenciones de jugar los pr\u00f3ximos meses. No tengo fecha de regreso. Tengo que regenerar mi cuerpo\u00bb, anunci\u00f3 &#8216;Rafa&#8217;, de 36 a\u00f1os, en una rueda de prensa que ofreci\u00f3 en la academia de tenis que posee en Palma de Mallorca, su ciudad natal.<\/p>\n<blockquote class=\"twitter-tweet\" readability=\"6.894495412844\">\n<p lang=\"es\" dir=\"ltr\">\u00abNo jugar\u00e9 <a href=\"https:\/\/twitter.com\/hashtag\/RolandGarros?src=hash&amp;ref_src=twsrc%5Etfw\">#RolandGarros<\/a>, no jugar\u00e9 por unos meses y si vuelvo, el el a\u00f1o que viene ser\u00e1 mi \u00faltimo a\u00f1o\u201d, Rafael Nadal en conferencia de prensa. <a href=\"https:\/\/t.co\/w6g49HuFUs\">pic.twitter.com\/w6g49HuFUs<\/a><\/p>\n<p>\u2014 ESPN Tenis (@ESPNtenis) <a href=\"https:\/\/twitter.com\/ESPNtenis\/status\/1659199976436826120?ref_src=twsrc%5Etfw\">May 18, 2023<\/a><\/p><\/blockquote>\n<p>\u00abMe gustar\u00eda llegar a la Copa Davis de este a\u00f1o y tambi\u00e9n preparar el a\u00f1o que viene, que probablemente sea el \u00faltimo de mi carrera. Puedo tener ilusiones e intenciones pero, despu\u00e9s, el destino lo rigen cosas que uno no puede controlar\u00bb, a\u00f1adi\u00f3 apesadumbrado el mejor tenista de la historia sobre superficie de polvo de ladrillo y due\u00f1o de 22 t\u00edtulos de Grand Slam, r\u00e9cord que comparte con el serbio Novak Djokovic.<\/p>\n<p>El tenista espa\u00f1ol padece una rotura de grado 2 en el psoas il\u00edaco de la pierna izquierda que lo mantiene inactivo desde hace 120 d\u00edas, cuando perdi\u00f3 en la segunda ronda del Abierto de Australia con el estadounidense Mackenzie McDonald. <\/p>\n","protected":false},"excerpt":{"rendered":"<p>Nadal. \/ Foto: AFP. El tenista espa\u00f1ol Rafael Nadal, 14 veces campe\u00f3n de Roland Garros, anunci\u00f3 este jueves que no jugar\u00e1 la edici\u00f3n de 2023 de este torneo&nbsp;que se desarrollar\u00e1 en Par\u00eds desde el 28 de mayo al 11 de junio pr\u00f3ximo, a ra\u00edz de la lesi\u00f3n que lo afecta desde febrero pasado. \u00abNo tengo [&hellip;]<\/p>\n","protected":false},"author":1,"featured_media":32379,"comment_status":"closed","ping_status":"closed","sticky":false,"template":"","format":"standard","meta":[],"categories":[10],"tags":[],"_links":{"self":[{"href":"http:\/\/nuevacordoba.net\/index.php\/wp-json\/wp\/v2\/posts\/32378"}],"collection":[{"href":"http:\/\/nuevacordoba.net\/index.php\/wp-json\/wp\/v2\/posts"}],"about":[{"href":"http:\/\/nuevacordoba.net\/index.php\/wp-json\/wp\/v2\/types\/post"}],"author":[{"embeddable":true,"href":"http:\/\/nuevacordoba.net\/index.php\/wp-json\/wp\/v2\/users\/1"}],"replies":[{"embeddable":true,"href":"http:\/\/nuevacordoba.net\/index.php\/wp-json\/wp\/v2\/comments?post=32378"}],"version-history":[{"count":0,"href":"http:\/\/nuevacordoba.net\/index.php\/wp-json\/wp\/v2\/posts\/32378\/revisions"}],"wp:featuredmedia":[{"embeddable":true,"href":"http:\/\/nuevacordoba.net\/index.php\/wp-json\/wp\/v2\/media\/32379"}],"wp:attachment":[{"href":"http:\/\/nuevacordoba.net\/index.php\/wp-json\/wp\/v2\/media?parent=32378"}],"wp:term":[{"taxonomy":"category","embeddable":true,"href":"http:\/\/nuevacordoba.net\/index.php\/wp-json\/wp\/v2\/categories?post=32378"},{"taxonomy":"post_tag","embeddable":true,"href":"http:\/\/nuevacordoba.net\/index.php\/wp-json\/wp\/v2\/tags?post=32378"}],"curies":[{"name":"wp","href":"https:\/\/api.w.org\/{rel}","templated":true}]}}