{"id":32412,"date":"2023-05-18T20:12:20","date_gmt":"2023-05-18T20:12:20","guid":{"rendered":"http:\/\/cordobanewsnet.wordpress.com\/2023\/05\/18\/cristina-kirchner-sera-la-principal-oradora-en-el-acto-del-25-de-mayo\/"},"modified":"2023-05-18T20:12:20","modified_gmt":"2023-05-18T20:12:20","slug":"cristina-kirchner-sera-la-principal-oradora-en-el-acto-del-25-de-mayo","status":"publish","type":"post","link":"http:\/\/nuevacordoba.net\/index.php\/2023\/05\/18\/cristina-kirchner-sera-la-principal-oradora-en-el-acto-del-25-de-mayo\/","title":{"rendered":"Cristina Kirchner ser\u00e1 la principal oradora en el acto del 25 de mayo"},"content":{"rendered":"<p><!-- \/featured-media --> <\/p>\n<div class=\"post-content clear\" readability=\"36.560606060606\">\n<p>La vicepresidenta Cristina Kirchner estar\u00e1 presente en el acto del 25 de Mayo, que dirigentes de su entorno organizan en el centro porte\u00f1o.<\/p>\n<figure class=\"wp-block-image size-large\"><img data-attachment-id=\"7964\" data-permalink=\"https:\/\/cordobanewsnet.wordpress.com\/2023\/05\/18\/cristina-kirchner-sera-la-principal-oradora-en-el-acto-del-25-de-mayo\/img_6810\/\" data-orig-file=\"http:\/\/nuevacordoba.net\/wp-content\/uploads\/2023\/05\/cristina-kirchner-sera-la-principal-oradora-en-el-acto-del-25-de-mayo-5.jpg\" data-orig-size=\"1200,800\" data-comments-opened=\"1\" data-image-meta=\"{&quot;aperture&quot;:&quot;0&quot;,&quot;credit&quot;:&quot;&quot;,&quot;camera&quot;:&quot;&quot;,&quot;caption&quot;:&quot;&quot;,&quot;created_timestamp&quot;:&quot;0&quot;,&quot;copyright&quot;:&quot;&quot;,&quot;focal_length&quot;:&quot;0&quot;,&quot;iso&quot;:&quot;0&quot;,&quot;shutter_speed&quot;:&quot;0&quot;,&quot;title&quot;:&quot;&quot;,&quot;orientation&quot;:&quot;1&quot;}\" data-image-title=\"img_6810\" data-image-description data-image-caption data-medium-file=\"http:\/\/nuevacordoba.net\/wp-content\/uploads\/2023\/05\/cristina-kirchner-sera-la-principal-oradora-en-el-acto-del-25-de-mayo-3.jpg\" data-large-file=\"http:\/\/nuevacordoba.net\/wp-content\/uploads\/2023\/05\/cristina-kirchner-sera-la-principal-oradora-en-el-acto-del-25-de-mayo-5.jpg?w=736\" src=\"http:\/\/nuevacordoba.net\/wp-content\/uploads\/2023\/05\/cristina-kirchner-sera-la-principal-oradora-en-el-acto-del-25-de-mayo.jpg\" class=\"wp-image-7964\" srcset=\"http:\/\/nuevacordoba.net\/wp-content\/uploads\/2023\/05\/cristina-kirchner-sera-la-principal-oradora-en-el-acto-del-25-de-mayo.jpg 1024w, http:\/\/nuevacordoba.net\/wp-content\/uploads\/2023\/05\/cristina-kirchner-sera-la-principal-oradora-en-el-acto-del-25-de-mayo-2.jpg 150w, http:\/\/nuevacordoba.net\/wp-content\/uploads\/2023\/05\/cristina-kirchner-sera-la-principal-oradora-en-el-acto-del-25-de-mayo-3.jpg 300w, http:\/\/nuevacordoba.net\/wp-content\/uploads\/2023\/05\/cristina-kirchner-sera-la-principal-oradora-en-el-acto-del-25-de-mayo-4.jpg 768w, http:\/\/nuevacordoba.net\/wp-content\/uploads\/2023\/05\/cristina-kirchner-sera-la-principal-oradora-en-el-acto-del-25-de-mayo-5.jpg 1200w\" sizes=\"(max-width: 1024px) 100vw, 1024px\"><\/figure>\n<p>As\u00ed lo confirmaron fuentes del oficialismo, horas despu\u00e9s de que la titular del Senado ratificara que este a\u00f1o no ser\u00e1 candidata a nada.<\/p>\n<div class=\"wordads-ad-wrapper\">\n<div class=\"wordads-ad\">\n<p>Anuncio publicitario<\/p>\n<p><span onclick=\"javascript:__tcfapi( 'showUi' );\">Ajustes de privacidad<\/span><\/p>\n<\/div>\n<\/div>\n<div id=\"jp-post-flair\" class=\"sharedaddy sd-like-enabled sd-sharing-enabled\">\n<div class=\"sharedaddy sd-sharing-enabled\">\n<div class=\"robots-nocontent sd-block sd-social sd-social-icon-text sd-sharing\">\n<h3 class=\"sd-title\">Share this:<\/h3>\n<\/div>\n<\/div>\n<div class=\"sharedaddy sd-block sd-like jetpack-likes-widget-wrapper jetpack-likes-widget-unloaded\" id=\"like-post-wrapper-143108178-7965-646724862910c\" data-src=\"\/\/widgets.wp.com\/likes\/index.html?ver=20230309#blog_id=143108178&amp;post_id=7965&amp;origin=cordobanewsnet.wordpress.com&amp;obj_id=143108178-7965-646724862910c\" data-name=\"like-post-frame-143108178-7965-646724862910c\" data-title=\"Me gusta o Compartir\">\n<h3 class=\"sd-title\">Me gusta esto:<\/h3>\n<p><span class=\"button\"><span>Me gusta<\/span><\/span> <span class=\"loading\">Cargando&#8230;<\/span><\/p>\n<p><span class=\"sd-text-color\"><\/span><\/div>\n<p><h3 class=\"jp-relatedposts-headline\"><em>Relacionado<\/em><\/h3>\n<\/p>\n<\/div><\/div>\n<p><!--\/.post-content--> <\/p>\n<footer class=\"post-meta-container clear\" readability=\"0.73333333333333\">\n<div class=\"entry-author author-avatar-show\" readability=\"14.031746031746\">\n<div class=\"author-avatar\"> <img loading=\"lazy\" alt src=\"http:\/\/nuevacordoba.net\/wp-content\/uploads\/2023\/05\/cristina-kirchner-sera-la-principal-oradora-en-el-acto-del-25-de-mayo-1.jpg\" class=\"avatar avatar-90\" height=\"90\" width=\"90\"> <\/div>\n<p><!-- .author-avatar --> <\/p>\n<p><h2 class=\"author-title\">Publicado por <span class=\"author-name\">angelaponso<\/span><\/h2>\n<\/p>\n<p><!-- .author-heading --> <\/p>\n<p class=\"author-bio\"> <a class=\"author-link\" href=\"https:\/\/cordobanewsnet.wordpress.com\/author\/angelaponso\/\" rel=\"author\"> Ver todas las entradas de angelaponso <\/a> <\/p>\n<p><!-- .author-bio --> <\/div>\n<p><!-- .entry-auhtor --> <\/footer>\n<p> <!-- \/post-meta-container --> <!-- #respond --> <\/p>\n","protected":false},"excerpt":{"rendered":"<p>La vicepresidenta Cristina Kirchner estar\u00e1 presente en el acto del 25 de Mayo, que dirigentes de su entorno organizan en el centro porte\u00f1o. As\u00ed lo confirmaron fuentes del oficialismo, horas despu\u00e9s de que la titular del Senado ratificara que este a\u00f1o no ser\u00e1 candidata a nada. Anuncio publicitario Ajustes de privacidad Share this: Me gusta [&hellip;]<\/p>\n","protected":false},"author":1,"featured_media":32413,"comment_status":"closed","ping_status":"closed","sticky":false,"template":"","format":"standard","meta":[],"categories":[14],"tags":[],"_links":{"self":[{"href":"http:\/\/nuevacordoba.net\/index.php\/wp-json\/wp\/v2\/posts\/32412"}],"collection":[{"href":"http:\/\/nuevacordoba.net\/index.php\/wp-json\/wp\/v2\/posts"}],"about":[{"href":"http:\/\/nuevacordoba.net\/index.php\/wp-json\/wp\/v2\/types\/post"}],"author":[{"embeddable":true,"href":"http:\/\/nuevacordoba.net\/index.php\/wp-json\/wp\/v2\/users\/1"}],"replies":[{"embeddable":true,"href":"http:\/\/nuevacordoba.net\/index.php\/wp-json\/wp\/v2\/comments?post=32412"}],"version-history":[{"count":0,"href":"http:\/\/nuevacordoba.net\/index.php\/wp-json\/wp\/v2\/posts\/32412\/revisions"}],"wp:featuredmedia":[{"embeddable":true,"href":"http:\/\/nuevacordoba.net\/index.php\/wp-json\/wp\/v2\/media\/32413"}],"wp:attachment":[{"href":"http:\/\/nuevacordoba.net\/index.php\/wp-json\/wp\/v2\/media?parent=32412"}],"wp:term":[{"taxonomy":"category","embeddable":true,"href":"http:\/\/nuevacordoba.net\/index.php\/wp-json\/wp\/v2\/categories?post=32412"},{"taxonomy":"post_tag","embeddable":true,"href":"http:\/\/nuevacordoba.net\/index.php\/wp-json\/wp\/v2\/tags?post=32412"}],"curies":[{"name":"wp","href":"https:\/\/api.w.org\/{rel}","templated":true}]}}