{"id":32420,"date":"2023-05-19T16:13:37","date_gmt":"2023-05-19T16:13:37","guid":{"rendered":"http:\/\/nuevacordoba.net\/index.php\/2023\/05\/19\/la-argentina-de-mascherano-debuta-con-ilusion-renovada-y-sed-de-revancha\/"},"modified":"2023-05-19T16:13:37","modified_gmt":"2023-05-19T16:13:37","slug":"la-argentina-de-mascherano-debuta-con-ilusion-renovada-y-sed-de-revancha","status":"publish","type":"post","link":"http:\/\/nuevacordoba.net\/index.php\/2023\/05\/19\/la-argentina-de-mascherano-debuta-con-ilusion-renovada-y-sed-de-revancha\/","title":{"rendered":"La Argentina de Mascherano debuta con ilusi\u00f3n renovada y sed de revancha"},"content":{"rendered":"<figure class=\"mb-3\"><img loading=\"lazy\" data-src=\"http:\/\/nuevacordoba.net\/wp-content\/uploads\/2023\/05\/la-argentina-de-mascherano-debuta-con-ilusion-renovada-y-sed-de-revancha.jpg\" src=\"https:\/\/www.telam.com.ar\/assets\/img\/not_image.png\" class=\" lazy \" width=\"100%\" height=\"100%\" alt=\"Foto AFP\"><figcaption> Foto: AFP <\/figcaption><\/figure>\n<p><strong>El seleccionado Sub-20 de f\u00fatbol de la Argentina<\/strong>, dirigido por <strong>Javier Mascherano<\/strong>, debutar\u00e1 en el Mundial de la categor\u00eda frente a <strong>Uzbekist\u00e1n<\/strong>, por el Grupo A, con la ilusi\u00f3n renovada, sed de revancha y una enorme expectativa por su condici\u00f3n de local.<\/p>\n<p>El equipo de Mascherano dar\u00e1 rienda suelta a una \u00absegunda oportunidad\u00bb tras la eliminaci\u00f3n en el Sudamericano de Colombia (finaliz\u00f3 s\u00e9ptimo sobre diez equipos) que motiv\u00f3 la renuncia del ex capit\u00e1n del seleccionado argentino.<\/p>\n<p>Si la Argentina hoy es sede de la 23ra. edici\u00f3n de la Copa del Mundo Sub-20 es porque la FIFA le quit\u00f3 el rol de organizador a Indonesia por conflictos pol\u00edticos con Israel.<\/p>\n<p>La gesti\u00f3n del presidente de la AFA, Claudio Tapia, en un acto de h\u00e1bil reflejo pol\u00edtico, m\u00e1s el inter\u00e9s de Conmebol, con vistas a la candidatura por el Mundial 2030 en conjunto con Uruguay, Chile y Paraguay, inclinaron la balanza para la designaci\u00f3n de emergencia.<\/p>\n<p><strong>La continuidad de Mascherano tambi\u00e9n cont\u00f3 con la incidencia de Lionel Scaloni<\/strong>, cuya charla result\u00f3 clave para revertir la postura del ex River y Barcelona de Espa\u00f1a.<\/p>\n<p>De movida, Mascherano no pudo contar con <strong>Alejandro Garnacho<\/strong> (Manchester United), <strong>Facundo Buonanotte<\/strong> (Brighton And Hove) y <strong>Nicol\u00e1s Paz<\/strong> (Real Madrid), quienes no fueron cedidos por sus clubes, amparados por la decisi\u00f3n de la FIFA que a partir de esta edici\u00f3n le quit\u00f3 el car\u00e1cter de \u00abobligatorio\u00bb a la cesi\u00f3n de jugadores.<\/p>\n<p>La preparaci\u00f3n de Argentina se produjo en el predio Lionel Andr\u00e9s Messi de Ezeiza con amistosos ante Rep\u00fablica Dominicana y Jap\u00f3n. Los triunfos 4-0 y 2-1, respectivamente, dejaron entrever la base titular para el estreno en Santiago del Estero.<\/p>\n<figure class=\"mb-3\"><img loading=\"lazy\" data-src=\"http:\/\/nuevacordoba.net\/wp-content\/uploads\/2023\/05\/la-argentina-de-mascherano-debuta-con-ilusion-renovada-y-sed-de-revancha-1.jpg\" src=\"https:\/\/www.telam.com.ar\/assets\/img\/not_image.png\" class=\" lazy \" width=\"100%\" height=\"100%\" alt=\"Foto TW Argentina\"><figcaption> Foto: TW @Argentina <\/figcaption><\/figure>\n<p>M\u00e1s all\u00e1 de la ausencia de tres \u00abEuropibes\u00bb, la Argentina tendr\u00e1 a futbolistas destacados como <strong>M\u00e1ximo Perrone<\/strong> (Manchester City), <strong>Valent\u00edn Carboni<\/strong> (Inter), <strong>Luka Romero<\/strong> (Lazio), <strong>Mat\u00edas Soul\u00e9<\/strong> (Juventus) y <strong>Mateo Tanlongo<\/strong> (Sporting de Lisboa).<\/p>\n<p>A los j\u00f3venes valores europeos se sumar\u00e1n <strong>Valent\u00edn Barco<\/strong> (Boca), <strong>Agust\u00edn Giay<\/strong> (San Lorenzo), <strong>Juan Gauto<\/strong> (Hurac\u00e1n), <strong>Ignacio Maestro Puch<\/strong> (Atl\u00e9tico Tucum\u00e1n) y <strong>Alejo V\u00e9liz<\/strong> (Rosario Central), entre otros.<\/p>\n<p>Argentina contar\u00e1 tambi\u00e9n con el plus del p\u00fablico. El Madre de Ciudades de Santiago del Estero lucir\u00e1 completo y ser\u00e1 una motivaci\u00f3n m\u00e1s para un plantel que buscar\u00e1 revertir lo ocurrido en Colombia.<\/p>\n<p>Se trata del segundo campeonato del mundo que se organiza en el pa\u00eds desde 2001, cuando el equipo dirigido por Jos\u00e9 Pekerman, con Javier Saviola en rol de goleador y figura, se consagr\u00f3 campe\u00f3n en el estadio Jos\u00e9 Amalfitani de V\u00e9lez.<\/p>\n<p>El rival del s\u00e1bado ser\u00e1 Uzbekist\u00e1n, clasificado en su condici\u00f3n de campe\u00f3n de Asia, que en sus tres partidos amistosos previos al Mundial gan\u00f3 uno (3-0 vs Rep\u00fablica Dominacana) y perdi\u00f3 dos (4-1 vs Brasil y 2-0 vs Uruguay).<\/p>\n<p>Una de las figuras del seleccionado asi\u00e1tico es <strong>Umarali Rakhmonaliev<\/strong>, quien milita en el Rubin Kazan de Rusia.<\/p>\n<p>Los dirigidos por <strong>Ravshan Khaydarov<\/strong> enfrentaron a la Argentina en un amistoso del 8 de septiembre de 2022 con derrota por 2 a 0 y afrontar\u00e1n su quinta participaci\u00f3n mundialista.<\/p>\n<p>Sus mejores resultados fueron los cuartos de final en las ediciones de Turqu\u00eda 2013 y Nueva Zelanda 2015.<\/p>\n<blockquote class=\"twitter-tweet\" readability=\"3.5526315789474\">\n<p lang=\"es\" dir=\"ltr\"><a href=\"https:\/\/twitter.com\/hashtag\/Sub20?src=hash&amp;ref_src=twsrc%5Etfw\">#Sub20<\/a> \u00a1GRACIAS POR TANTO CARI\u00d1O! \ud83d\udc99\ud83d\udc99\ud83d\udc99\ud83c\udde6\ud83c\uddf7 <a href=\"https:\/\/t.co\/89WoBQUklu\">pic.twitter.com\/89WoBQUklu<\/a><\/p>\n<p>\u2014 \ud83c\udde6\ud83c\uddf7 Selecci\u00f3n Argentina \u2b50\u2b50\u2b50 (@Argentina) <a href=\"https:\/\/twitter.com\/Argentina\/status\/1659333818573107202?ref_src=twsrc%5Etfw\">May 18, 2023<\/a><\/p><\/blockquote>\n<p>Argentina, m\u00e1ximo ganador de la competencia con seis t\u00edtulos sobre 17 participaciones, es cabeza del grupo A y tambi\u00e9n enfrentar\u00e1 a Guatemala el 23 de mayo a las 18, en Santiago del Estero, y luego se trasladar\u00e1 a San Juan para cerrar la primera fase con Nueva Zelanda, el viernes 26 a la misma hora.<\/p>\n<p>Los dos mejores de cada uno de los seis grupos clasificar\u00e1n a los octavos de final junto a los cuatro mejores terceros.<\/p>\n<p>Si el equipo de Mascherano se clasifica primero, jugar\u00e1 el 31 de mayo en San Juan contra uno de los terceros; si avanza volver\u00e1 a Santiago del Estero para disputar cuartos de final el 4 de junio; y las semifinales, el 8 de junio, y la final del 11 de junio ser\u00e1n en el estadio Diego Armando Maradona de La Plata.<\/p>\n<h2 class>Posibles formaciones<\/h2>\n<p>&nbsp;<strong>Argentina<\/strong>: Federico Gomes Gerth; Agust\u00edn Giay, Lautaro Di Lollo, Valent\u00edn G\u00f3mez y Valent\u00edn Barco; M\u00e1ximo Perrone, Valent\u00edn Carboni y Mateo Tanlongo; Mat\u00edas Soul\u00e9, Alejo V\u00e9liz y Juan Gauto. DT: Javier Mascherano.<\/p>\n<p><strong>Uzbekist\u00e1n<\/strong>: Otabek Boymurodov; Diyorbek Ortikboev, Abdukodir Khusanov y Jakhongir Urozov; Zafarmurod Abdurahmatov, Bekhruz Askarov, Sherzod Esanov y Makhmud Makhamadzhonov; Umarali Rahmonaliyev, Abbosbek Fayzullayev y Pulatkhuzha Kholdorkhonov. DT: Ravshan Khaydarov.<\/p>\n<p><strong>Estadio<\/strong>: Madre de Ciudades (Santiago del Estero)<\/p>\n<p><strong>Hora de inicio<\/strong>: 18.<\/p>\n<p><strong>TV<\/strong>: TV P\u00fablica, TyC Sports, DirecTV.<\/p>\n","protected":false},"excerpt":{"rendered":"<p>Foto: AFP El seleccionado Sub-20 de f\u00fatbol de la Argentina, dirigido por Javier Mascherano, debutar\u00e1 en el Mundial de la categor\u00eda frente a Uzbekist\u00e1n, por el Grupo A, con la ilusi\u00f3n renovada, sed de revancha y una enorme expectativa por su condici\u00f3n de local. El equipo de Mascherano dar\u00e1 rienda suelta a una \u00absegunda oportunidad\u00bb [&hellip;]<\/p>\n","protected":false},"author":1,"featured_media":32421,"comment_status":"closed","ping_status":"closed","sticky":false,"template":"","format":"standard","meta":[],"categories":[10],"tags":[],"_links":{"self":[{"href":"http:\/\/nuevacordoba.net\/index.php\/wp-json\/wp\/v2\/posts\/32420"}],"collection":[{"href":"http:\/\/nuevacordoba.net\/index.php\/wp-json\/wp\/v2\/posts"}],"about":[{"href":"http:\/\/nuevacordoba.net\/index.php\/wp-json\/wp\/v2\/types\/post"}],"author":[{"embeddable":true,"href":"http:\/\/nuevacordoba.net\/index.php\/wp-json\/wp\/v2\/users\/1"}],"replies":[{"embeddable":true,"href":"http:\/\/nuevacordoba.net\/index.php\/wp-json\/wp\/v2\/comments?post=32420"}],"version-history":[{"count":0,"href":"http:\/\/nuevacordoba.net\/index.php\/wp-json\/wp\/v2\/posts\/32420\/revisions"}],"wp:featuredmedia":[{"embeddable":true,"href":"http:\/\/nuevacordoba.net\/index.php\/wp-json\/wp\/v2\/media\/32421"}],"wp:attachment":[{"href":"http:\/\/nuevacordoba.net\/index.php\/wp-json\/wp\/v2\/media?parent=32420"}],"wp:term":[{"taxonomy":"category","embeddable":true,"href":"http:\/\/nuevacordoba.net\/index.php\/wp-json\/wp\/v2\/categories?post=32420"},{"taxonomy":"post_tag","embeddable":true,"href":"http:\/\/nuevacordoba.net\/index.php\/wp-json\/wp\/v2\/tags?post=32420"}],"curies":[{"name":"wp","href":"https:\/\/api.w.org\/{rel}","templated":true}]}}