{"id":32422,"date":"2023-05-19T16:13:41","date_gmt":"2023-05-19T16:13:41","guid":{"rendered":"http:\/\/nuevacordoba.net\/index.php\/2023\/05\/19\/maravilla-martinez-sin-chances-por-el-titulo\/"},"modified":"2023-05-19T16:13:41","modified_gmt":"2023-05-19T16:13:41","slug":"maravilla-martinez-sin-chances-por-el-titulo","status":"publish","type":"post","link":"http:\/\/nuevacordoba.net\/index.php\/2023\/05\/19\/maravilla-martinez-sin-chances-por-el-titulo\/","title":{"rendered":"\u00abMaravilla\u00bb Mart\u00ednez, sin chances por el t\u00edtulo"},"content":{"rendered":"<figure class=\"mb-3\"><img loading=\"lazy\" data-src=\"http:\/\/nuevacordoba.net\/wp-content\/uploads\/2023\/05\/maravilla-martinez-sin-chances-por-el-titulo.jpg\" src=\"https:\/\/www.telam.com.ar\/assets\/img\/not_image.png\" class=\" lazy \" width=\"100%\" height=\"100%\" alt=\"Sergio Maravilla Martnez Foto archivo\"><figcaption> Sergio \u00abMaravilla\u00bb Mart\u00ednez. Foto: archivo. <\/figcaption><\/figure>\n<p>Desde Madrid, donde se entrena con regularidad, Mart\u00ednez atribuy\u00f3 las perspectivas desalentadoras al hecho de haberse negado a cancelar la pelea que hizo el 21 de marzo \u00faltimo en el Luna Park.<\/p>\n<p><strong>\u00abVeinte d\u00edas antes me llam\u00f3 mi manager Elvis Grant y me pidi\u00f3 que me baje de la velada del Luna porque hab\u00eda buenas chances de ir con Erislandy Lara por la corona que hab\u00eda dejado Gennady Golovkin\u00bb<\/strong>, narr\u00f3 Maravilla en di\u00e1logo con T\u00e9lam.<\/p>\n<p>\u00abEntonces yo le dije a Elvis que hab\u00eda dado mi palabra, que me hab\u00eda comprometido con esa velada y que <strong>no pod\u00eda ni quer\u00eda incumplir con mi palabra\u00bb,<\/strong> a\u00f1adi\u00f3 el ex triple campe\u00f3n del mundo.<\/p>\n<p>Seg\u00fan la deducci\u00f3n de Mart\u00ednez, esa decisi\u00f3n contrari\u00f3 a Grant y lo sustituy\u00f3 por el australiano Michael Zerafa (30-4 y 19 KOs) como retador de Lara.<\/p>\n<p><strong>\u00abEs posible que rescinda contrato con \u00e9l\u00bb, desliz\u00f3.<\/strong><\/p>\n<p>De todos modos, a la cadena televisiva estadounidense encargada de organizar la primera defensa del cubano Lara (29-3-3 y 17 KOs), Zerafa no le pareci\u00f3 lo suficientemente comercial y sac\u00f3 de la galera al estadounidense Danny Garc\u00eda, ex campe\u00f3n mundial superligero y welter.<\/p>\n<p>En fecha a determinar, entonces, Lara se medir\u00e1 con Garc\u00eda, circunstancia que, seg\u00fan la especulaci\u00f3n de Maravilla, cerrar\u00e1 las puertas a su ansiada chance titular por la faja AMB.<\/p>\n<p><strong>\u00abGane quien gane, el campe\u00f3n tendr\u00e1 derecho a dos defensas opcionales<\/strong> y suponiendo que yo llegue al primer puesto en el r\u00e1nking, hoy estoy tercero, ser\u00eda retador obligatorio en 2025. O sea: con los pies en la tierra, queda claro que mis posibilidades de volver a pelear por el t\u00edtulo del mundo se han esfumado\u00bb.<\/p>\n<p>\u00abDe todos modos\u00bb, reflexion\u00f3 el quilme\u00f1o, \u00absiempre he sido una persona de buena suerte\u00bb y agreg\u00f3: \u00abCuando menos lo he esperado, me sucedieron cosas bonitas. Qui\u00e9n dice que dentro de seis meses, ocho, no s\u00e9, pueda surgir una buena novedad para m\u00ed\u00bb.<\/p>\n<p>Tras enfatizar que no ha dejado de considerarse un boxeador en actividad, Mart\u00ednez refiri\u00f3 que va al gimnasio en forma peri\u00f3dica y prev\u00e9 volver a combatir en agosto pr\u00f3ximo.<\/p>\n<figure class=\"mb-3\"><img loading=\"lazy\" data-src=\"http:\/\/nuevacordoba.net\/wp-content\/uploads\/2023\/05\/maravilla-martinez-sin-chances-por-el-titulo-1.jpg\" src=\"https:\/\/www.telam.com.ar\/assets\/img\/not_image.png\" class=\" lazy \" width=\"100%\" height=\"100%\" alt=\"Foto archivo\"><figcaption> Foto: archivo. <\/figcaption><\/figure>\n<p>\u00ab\u00bfCon el Chino Maidana?\u00bb, lo consult\u00f3 T\u00e9lam, a lo que respondi\u00f3: \u00abNo, no ser\u00eda con el Chino. Eso surgi\u00f3 en un vivo, cuando en medio de una charla tir\u00e9 la idea y lo desafi\u00e9. En realidad, m\u00e1s all\u00e1 de que pareci\u00f3 una broma y no s\u00e9 qu\u00e9 pasa por la cabeza del Chino, si le vinieran ganas de volver a entrenarse, a m\u00ed me encantar\u00eda boxear con \u00e9l. Siempre lo admir\u00e9 y lo admiro. Un grande el Chino, un tipo que pele\u00f3 dos veces con Floyd Mayweather. Subir a un ring a medirme con \u00e9l ser\u00eda un honor\u00bb.<\/p>\n<p><strong>Maravilla Mart\u00ednez, de 48 a\u00f1os, se mantuvo alejado de los rings desde el 7 de agosto de 2014<\/strong> cuando cay\u00f3 en el octavo round con el puertorrique\u00f1o Miguel Cotto en el Madison Square Garden, hasta el 21 de agosto de 2020, cuando en Torrelavega, Cantabria, venci\u00f3 al espa\u00f1ol Jos\u00e9 Miguel Fandi\u00f1o.<\/p>\n<p>Desde esa noche consum\u00f3 otras cinco salidas rentadas, con triunfos a expensas del fin\u00e9s Jussi Koivula, los ingleses Brian Rose y Macaulay McGowan, el estadounidense Noah Kidd y el colombiano Jhon Teheran, el 21 de marzo \u00faltimo en el Luna Park.<\/p>\n<p>Su excelente foja da cuenta de 57-3-2 y 32 KOs.<\/p>\n","protected":false},"excerpt":{"rendered":"<p>Sergio \u00abMaravilla\u00bb Mart\u00ednez. Foto: archivo. Desde Madrid, donde se entrena con regularidad, Mart\u00ednez atribuy\u00f3 las perspectivas desalentadoras al hecho de haberse negado a cancelar la pelea que hizo el 21 de marzo \u00faltimo en el Luna Park. \u00abVeinte d\u00edas antes me llam\u00f3 mi manager Elvis Grant y me pidi\u00f3 que me baje de la velada [&hellip;]<\/p>\n","protected":false},"author":1,"featured_media":32423,"comment_status":"closed","ping_status":"closed","sticky":false,"template":"","format":"standard","meta":[],"categories":[10],"tags":[],"_links":{"self":[{"href":"http:\/\/nuevacordoba.net\/index.php\/wp-json\/wp\/v2\/posts\/32422"}],"collection":[{"href":"http:\/\/nuevacordoba.net\/index.php\/wp-json\/wp\/v2\/posts"}],"about":[{"href":"http:\/\/nuevacordoba.net\/index.php\/wp-json\/wp\/v2\/types\/post"}],"author":[{"embeddable":true,"href":"http:\/\/nuevacordoba.net\/index.php\/wp-json\/wp\/v2\/users\/1"}],"replies":[{"embeddable":true,"href":"http:\/\/nuevacordoba.net\/index.php\/wp-json\/wp\/v2\/comments?post=32422"}],"version-history":[{"count":0,"href":"http:\/\/nuevacordoba.net\/index.php\/wp-json\/wp\/v2\/posts\/32422\/revisions"}],"wp:featuredmedia":[{"embeddable":true,"href":"http:\/\/nuevacordoba.net\/index.php\/wp-json\/wp\/v2\/media\/32423"}],"wp:attachment":[{"href":"http:\/\/nuevacordoba.net\/index.php\/wp-json\/wp\/v2\/media?parent=32422"}],"wp:term":[{"taxonomy":"category","embeddable":true,"href":"http:\/\/nuevacordoba.net\/index.php\/wp-json\/wp\/v2\/categories?post=32422"},{"taxonomy":"post_tag","embeddable":true,"href":"http:\/\/nuevacordoba.net\/index.php\/wp-json\/wp\/v2\/tags?post=32422"}],"curies":[{"name":"wp","href":"https:\/\/api.w.org\/{rel}","templated":true}]}}