{"id":32428,"date":"2023-05-19T16:13:48","date_gmt":"2023-05-19T16:13:48","guid":{"rendered":"http:\/\/nuevacordoba.net\/index.php\/2023\/05\/19\/el-g7-se-reune-con-la-guerra-en-ucrania-en-la-agenda\/"},"modified":"2023-05-19T16:13:48","modified_gmt":"2023-05-19T16:13:48","slug":"el-g7-se-reune-con-la-guerra-en-ucrania-en-la-agenda","status":"publish","type":"post","link":"http:\/\/nuevacordoba.net\/index.php\/2023\/05\/19\/el-g7-se-reune-con-la-guerra-en-ucrania-en-la-agenda\/","title":{"rendered":"El G7 se re\u00fane con la guerra en Ucrania en la agenda"},"content":{"rendered":"<figure class=\"mb-3\"><img loading=\"lazy\" data-src=\"http:\/\/nuevacordoba.net\/wp-content\/uploads\/2023\/05\/el-g7-se-reune-con-la-guerra-en-ucrania-en-la-agenda.jpg\" src=\"https:\/\/www.telam.com.ar\/assets\/img\/not_image.png\" class=\" lazy \" width=\"100%\" height=\"100%\" alt=\"Foto AFP\"><figcaption> Foto: AFP <\/figcaption><\/figure>\n<p>La cumbre del G7, que re\u00fane en la ciudad japonesa de Hiroshima al grupo de los pa\u00edses m\u00e1s industrializados, empez\u00f3 este viernes con la guerra de Ucrania en la agenda, un nuevo paquete de sanciones para privar a Rusia de la tecnolog\u00eda y el equipamiento que sostienen su maquinaria de guerra, y a la espera de que el presidente ucraniano, Volodimir Zelenski se sume al c\u00f3nclave.<\/p>\n<p><strong>\u00abHemos reafirmado nuestro compromiso en hacer frente com\u00fan contra la guerra de agresi\u00f3n ilegal, injustificable y no provocada de Rusia contra Ucrania\u00bb<\/strong>, declararon los jefes de Estado y de gobierno del grupo de las principales democracias industrializadas.<\/p>\n<p>El viaje del presidente ucraniano, que inicialmente deb\u00eda intervenir por videoconferencia, fue confirmado por una fuente cercana, que no precis\u00f3 cu\u00e1ndo llegar\u00e1 a la cumbre prevista del viernes al domingo, inform\u00f3 la agencia de noticias AFP.&nbsp;<a href=\"https:\/\/www.telam.com.ar\/notas\/202305\/628810-guerra-ucrania-zelenski-arabia-saudita.html\" target=\"_blank\" rel=\"noopener\">Zelenski viajar\u00e1 desde Yeda, Arabia Saudita, donde asiste a la cumbre de la Liga \u00c1rabe<\/a>.<\/p>\n<p>\u00abSe decidir\u00e1n asuntos muy importantes all\u00ed, por lo que la presencia de nuestro presidente es absolutamente esencial para la defensa de nuestros intereses\u00bb, dijo a la televisi\u00f3n p\u00fablica ucraniana Oleksii Danilov, secretario del Consejo Nacional de Seguridad y Defensa de Ucrania.<\/p>\n<figure class=\"mb-3\"><img loading=\"lazy\" data-src=\"http:\/\/nuevacordoba.net\/wp-content\/uploads\/2023\/05\/el-g7-se-reune-con-la-guerra-en-ucrania-en-la-agenda-1.jpg\" src=\"https:\/\/www.telam.com.ar\/assets\/img\/not_image.png\" class=\" lazy \" width=\"100%\" height=\"100%\" alt=\"El presidente de Ucrania sigue buscando apoyos internacionales\"><figcaption> El presidente de Ucrania sigue buscando apoyos internacionales. <\/figcaption><\/figure>\n<p>Adem\u00e1s del conflicto en Ucrania tambi\u00e9n <strong>estar\u00e1n entre los asuntos principales de la cita la relaci\u00f3n con China, la seguridad global y la intenci\u00f3n del grupo de afianzar lazos con el Sur Global, el conjunto de pa\u00edses en v\u00edas de desarrollo.&nbsp;<\/strong>Con este objetivo, los l\u00edderes de Australia, Brasil, Comoras, Islas Cook, India, Indonesia, Corea del Sur y Vietnam fueron invitados por el primer ministro japon\u00e9s, Fumio Kishida, anfitri\u00f3n del evento.<\/p>\n<p>Para abordar el ascenso de las naciones del Sur Global, incluidas muchas antiguas colonias de potencias occidentales con puntos de vista variados y v\u00ednculos con Rusia y China, el G7 ofrecer\u00e1 a estos pa\u00edses m\u00e1s apoyo en salud, seguridad alimentaria e infraestructura para desarrollar v\u00ednculos m\u00e1s estrechos.<\/p>\n<p><strong>El paquete de sanciones a Rusia anunciado este viernes incluye restricciones a las exportaciones de bienes \u00abcr\u00edticos para Rusia en el campo de batalla\u00bb<\/strong>, as\u00ed como medidas contra entidades acusadas de llevar material al frente en beneficio de Mosc\u00fa.<\/p>\n<p>El paquete reduce a\u00fan m\u00e1s el per\u00edmetro de las exportaciones a Rusia permitidas, con el objetivo de seguir asfixiando la capacidad manufacturera de Mosc\u00fa, a la espera de que eso tenga un efectos sobre su industria de defensa.<\/p>\n<p><strong>No es una prohibici\u00f3n general, pese a que \u00e9sta fue una posibilidad que estuvo flotando en los debates de las \u00faltimas semanas, sino un incremento en la presi\u00f3n a Mosc\u00fa.<\/strong><\/p>\n<p>Bruselas calcula que las restricciones ya adoptadas redujeron en un 55% las exportaciones a Rusia (unos 50.000 millones de euros anuales) y m\u00e1s del 60% de las importaciones (unos 90.000).<\/p>\n<figure class=\"mb-3\"><img loading=\"lazy\" data-src=\"http:\/\/nuevacordoba.net\/wp-content\/uploads\/2023\/05\/el-g7-se-reune-con-la-guerra-en-ucrania-en-la-agenda-2.jpg\" src=\"https:\/\/www.telam.com.ar\/assets\/img\/not_image.png\" class=\" lazy \" width=\"100%\" height=\"100%\" alt=\"Foto AFP\"><figcaption> Foto: AFP <\/figcaption><\/figure>\n<p><strong>Estados Unidos marc\u00f3 la ruta al anunciar nuevas sanciones contra Mosc\u00fa para restringir el acceso de Rusia a \u00abproductos necesarios para sus capacidades de combate\u00bb.<\/strong><\/p>\n<p>En una declaraci\u00f3n com\u00fan publicada tras una reuni\u00f3n dedicada a Ucrania, el grupo se\u00f1ala que \u00abuna paz justa (en Ucrania) no puede conseguirse sin la completa e incondicional retirada de las fuerzas rusas y esto debe ser incluido en cualquier llamamiento a la paz\u00bb, un inequ\u00edvoco dardo a las propuestas que promueven Brasil y China.<\/p>\n<p>En relaci\u00f3n al apoyo econ\u00f3mico, el G7 asegura haber conseguido que \u00abUcrania tenga el respaldo presupuestario que necesita para 2023 y la primera parte de 2024\u2033.<\/p>\n<p>Los l\u00edderes del grupo rindieron homenaje a las v\u00edctimas de la bomba at\u00f3mica que en 1945 destruy\u00f3 esta ciudad japonesa, en el final de la Segunda Guerra Mundial.<\/p>\n<p>Los jefes de Estado y de gobierno de las siete democracias industrializadas, incluidas varias potencias nucleares, fueron recibidos uno a uno en el Parque Memorial de la Paz por Kishida, quien quiere incluir el desarme nuclear en la agenda de la cumbre y espera poder aprobar su llamado Plan de Acci\u00f3n de Hiroshima, presentado en 2022, que incluye un nuevo compromiso de no utilizar armas nucleares, transparencia sobre los arsenales y nuevas reducciones de armamento.<\/p>\n<p>Sin embargo, no se esperan avances significativos en esta cuesti\u00f3n durante la cumbre, en un contexto de nuevas tensiones con potencias nucleares como Rusia, Corea del Norte y China.<\/p>\n","protected":false},"excerpt":{"rendered":"<p>Foto: AFP La cumbre del G7, que re\u00fane en la ciudad japonesa de Hiroshima al grupo de los pa\u00edses m\u00e1s industrializados, empez\u00f3 este viernes con la guerra de Ucrania en la agenda, un nuevo paquete de sanciones para privar a Rusia de la tecnolog\u00eda y el equipamiento que sostienen su maquinaria de guerra, y a [&hellip;]<\/p>\n","protected":false},"author":1,"featured_media":32429,"comment_status":"closed","ping_status":"closed","sticky":false,"template":"","format":"standard","meta":[],"categories":[13],"tags":[],"_links":{"self":[{"href":"http:\/\/nuevacordoba.net\/index.php\/wp-json\/wp\/v2\/posts\/32428"}],"collection":[{"href":"http:\/\/nuevacordoba.net\/index.php\/wp-json\/wp\/v2\/posts"}],"about":[{"href":"http:\/\/nuevacordoba.net\/index.php\/wp-json\/wp\/v2\/types\/post"}],"author":[{"embeddable":true,"href":"http:\/\/nuevacordoba.net\/index.php\/wp-json\/wp\/v2\/users\/1"}],"replies":[{"embeddable":true,"href":"http:\/\/nuevacordoba.net\/index.php\/wp-json\/wp\/v2\/comments?post=32428"}],"version-history":[{"count":0,"href":"http:\/\/nuevacordoba.net\/index.php\/wp-json\/wp\/v2\/posts\/32428\/revisions"}],"wp:featuredmedia":[{"embeddable":true,"href":"http:\/\/nuevacordoba.net\/index.php\/wp-json\/wp\/v2\/media\/32429"}],"wp:attachment":[{"href":"http:\/\/nuevacordoba.net\/index.php\/wp-json\/wp\/v2\/media?parent=32428"}],"wp:term":[{"taxonomy":"category","embeddable":true,"href":"http:\/\/nuevacordoba.net\/index.php\/wp-json\/wp\/v2\/categories?post=32428"},{"taxonomy":"post_tag","embeddable":true,"href":"http:\/\/nuevacordoba.net\/index.php\/wp-json\/wp\/v2\/tags?post=32428"}],"curies":[{"name":"wp","href":"https:\/\/api.w.org\/{rel}","templated":true}]}}