{"id":32432,"date":"2023-05-19T16:47:33","date_gmt":"2023-05-19T16:47:33","guid":{"rendered":"http:\/\/nuevacordoba.net\/index.php\/2023\/05\/19\/diez-datos-sobre-la-serie-de-carlos-menem-que-protagonizara-leonardo-sbaraglia\/"},"modified":"2023-05-19T16:47:33","modified_gmt":"2023-05-19T16:47:33","slug":"diez-datos-sobre-la-serie-de-carlos-menem-que-protagonizara-leonardo-sbaraglia","status":"publish","type":"post","link":"http:\/\/nuevacordoba.net\/index.php\/2023\/05\/19\/diez-datos-sobre-la-serie-de-carlos-menem-que-protagonizara-leonardo-sbaraglia\/","title":{"rendered":"Diez datos sobre la serie de Carlos Menem que protagonizar\u00e1 Leonardo Sbaraglia"},"content":{"rendered":"<figure class=\"mb-3\"><img loading=\"lazy\" data-src=\"http:\/\/nuevacordoba.net\/wp-content\/uploads\/2023\/05\/diez-datos-sobre-la-serie-de-carlos-menem-que-protagonizara-leonardo-sbaraglia.jpg\" src=\"https:\/\/www.telam.com.ar\/assets\/img\/not_image.png\" class=\" lazy \" width=\"100%\" height=\"100%\" alt=\"La serie abordar la etapa ms fuerte cuando reemplaza anticipadamente a Ral Alfonsn Foto Archivo\"><figcaption> La serie abordar\u00e1 la etapa m\u00e1s \u201cfuerte\u201d, cuando reemplaza anticipadamente a Ra\u00fal Alfons\u00edn \/ Foto: Archivo. <\/figcaption><\/figure>\n<p>Se pudo conocer que avanza la producci\u00f3n de la serie sobre la vida del ex presidente Carlos Sa\u00fal Menem, en medio de un fuerte hermetismo, habitual cuando se est\u00e1 en la etapa previa a comenzar las grabaciones.<\/p>\n<p>Sin embargo, se pueden aportar diez datos importantes de esta biopic, que ya tiene acordada una plataforma, y que seguramente explotar\u00e1 cuando est\u00e9 disponible.<\/p>\n<p><strong>1.<\/strong> Lo que est\u00e1 m\u00e1s definido es el t\u00edtulo, que ser\u00e1 \u201c<strong>\u00a1S\u00edganme!<\/strong>\u201d, la frase de campa\u00f1a de 1989, completada en aquel tiempo con la afirmaci\u00f3n<strong> \u201cno los voy a defraudar\u201d<\/strong>. El giro neoliberal implementado por el riojano a poco de asumir hizo que no pocos sintieran que, efectivamente, los hab\u00eda defraudado. Pero la frase perdur\u00f3 en el tiempo.<\/p>\n<figure class=\"mb-3\"><img loading=\"lazy\" data-src=\"http:\/\/nuevacordoba.net\/wp-content\/uploads\/2023\/05\/diez-datos-sobre-la-serie-de-carlos-menem-que-protagonizara-leonardo-sbaraglia-1.jpg\" src=\"https:\/\/www.telam.com.ar\/assets\/img\/not_image.png\" class=\" lazy \" width=\"100%\" height=\"100%\" alt=\"El propio Menem dio su beneplcito a la produccin ya que la aprob antes de su fallecimiento en febrero de 2021 Foto Archivo\"><figcaption> El propio Menem dio su benepl\u00e1cito a la producci\u00f3n, ya que la aprob\u00f3 antes de su fallecimiento, en febrero de 2021 \/ Foto: Archivo. <\/figcaption><\/figure>\n<p><strong>2.<\/strong> Ser\u00e1 la plataforma <strong>Amazon Prime Video<\/strong> desde la cual podr\u00e1n verse los 8 episodios de la primera temporada (aunque nadie descarta segunda y tercera, de acuerdo a la repercusi\u00f3n).<\/p>\n<p><strong>3.<\/strong> El protag\u00f3nico, para sorpresa de muchos, recay\u00f3 en <strong>Leonardo Sbaraglia<\/strong>, actor ductil si los hay, pero muy poco parecido al ex presidente, de ascendencia sirio-libanesa. Lo acompa\u00f1ar\u00e1 <strong>Griselda Siciliani <\/strong>en el rol de Zulema Yoma, con quien se reconcili\u00f3 poco antes de las elecciones (y luego no dej\u00f3 ingresar a la Residencia de Olivos). Otro confirmado es nada menos que<strong> Juan Minujin<\/strong>, pero ac\u00e1 nadie acierta a decir el personaje (\u00bfAlberto Kohan, su asesor y confidente? \u00bfEduardo Menem, su hermano senador).<\/p>\n<figure class=\"mb-3\"><img loading=\"lazy\" data-src=\"http:\/\/nuevacordoba.net\/wp-content\/uploads\/2023\/05\/diez-datos-sobre-la-serie-de-carlos-menem-que-protagonizara-leonardo-sbaraglia-2.jpg\" src=\"https:\/\/www.telam.com.ar\/assets\/img\/not_image.png\" class=\" lazy \" width=\"100%\" height=\"100%\" alt=\"Foto Archivo\"><figcaption> Foto: Archivo. <\/figcaption><\/figure>\n<p><strong>4.<\/strong> Estos ocho primeros cap\u00edtulos ser\u00e1n dirigidos por <strong>Ariel Winograd<\/strong>, muy reconocido por sus pel\u00edculas <em>El robo del siglo <\/em>y <em>El Gerente<\/em>. Curiosamente, ser\u00e1 la primera serie que dirija, en este caso sobre la vida de quien marc\u00f3 los a\u00f1os 90 en la Argentina.<\/p>\n<p><strong>5.<\/strong> Aunque los tiempos de las series siempre son el\u00e1sticos, por las habituales complicaciones de rodaje y de postproducci\u00f3n, se supo que <strong>se pretende tenerla en la plataforma de streaming para el primer semestre de 2024<\/strong>.<\/p>\n<p><strong>6. <\/strong>Si la serie est\u00e1 en el m\u00e1s f\u00e9rreo hermetismo, poco puede decirse sobre qu\u00e9 \u00e9poca o episodios abarcar\u00e1. Sin embargo, se dej\u00f3 trascender que, aunque habr\u00e1 flashbacks, abordar\u00e1 la etapa m\u00e1s \u201cfuerte\u201d, cuando<em> reemplaza anticipadamente a Ra\u00fal Alfons\u00edn, hasta 1999<\/em>, cuando entrega el mando a Fernando de la R\u00faa.<\/p>\n<figure class=\"mb-3\"><img loading=\"lazy\" data-src=\"http:\/\/nuevacordoba.net\/wp-content\/uploads\/2023\/05\/diez-datos-sobre-la-serie-de-carlos-menem-que-protagonizara-leonardo-sbaraglia-3.jpg\" src=\"https:\/\/www.telam.com.ar\/assets\/img\/not_image.png\" class=\" lazy \" width=\"100%\" height=\"100%\" alt=\"En estos 8 captulos se podr ver su recorrido poltico hasta 1999 cuando entrega el mando a Fernando de la Ra Foto Archivo\"><figcaption> En estos 8 cap\u00edtulos se podr\u00e1 ver su recorrido pol\u00edtico hasta 1999, cuando entrega el mando a Fernando de la R\u00faa \/ Foto: Archivo. <\/figcaption><\/figure>\n<p><strong>7. <\/strong>El propio Menem dio su benepl\u00e1cito a la producci\u00f3n, ya que <strong>la aprob\u00f3 antes de su fallecimiento<\/strong>, en febrero de 2021. En ese momento estaba todo stand by, por la pandemia de Covid que entonces azotaba fuertemente al pa\u00eds y al mundo.<\/p>\n<p><strong>8. <\/strong><em>\u00bfLitigio en puerta?<\/em> Zulemita se hizo cargo de las tratativas con los productores, pero excluy\u00f3 al resto de los hijos del exmandatario, Carlos Nair y M\u00e1ximo Sa\u00fal Bolocco Menem, por lo cu\u00e1l no acceder\u00edan a las regal\u00edas. Incluso no figura Antonella Menem, hija de Carlitos Menem, fallecido en 1995.<\/p>\n<figure class=\"mb-3\"><img loading=\"lazy\" data-src=\"http:\/\/nuevacordoba.net\/wp-content\/uploads\/2023\/05\/diez-datos-sobre-la-serie-de-carlos-menem-que-protagonizara-leonardo-sbaraglia-4.jpg\" src=\"https:\/\/www.telam.com.ar\/assets\/img\/not_image.png\" class=\" lazy \" width=\"100%\" height=\"100%\" alt=\"Zulemita se hizo cargo de las tratativas con los productores pero excluy al resto de los hijos del exmandatario Foto Archivo\"><figcaption> Zulemita se hizo cargo de las tratativas con los productores, pero excluy\u00f3 al resto de los hijos del exmandatario \/ Foto: Archivo. <\/figcaption><\/figure>\n<p><strong>9. <\/strong>Se cuenta que est\u00e1 la posibilidad de hacer una segunda y una tercera temporada, todo seg\u00fan como funcione la primera, pero se baraja la idea de<em> seguir las historias de Carlitos Nair, M\u00e1ximo y Antonella.<\/em><\/p>\n<p><strong>10. <\/strong>La producci\u00f3n baraja tambi\u00e9n la aparici\u00f3n de personajes emblem\u00e1ticos de los 90, como el animador <strong>Marcelo Tinelli <\/strong>(a cuyo programa Menem se presentaba), la conductora de programas infantiles <strong>Xuxa Meneghel<\/strong>, y la vedette <strong>Graciela Alfano<\/strong>. Resta saber si har\u00e1n de ellos mismos, o se recurrir\u00e1 a actores que los representar\u00e1n.<\/p>\n<figure class=\"mb-3\"><img loading=\"lazy\" data-src=\"http:\/\/nuevacordoba.net\/wp-content\/uploads\/2023\/05\/diez-datos-sobre-la-serie-de-carlos-menem-que-protagonizara-leonardo-sbaraglia-5.jpg\" src=\"https:\/\/www.telam.com.ar\/assets\/img\/not_image.png\" class=\" lazy \" width=\"100%\" height=\"100%\" alt=\"Foto Archivo\"><figcaption> Foto: Archivo. <\/figcaption><\/figure>\n<p><\/p>\n","protected":false},"excerpt":{"rendered":"<p>La serie abordar\u00e1 la etapa m\u00e1s \u201cfuerte\u201d, cuando reemplaza anticipadamente a Ra\u00fal Alfons\u00edn \/ Foto: Archivo. Se pudo conocer que avanza la producci\u00f3n de la serie sobre la vida del ex presidente Carlos Sa\u00fal Menem, en medio de un fuerte hermetismo, habitual cuando se est\u00e1 en la etapa previa a comenzar las grabaciones. Sin embargo, [&hellip;]<\/p>\n","protected":false},"author":1,"featured_media":32433,"comment_status":"closed","ping_status":"closed","sticky":false,"template":"","format":"standard","meta":[],"categories":[9],"tags":[],"_links":{"self":[{"href":"http:\/\/nuevacordoba.net\/index.php\/wp-json\/wp\/v2\/posts\/32432"}],"collection":[{"href":"http:\/\/nuevacordoba.net\/index.php\/wp-json\/wp\/v2\/posts"}],"about":[{"href":"http:\/\/nuevacordoba.net\/index.php\/wp-json\/wp\/v2\/types\/post"}],"author":[{"embeddable":true,"href":"http:\/\/nuevacordoba.net\/index.php\/wp-json\/wp\/v2\/users\/1"}],"replies":[{"embeddable":true,"href":"http:\/\/nuevacordoba.net\/index.php\/wp-json\/wp\/v2\/comments?post=32432"}],"version-history":[{"count":0,"href":"http:\/\/nuevacordoba.net\/index.php\/wp-json\/wp\/v2\/posts\/32432\/revisions"}],"wp:featuredmedia":[{"embeddable":true,"href":"http:\/\/nuevacordoba.net\/index.php\/wp-json\/wp\/v2\/media\/32433"}],"wp:attachment":[{"href":"http:\/\/nuevacordoba.net\/index.php\/wp-json\/wp\/v2\/media?parent=32432"}],"wp:term":[{"taxonomy":"category","embeddable":true,"href":"http:\/\/nuevacordoba.net\/index.php\/wp-json\/wp\/v2\/categories?post=32432"},{"taxonomy":"post_tag","embeddable":true,"href":"http:\/\/nuevacordoba.net\/index.php\/wp-json\/wp\/v2\/tags?post=32432"}],"curies":[{"name":"wp","href":"https:\/\/api.w.org\/{rel}","templated":true}]}}