{"id":32446,"date":"2023-05-20T12:20:13","date_gmt":"2023-05-20T12:20:13","guid":{"rendered":"https:\/\/prensa.cba.gov.ar\/?p=551865"},"modified":"2023-05-20T12:20:13","modified_gmt":"2023-05-20T12:20:13","slug":"la-secretaria-de-ambiente-creo-el-primer-registro-de-huella-de-carbono","status":"publish","type":"post","link":"http:\/\/nuevacordoba.net\/index.php\/2023\/05\/20\/la-secretaria-de-ambiente-creo-el-primer-registro-de-huella-de-carbono\/","title":{"rendered":"La Secretar\u00eda de Ambiente cre\u00f3 el primer Registro de huella de carbono"},"content":{"rendered":"<div><img src=\"http:\/\/nuevacordoba.net\/wp-content\/uploads\/2023\/05\/la-secretaria-de-ambiente-creo-el-primer-registro-de-huella-de-carbono.png\" class=\"ff-og-image-inserted\"><\/div>\n<ul>\n<li><strong>Con esta iniciativa se pretende unificar la informaci\u00f3n<\/strong> <strong>provincial de emisiones de gases de efecto invernadero.<\/strong><\/li>\n<li><strong>El objetivo principal es generar una estrategia a largo plazo para mitigar el cambio clim\u00e1tico.<\/strong><\/li>\n<li><strong>Las inscripciones ser\u00e1n voluntarias y gratuitas, y se podr\u00e1n realizar<\/strong> <strong>a trav\u00e9s de Ciudadano Digital.<\/strong><\/li>\n<\/ul>\n<p>La Secretar\u00eda de Ambiente, del Ministerio de Coordinaci\u00f3n de la provincia de C\u00f3rdoba, cre\u00f3 por <a href=\"http:\/\/boletinoficial.cba.gov.ar\/wp-content\/4p96humuzp\/2023\/05\/1_Secc_170523.pdf\" target=\"_blank\" rel=\"noreferrer noopener\">Resoluci\u00f3n N\u00b098\/2023<\/a> un registro de huella de carbono, compensaci\u00f3n y proyectos de remoci\u00f3n de gases de efecto invernadero (GEI), el cual ser\u00e1 de <strong>inscripci\u00f3n voluntaria y gratuita<\/strong>.<\/p>\n<p>A partir de esta acci\u00f3n, la cartera ambiental pretende unificar<strong> la informaci\u00f3n<\/strong> <strong>provincial de emisiones de gases de efecto invernadero<\/strong>, y generar una estrategia a largo plazo para mitigar el cambio clim\u00e1tico, que involucre tanto al sector p\u00fablico como al privado.<\/p>\n<p>Seg\u00fan el secretario de Ambiente, Juan Carlos Scotto<em>: Disponer de un Registro Provincial de Huella de Carbono es un paso fundamental para el desarrollo de pol\u00edticas de mitigaci\u00f3n y compensaci\u00f3n de las emisiones de GEI, que implica asumir un compromiso con la sostenibilidad y el cuidado de los recursos naturales y la biodiversidad\u201d.<\/em><\/p>\n<p><strong>El Registro contempla dos modalidades de inscripci\u00f3n<\/strong>. Por un lado, para aquellas personas f\u00edsicas o jur\u00eddicas que quieran presentar el c\u00e1lculo de huella de carbono y de expectativas de reducci\u00f3n y\/o compensaci\u00f3n de emisiones de gases de efecto invernadero de sus actividades; y por otro, para aquellos proyectos de remoci\u00f3n de emisiones de GEI y de emisiones de GEI evitadas.<\/p>\n<p><strong>La inscripci\u00f3n se realiza a trav\u00e9s de Ciudadano Digital<\/strong> y se debe contar con usuario de CiDi nivel 2.&nbsp; En el buscador se deber\u00e1 ingresar, \u00ab<a href=\"https:\/\/cidi.cba.gov.ar\/portal-publico\/tramite\/9bd0adcb-67eb-ed11-bd3e-005056a190ff\" target=\"_blank\" rel=\"noreferrer noopener\">Presentaci\u00f3n de c\u00e1lculo de huella de carbono<\/a>\u00bb o \u201c<a href=\"https:\/\/cidi.cba.gov.ar\/portal-publico\/tramite\/01B48A3F-68EB-ED11-BD3E-005056A190FF\" target=\"_blank\" rel=\"noreferrer noopener\">Presentaci\u00f3n de proyectos de captura de di\u00f3xido de carbono y de emisiones de di\u00f3xido de carbono evitadas<\/a>\u201d, seg\u00fan corresponda y luego completar el formulario.<\/p>\n<p>Una vez realizada la inscripci\u00f3n, la misma ser\u00e1 validada por la <a href=\"https:\/\/ambiente.cba.gov.ar\/\" target=\"_blank\" rel=\"noreferrer noopener\">Secretar\u00eda de Ambiente<\/a> otorgando un <strong>Certificado de Inscripci\u00f3n<\/strong>, que acredite su participaci\u00f3n en el Registro y su compromiso para reducir las emisiones de di\u00f3xido de carbono, permiti\u00e9ndole posicionarse como empresa\/organizaci\u00f3n ambientalmente responsable.<\/p>\n<p>Adem\u00e1s, aquellos inscriptos en el Registro de huella de carbono, compensaci\u00f3n y proyectos de remoci\u00f3n de emisiones de GEI y de emisiones de GEI evitadas, podr\u00e1n ser incluidos en los diferentes programas, incentivos, exenciones, relacionados con la tem\u00e1tica que se creen en el futuro.<\/p>\n<p><strong>\u00bfQu\u00e9 es la huella de carbono y por qu\u00e9 es importante medirla?<\/strong><\/p>\n<p>Es una herramienta que permite estimar las emisiones de gases efecto invernadero (GEI) producidas por un individuo, organizaci\u00f3n, evento o producto.<\/p>\n<p>Para calcularla se necesita recopilar los datos referentes a los consumos directos e indirectos de insumos materiales y energ\u00eda, y traducirlos en emisiones de di\u00f3xido de carbono (CO2). Universalmente se eligi\u00f3 el CO2 como valor de referencia para poder comparar con los otros GEI, ya que es el gas que m\u00e1s crecimiento ha experimentado en la atm\u00f3sfera terrestre y el m\u00e1s abundante en porcentaje de todos ellos.<\/p>\n<p>El aumento de la concentraci\u00f3n atmosf\u00e9rica de GEI, sobre todo de di\u00f3xido de carbono, es considerado uno de los principales causantes del cambio clim\u00e1tico. La emisi\u00f3n de estos gases tiene origen en actividades humanas relacionadas con la generaci\u00f3n de energ\u00eda, la quema de combustibles f\u00f3siles, la deforestaci\u00f3n, entre otras.<\/p>\n","protected":false},"excerpt":{"rendered":"<p>Con esta iniciativa se pretende unificar la informaci\u00f3n provincial de emisiones de gases de efecto invernadero. El objetivo principal es generar una estrategia a largo plazo para mitigar el cambio clim\u00e1tico. Las inscripciones ser\u00e1n voluntarias y gratuitas, y se podr\u00e1n realizar a trav\u00e9s de Ciudadano Digital. La Secretar\u00eda de Ambiente, del Ministerio de Coordinaci\u00f3n de [&hellip;]<\/p>\n","protected":false},"author":1,"featured_media":32447,"comment_status":"closed","ping_status":"closed","sticky":false,"template":"","format":"standard","meta":[],"categories":[14],"tags":[],"_links":{"self":[{"href":"http:\/\/nuevacordoba.net\/index.php\/wp-json\/wp\/v2\/posts\/32446"}],"collection":[{"href":"http:\/\/nuevacordoba.net\/index.php\/wp-json\/wp\/v2\/posts"}],"about":[{"href":"http:\/\/nuevacordoba.net\/index.php\/wp-json\/wp\/v2\/types\/post"}],"author":[{"embeddable":true,"href":"http:\/\/nuevacordoba.net\/index.php\/wp-json\/wp\/v2\/users\/1"}],"replies":[{"embeddable":true,"href":"http:\/\/nuevacordoba.net\/index.php\/wp-json\/wp\/v2\/comments?post=32446"}],"version-history":[{"count":0,"href":"http:\/\/nuevacordoba.net\/index.php\/wp-json\/wp\/v2\/posts\/32446\/revisions"}],"wp:featuredmedia":[{"embeddable":true,"href":"http:\/\/nuevacordoba.net\/index.php\/wp-json\/wp\/v2\/media\/32447"}],"wp:attachment":[{"href":"http:\/\/nuevacordoba.net\/index.php\/wp-json\/wp\/v2\/media?parent=32446"}],"wp:term":[{"taxonomy":"category","embeddable":true,"href":"http:\/\/nuevacordoba.net\/index.php\/wp-json\/wp\/v2\/categories?post=32446"},{"taxonomy":"post_tag","embeddable":true,"href":"http:\/\/nuevacordoba.net\/index.php\/wp-json\/wp\/v2\/tags?post=32446"}],"curies":[{"name":"wp","href":"https:\/\/api.w.org\/{rel}","templated":true}]}}