{"id":32497,"date":"2023-05-21T16:21:38","date_gmt":"2023-05-21T16:21:38","guid":{"rendered":"http:\/\/nuevacordoba.net\/index.php\/2023\/05\/21\/brasil-italia-el-duelo-estelar-por-el-grupo-de-la-muerte-del-mundial-sub-20\/"},"modified":"2023-05-21T16:21:38","modified_gmt":"2023-05-21T16:21:38","slug":"brasil-italia-el-duelo-estelar-por-el-grupo-de-la-muerte-del-mundial-sub-20","status":"publish","type":"post","link":"http:\/\/nuevacordoba.net\/index.php\/2023\/05\/21\/brasil-italia-el-duelo-estelar-por-el-grupo-de-la-muerte-del-mundial-sub-20\/","title":{"rendered":"Brasil- Italia, el duelo estelar por el \u00abGrupo de la muerte\u00bb del Mundial Sub-20"},"content":{"rendered":"<figure class=\"mb-3\"><img loading=\"lazy\" data-src=\"http:\/\/nuevacordoba.net\/wp-content\/uploads\/2023\/05\/brasil-italia-el-duelo-estelar-por-el-grupo-de-la-muerte-del-mundial-sub-20.jpg\" src=\"https:\/\/www.telam.com.ar\/assets\/img\/not_image.png\" class=\" lazy \" width=\"100%\" height=\"100%\" alt=\"Brasil debutar en el Mundial Sub20 ante Italia en Mendoza Foto TW CBF_Futebol\"><figcaption> Brasil debutar\u00e1 en el Mundial Sub-20 ante Italia en Mendoza | Foto: TW @CBF_Futebol <\/figcaption><\/figure>\n<p>Brasil e Italia ser\u00e1 el partido m\u00e1s destacado en la jornada de domingo del Mundial Sub-20 que se celebra en Argentina y que este s\u00e1bado dio comienzo con cuatro cotejos. El equipo \u00abverdeamarelho\u00bb y los \u00abazzurros\u00bb disputan uno de los dos choques por el Grupo D, en el que tambi\u00e9n intervienen Nigeria y Rep\u00fablica Dominicana.<\/p>\n<p>El Estadio Malvinas Argentinas de Mendoza ser\u00e1 el escenario de este gran partido entre dos selecciones con figuras y candidatas por historia y futbolistas.<\/p>\n<p>En el caso de Brasil, sin la figura de V\u00edtor Roque, el atacante de Atl\u00e9tico Paranaense, que no fue cedido por su club. Si estar\u00e1&nbsp;&nbsp;Andrey Santos, cedido en el Vasco da Gama por Chelsea de Inglaterra.<\/p>\n<p>Su rival, Italia, llega a esta cita mundialista tras ser semifinalista de las \u00faltimas dos ediciones de Mundiales Sub-20, aunque su mejor posici\u00f3n fue un tercer puesto en la historia de los Mundiales juveniles Sub-20.<\/p>\n<p>En el otro juego del Grupo D, Nigeria y Rep\u00fablica Dominicana, desde las 15 , abren su participaci\u00f3n en el torneo en un choque que abre el Mundial Sub-20 en la sede de Mendoza.<br \/>&nbsp;<\/p>\n","protected":false},"excerpt":{"rendered":"<p>Brasil debutar\u00e1 en el Mundial Sub-20 ante Italia en Mendoza | Foto: TW @CBF_Futebol Brasil e Italia ser\u00e1 el partido m\u00e1s destacado en la jornada de domingo del Mundial Sub-20 que se celebra en Argentina y que este s\u00e1bado dio comienzo con cuatro cotejos. El equipo \u00abverdeamarelho\u00bb y los \u00abazzurros\u00bb disputan uno de los dos [&hellip;]<\/p>\n","protected":false},"author":1,"featured_media":32498,"comment_status":"closed","ping_status":"closed","sticky":false,"template":"","format":"standard","meta":[],"categories":[10],"tags":[],"_links":{"self":[{"href":"http:\/\/nuevacordoba.net\/index.php\/wp-json\/wp\/v2\/posts\/32497"}],"collection":[{"href":"http:\/\/nuevacordoba.net\/index.php\/wp-json\/wp\/v2\/posts"}],"about":[{"href":"http:\/\/nuevacordoba.net\/index.php\/wp-json\/wp\/v2\/types\/post"}],"author":[{"embeddable":true,"href":"http:\/\/nuevacordoba.net\/index.php\/wp-json\/wp\/v2\/users\/1"}],"replies":[{"embeddable":true,"href":"http:\/\/nuevacordoba.net\/index.php\/wp-json\/wp\/v2\/comments?post=32497"}],"version-history":[{"count":0,"href":"http:\/\/nuevacordoba.net\/index.php\/wp-json\/wp\/v2\/posts\/32497\/revisions"}],"wp:featuredmedia":[{"embeddable":true,"href":"http:\/\/nuevacordoba.net\/index.php\/wp-json\/wp\/v2\/media\/32498"}],"wp:attachment":[{"href":"http:\/\/nuevacordoba.net\/index.php\/wp-json\/wp\/v2\/media?parent=32497"}],"wp:term":[{"taxonomy":"category","embeddable":true,"href":"http:\/\/nuevacordoba.net\/index.php\/wp-json\/wp\/v2\/categories?post=32497"},{"taxonomy":"post_tag","embeddable":true,"href":"http:\/\/nuevacordoba.net\/index.php\/wp-json\/wp\/v2\/tags?post=32497"}],"curies":[{"name":"wp","href":"https:\/\/api.w.org\/{rel}","templated":true}]}}