{"id":32563,"date":"2023-05-23T12:23:18","date_gmt":"2023-05-23T12:23:18","guid":{"rendered":"https:\/\/prensa.cba.gov.ar\/?p=552328"},"modified":"2023-05-23T12:23:18","modified_gmt":"2023-05-23T12:23:18","slug":"turismo-cordoba-y-mar-del-plata-firmaran-convenio-de-colaboracion","status":"publish","type":"post","link":"http:\/\/nuevacordoba.net\/index.php\/2023\/05\/23\/turismo-cordoba-y-mar-del-plata-firmaran-convenio-de-colaboracion\/","title":{"rendered":"Turismo: C\u00f3rdoba y Mar del Plata firmar\u00e1n convenio de colaboraci\u00f3n"},"content":{"rendered":"<div><img src=\"http:\/\/nuevacordoba.net\/wp-content\/uploads\/2023\/05\/turismo-cordoba-y-mar-del-plata-firmaran-convenio-de-colaboracion.jpg\" class=\"ff-og-image-inserted\"><\/div>\n<ul>\n<li><strong>Schiaretti y el intendente Montenegro sellar\u00e1n un acuerdo que contempla el intercambio de experiencias de gesti\u00f3n tur\u00edstica.<\/strong><\/li>\n<\/ul>\n<p>El gobernador Juan Schiaretti firmar\u00e1 hoy en Mar del Plata un convenio de colaboraci\u00f3n y asistencia tur\u00edstica con Guillermo Montenegro, intendente la localidad bonaerense.<\/p>\n<p>Estar\u00e1 tambi\u00e9n presente el presidente de la Agencia C\u00f3rdoba Turismo, Alejandro Lastra; as\u00ed como funcionarios del Ente Municipal de Turismo de Mar del Plata (EMTUR).<\/p>\n<p>Tanto la provincia de C\u00f3rdoba como la localidad de Mar del Plata otorgan a la actividad tur\u00edstica categor\u00eda de pol\u00edtica de Estado por su aporte en materia de generaci\u00f3n de empleo y contribuci\u00f3n a sus econom\u00edas.<\/p>\n<p>En ese sentido, el acuerdo que firmar\u00e1 Schiaretti \u201cpropiciar\u00e1 el intercambio de experiencias de gesti\u00f3n tur\u00edstica, as\u00ed como otras acciones que potencien la mutua integraci\u00f3n\u201d.<\/p>\n<p>El acto oficial se llevar\u00e1 a cabo en la sede del Ente Municipal de Turismo de Mar del Plata, a las 12.30 horas.<\/p>\n","protected":false},"excerpt":{"rendered":"<p>Schiaretti y el intendente Montenegro sellar\u00e1n un acuerdo que contempla el intercambio de experiencias de gesti\u00f3n tur\u00edstica. El gobernador Juan Schiaretti firmar\u00e1 hoy en Mar del Plata un convenio de colaboraci\u00f3n y asistencia tur\u00edstica con Guillermo Montenegro, intendente la localidad bonaerense. Estar\u00e1 tambi\u00e9n presente el presidente de la Agencia C\u00f3rdoba Turismo, Alejandro Lastra; as\u00ed como [&hellip;]<\/p>\n","protected":false},"author":1,"featured_media":32564,"comment_status":"closed","ping_status":"closed","sticky":false,"template":"","format":"standard","meta":[],"categories":[14],"tags":[],"_links":{"self":[{"href":"http:\/\/nuevacordoba.net\/index.php\/wp-json\/wp\/v2\/posts\/32563"}],"collection":[{"href":"http:\/\/nuevacordoba.net\/index.php\/wp-json\/wp\/v2\/posts"}],"about":[{"href":"http:\/\/nuevacordoba.net\/index.php\/wp-json\/wp\/v2\/types\/post"}],"author":[{"embeddable":true,"href":"http:\/\/nuevacordoba.net\/index.php\/wp-json\/wp\/v2\/users\/1"}],"replies":[{"embeddable":true,"href":"http:\/\/nuevacordoba.net\/index.php\/wp-json\/wp\/v2\/comments?post=32563"}],"version-history":[{"count":0,"href":"http:\/\/nuevacordoba.net\/index.php\/wp-json\/wp\/v2\/posts\/32563\/revisions"}],"wp:featuredmedia":[{"embeddable":true,"href":"http:\/\/nuevacordoba.net\/index.php\/wp-json\/wp\/v2\/media\/32564"}],"wp:attachment":[{"href":"http:\/\/nuevacordoba.net\/index.php\/wp-json\/wp\/v2\/media?parent=32563"}],"wp:term":[{"taxonomy":"category","embeddable":true,"href":"http:\/\/nuevacordoba.net\/index.php\/wp-json\/wp\/v2\/categories?post=32563"},{"taxonomy":"post_tag","embeddable":true,"href":"http:\/\/nuevacordoba.net\/index.php\/wp-json\/wp\/v2\/tags?post=32563"}],"curies":[{"name":"wp","href":"https:\/\/api.w.org\/{rel}","templated":true}]}}