{"id":3257,"date":"2021-04-15T09:12:28","date_gmt":"2021-04-15T09:12:28","guid":{"rendered":"http:\/\/nuevacordoba.net\/index.php\/2021\/04\/15\/cordoba-mantendra-el-actual-nivel-de-restricciones-contra-el-covid\/"},"modified":"2021-04-15T09:12:28","modified_gmt":"2021-04-15T09:12:28","slug":"cordoba-mantendra-el-actual-nivel-de-restricciones-contra-el-covid","status":"publish","type":"post","link":"http:\/\/nuevacordoba.net\/index.php\/2021\/04\/15\/cordoba-mantendra-el-actual-nivel-de-restricciones-contra-el-covid\/","title":{"rendered":"C\u00f3rdoba mantendr\u00e1 el actual nivel de restricciones contra el Covid"},"content":{"rendered":"<div><img src=\"http:\/\/nuevacordoba.net\/wp-content\/uploads\/2021\/04\/cordoba-mantendra-el-actual-nivel-de-restricciones-contra-el-covid.jpg\" class=\"ff-og-image-inserted\"><\/div>\n<p>Alberto Fern\u00e1ndez anunci\u00f3 anoche fuertes <a href=\"https:\/\/www.lavoz.com.ar\/temas\/restricciones\" target=\"_blank\" rel=\"noopener\">restricciones<\/a> por dos semanas para la circulaci\u00f3n y las actividades en el <a href=\"https:\/\/m.lavoz.com.ar\/lugares\/area-metropolitana-de-buenos-aires-amba\" target=\"_blank\" rel=\"noopener\">\u00c1rea Metropolitana de Buenos Aires (Amba)<\/a>, entre las 20 y las 6 de la ma\u00f1ana. Tambi\u00e9n dispuso el cierre de los colegios por el mismo lapso de tiempo. En C\u00f3rdoba, por su parte, el gobernador Juan Schiaretti decidi\u00f3 mantener el esquema de cierres que est\u00e1 vigente desde el jueves pasado.<\/p>\n<p>Eso significa que en la provincia de C\u00f3rdoba no habr\u00e1 nuevas restricciones. As\u00ed, se mantienen vedadas la circulaci\u00f3n y la actividad nocturna gastron\u00f3mica, de lunes a viernes, entre las 0 y las 6, y entre la 1 y las 6 los s\u00e1bados, domingos y feriados.<\/p>\n<p>\u201cSe mantendr\u00e1n los anuncios y medidas que el gobernador realiz\u00f3 la semana pasada\u201d, inform\u00f3 anoche a <strong>La Voz<\/strong> una fuente del Gobierno provincial.<\/p>\n<p>Esta vez no hubo un comunicado oficial para anunciar lo que el jefe del Panal decidi\u00f3. La explicaci\u00f3n es que el Presidente fij\u00f3 estas normas s\u00f3lo para el Amba.<\/p>\n<div class=\"block-ad-node\">\n<div>\n<p> <span>Publicidad<\/span> <\/p>\n<\/div>\n<\/div>\n<p>Luego de una jornada de muchas reuniones y negociaciones en la Casa Rosada y en la quinta presidencial de Olivos, finalmente, anoche, a las 20.45, en un mensaje de 18 minutos, Fern\u00e1ndez dio a conocer las nuevas medidas que regir\u00e1n \u00fanicamente para el Amba.<\/p>\n<p>En este marco, el jefe del Estado hizo una exhortaci\u00f3n a los gobernadores para que se sumen teniendo en cuenta la situaci\u00f3n sanitaria de cada distrito. Hasta anoche, el bonaerense Axel Kicillof y el catamarque\u00f1o Ra\u00fal Jalil apoyaron la decisi\u00f3n. \u201cEspero que los gobernadores que crean que deben acompa\u00f1arme, lo hagan. Pero es una responsabilidad de ellos, ya que estamos en un pa\u00eds federal\u201d, afirm\u00f3.<\/p>\n<p>Mientras, el jefe de Gobierno porte\u00f1o, el opositor Horacio Rodr\u00edguez Larreta, brindar\u00e1 hoy una conferencia de prensa para opinar sobre las restricciones resueltas por el Presidente, que afectan a su distrito.<\/p>\n<p>Las medidas restrictivas m\u00e1s importantes que regir\u00e1n desde ma\u00f1ana, por 14 d\u00edas, para el Amba, son las siguientes:<\/p>\n<p>Desde el lunes 19 y hasta el viernes 30 del corriente, se retorna a la modalidad virtual en los tres niveles educativos: primario, secundario y universitario.<\/p>\n<div class=\"block-ad-node\">\n<div>\n<p> <span>Publicidad<\/span> <\/p>\n<\/div>\n<\/div>\n<p>Se restringe la circulaci\u00f3n nocturna entre las 20 y las 6. Habr\u00e1 controles de las fuerzas federales.<\/p>\n<p>Quedan suspendidas las actividades recreativas, sociales, culturales, deportivas y religiosas en lugares cerrados.<\/p>\n<p>Las actividades comerciales concluir\u00e1n a las 19.<\/p>\n<div class=\"block-ad-node\">\n<div>\n<p> <span>Publicidad<\/span> <\/p>\n<\/div>\n<\/div>\n<p>Las actividades gastron\u00f3micas funcionar\u00e1n en modalidad de entrega a domicilio, luego de las 19.<\/p>\n<p class=\"SubTitulo\"><strong>Reclamo<\/strong><\/p>\n<p>Horas antes del mensaje del Presidente, hab\u00eda trascendido la mayor\u00eda de las medidas que luego se oficializaron. Sin embargo, la decisi\u00f3n de que no haya clases presenciales en todo el Amba sorprendi\u00f3. Todo indica que fue una resoluci\u00f3n de \u00faltimo momento.<\/p>\n<p>Durante el mensaje, el Presidente dej\u00f3 claro que la decisi\u00f3n de restringir la circulaci\u00f3n y las actividades en Ciudad Aut\u00f3noma de Buenos Aires fue personal, sin una negociaci\u00f3n con Rodr\u00edguez Larreta. \u201cVoy a cuidar la vida y la salud de los habitantes de la Ciudad de Buenos Aires, como la de los de la provincia de Buenos Aires\u201d, enfatiz\u00f3 Fern\u00e1ndez.<\/p>\n<p class=\"SubTitulo\"><strong>Enojo con los gobernadores<\/strong><\/p>\n<p>Durante las febriles reuniones de ayer trascendi\u00f3 cierto enojo del Presidente con gobernadores e intendentes, por no tomar medidas para bajar los contagios.<\/p>\n<p>\u201cEspero que los gobiernos provinciales y municipales fiscalicen las decisiones que tomamos y hagan cumplir las decisiones. Ojal\u00e1 entiendan que me tienen que acompa\u00f1ar en este momento dif\u00edcil\u201d, manifest\u00f3 el jefe del Estado.<\/p>\n<p>El gobernador Schiaretti no hizo ninguna menci\u00f3n a la situaci\u00f3n sanitaria. No se inform\u00f3 si habl\u00f3 ayer con el Presidente.<\/p>\n<p>Una hora antes del mensaje, el mandatario provincial visit\u00f3 Sald\u00e1n, donde habilit\u00f3 mejoras en el barrio San Francisco de esa localidad.<\/p>\n<p>Fuentes oficiales hab\u00edan adelantado que Schiaretti ya ten\u00eda decidido no modificar las restricciones anunciadas la semana pasada, hasta el 30 de abril, y que fueron consensuadas con los 427 intendentes y jefes comunales de la provincia.<\/p>\n<p>\u201cCada distrito tiene una situaci\u00f3n particular y siempre asumimos que una cosa es el Amba y otra las provincias. Despu\u00e9s del 30 abril veremos\u201d, afirm\u00f3 un schiarettista.<\/p>\n<p><strong>Cacerolazos.<\/strong> Luego de los anuncios del presidente Alberto Fern\u00e1ndez, en la Ciudad Aut\u00f3noma de Buenos Aires se produjeron cacerolazos en varios barrios. Incluso, hubo una caravana de autom\u00f3viles que lleg\u00f3 hasta la quinta presidencial de Olivos para hacer sentir el reclamo en contra de las medidas.<\/p>\n<p class=\"SubTitulo\"><strong>M\u00e1s informaci\u00f3n<\/strong><\/p>\n<div class=\"ctaNewsNotaContainer\" readability=\"6.5\">\n<div class=\"newsletterTextContainer\" readability=\"33\">\n<p> S\u00cdNTESIS POL\u00cdTICA<\/p>\n<p> Informaci\u00f3n exclusiva y el mejor an\u00e1lisis, los lunes en tu correo.<\/p>\n<form method=\"post\" action-xhr=\"https:\/\/www.lavoz.com.ar\/newsletters\/sintesis-politica\/signup\" id=\"newsletter-signup\" class=\"newsletterForm\" target=\"_blank\" custom-validation-reporting=\"as-you-go\" on=\"submit:AMP.setState({formLoading:true});submit-success:AMP.setState({formSuccess:true})\">\n<div submit-success class=\"is-paddingless-l\" readability=\"6\"> <template type=\"amp-mustache\" readability=\"2\"><\/p>\n<p> <strong>\u00a1Gracias por suscribirte!<\/strong><\/p>\n<p> <\/template><\/div>\n<div submit-error class=\"is-paddingless-l\" readability=\"6.5\"> <template type=\"amp-mustache\" readability=\"3\"><\/p>\n<p> <strong>Ha ocurrido un error, por favor intente nuevamente m\u00e1s tarde.<\/strong><\/p>\n<p> <\/template><\/div>\n<\/form>\n<\/div>\n<\/div>\n<div class=\"column is-inline-block\" readability=\"5.1111111111111\">\n<div class=\"notification is-padding-lr\" readability=\"5.962962962963\"> <a class=\"no-decoration is-font-bold\" href=\"https:\/\/www.lavoz.com.ar\/edicion-impresa\">Edici\u00f3n Impresa<\/a><\/p>\n<p class=\"is-font-sans-serif\">El texto original de este art\u00edculo fue publicado el 15\/04\/2021 en nuestra edici\u00f3n impresa.<\/p>\n<\/div>\n<\/div>\n<div>\n<p> <span>Publicidad<\/span> <\/p>\n<\/div>\n","protected":false},"excerpt":{"rendered":"<p>Alberto Fern\u00e1ndez anunci\u00f3 anoche fuertes restricciones por dos semanas para la circulaci\u00f3n y las actividades en el \u00c1rea Metropolitana de Buenos Aires (Amba), entre las 20 y las 6 de la ma\u00f1ana. Tambi\u00e9n dispuso el cierre de los colegios por el mismo lapso de tiempo. En C\u00f3rdoba, por su parte, el gobernador Juan Schiaretti decidi\u00f3 [&hellip;]<\/p>\n","protected":false},"author":1,"featured_media":3258,"comment_status":"closed","ping_status":"closed","sticky":false,"template":"","format":"standard","meta":[],"categories":[12],"tags":[],"_links":{"self":[{"href":"http:\/\/nuevacordoba.net\/index.php\/wp-json\/wp\/v2\/posts\/3257"}],"collection":[{"href":"http:\/\/nuevacordoba.net\/index.php\/wp-json\/wp\/v2\/posts"}],"about":[{"href":"http:\/\/nuevacordoba.net\/index.php\/wp-json\/wp\/v2\/types\/post"}],"author":[{"embeddable":true,"href":"http:\/\/nuevacordoba.net\/index.php\/wp-json\/wp\/v2\/users\/1"}],"replies":[{"embeddable":true,"href":"http:\/\/nuevacordoba.net\/index.php\/wp-json\/wp\/v2\/comments?post=3257"}],"version-history":[{"count":0,"href":"http:\/\/nuevacordoba.net\/index.php\/wp-json\/wp\/v2\/posts\/3257\/revisions"}],"wp:featuredmedia":[{"embeddable":true,"href":"http:\/\/nuevacordoba.net\/index.php\/wp-json\/wp\/v2\/media\/3258"}],"wp:attachment":[{"href":"http:\/\/nuevacordoba.net\/index.php\/wp-json\/wp\/v2\/media?parent=3257"}],"wp:term":[{"taxonomy":"category","embeddable":true,"href":"http:\/\/nuevacordoba.net\/index.php\/wp-json\/wp\/v2\/categories?post=3257"},{"taxonomy":"post_tag","embeddable":true,"href":"http:\/\/nuevacordoba.net\/index.php\/wp-json\/wp\/v2\/tags?post=3257"}],"curies":[{"name":"wp","href":"https:\/\/api.w.org\/{rel}","templated":true}]}}