{"id":32586,"date":"2023-05-23T18:22:14","date_gmt":"2023-05-23T18:22:14","guid":{"rendered":"http:\/\/cordobanewsnet.wordpress.com\/2023\/05\/23\/un-joven-esta-en-condicion-critica-despues-de-ser-apunalado-en-frente-del-patio-olmos\/"},"modified":"2023-05-23T18:22:14","modified_gmt":"2023-05-23T18:22:14","slug":"un-joven-esta-en-condicion-critica-despues-de-ser-apunalado-en-frente-del-patio-olmos","status":"publish","type":"post","link":"http:\/\/nuevacordoba.net\/index.php\/2023\/05\/23\/un-joven-esta-en-condicion-critica-despues-de-ser-apunalado-en-frente-del-patio-olmos\/","title":{"rendered":"Un joven est\u00e1 en condici\u00f3n cr\u00edtica despu\u00e9s de ser apu\u00f1alado en frente del Patio Olmos"},"content":{"rendered":"<p><!-- \/featured-media --> <\/p>\n<div class=\"post-content clear\" readability=\"39.71875\">\n<p>Durante la madrugada de este martes, en las cercan\u00edas del Patio Olmos, un joven de 24 a\u00f1os fue apu\u00f1alado despu\u00e9s de una pelea con otro hombre a la salida de un bar cercano. El caso qued\u00f3 a cargo del fiscal Rub\u00e9n Caro.<\/p>\n<figure class=\"wp-block-image size-large\"><img data-attachment-id=\"7975\" data-permalink=\"https:\/\/cordobanewsnet.wordpress.com\/2023\/05\/23\/un-joven-esta-en-condicion-critica-despues-de-ser-apunalado-en-frente-del-patio-olmos\/img_6887\/\" data-orig-file=\"http:\/\/nuevacordoba.net\/wp-content\/uploads\/2023\/05\/un-joven-esta-en-condicion-critica-despues-de-ser-apunalado-en-frente-del-patio-olmos-2.jpg\" data-orig-size=\"750,427\" data-comments-opened=\"1\" data-image-meta=\"{&quot;aperture&quot;:&quot;0&quot;,&quot;credit&quot;:&quot;&quot;,&quot;camera&quot;:&quot;&quot;,&quot;caption&quot;:&quot;&quot;,&quot;created_timestamp&quot;:&quot;0&quot;,&quot;copyright&quot;:&quot;&quot;,&quot;focal_length&quot;:&quot;0&quot;,&quot;iso&quot;:&quot;0&quot;,&quot;shutter_speed&quot;:&quot;0&quot;,&quot;title&quot;:&quot;&quot;,&quot;orientation&quot;:&quot;1&quot;}\" data-image-title=\"img_6887\" data-image-description data-image-caption data-medium-file=\"http:\/\/nuevacordoba.net\/wp-content\/uploads\/2023\/05\/un-joven-esta-en-condicion-critica-despues-de-ser-apunalado-en-frente-del-patio-olmos-2.jpg?w=300\" data-large-file=\"http:\/\/nuevacordoba.net\/wp-content\/uploads\/2023\/05\/un-joven-esta-en-condicion-critica-despues-de-ser-apunalado-en-frente-del-patio-olmos-2.jpg?w=736\" src=\"http:\/\/nuevacordoba.net\/wp-content\/uploads\/2023\/05\/un-joven-esta-en-condicion-critica-despues-de-ser-apunalado-en-frente-del-patio-olmos.jpg\" class=\"wp-image-7975\" srcset=\"http:\/\/nuevacordoba.net\/wp-content\/uploads\/2023\/05\/un-joven-esta-en-condicion-critica-despues-de-ser-apunalado-en-frente-del-patio-olmos-2.jpg 750w, http:\/\/nuevacordoba.net\/wp-content\/uploads\/2023\/05\/un-joven-esta-en-condicion-critica-despues-de-ser-apunalado-en-frente-del-patio-olmos-2.jpg?w=150 150w, http:\/\/nuevacordoba.net\/wp-content\/uploads\/2023\/05\/un-joven-esta-en-condicion-critica-despues-de-ser-apunalado-en-frente-del-patio-olmos-2.jpg?w=300 300w\" sizes=\"(max-width: 750px) 100vw, 750px\"><\/figure>\n<p>El incidente tuvo lugar en el centro de la ciudad de C\u00f3rdoba, alrededor de las dos de la madrugada, y la v\u00edctima sufri\u00f3 una pu\u00f1alada en el cuello que result\u00f3 en una herida grave. <\/p>\n<div id=\"jp-post-flair\" class=\"sharedaddy sd-like-enabled sd-sharing-enabled\">\n<div class=\"sharedaddy sd-sharing-enabled\">\n<div class=\"robots-nocontent sd-block sd-social sd-social-icon-text sd-sharing\">\n<h3 class=\"sd-title\">Share this:<\/h3>\n<\/div>\n<\/div>\n<div class=\"sharedaddy sd-block sd-like jetpack-likes-widget-wrapper jetpack-likes-widget-unloaded\" id=\"like-post-wrapper-143108178-7976-646d784dc44ea\" data-src=\"\/\/widgets.wp.com\/likes\/index.html?ver=20230309#blog_id=143108178&amp;post_id=7976&amp;origin=cordobanewsnet.wordpress.com&amp;obj_id=143108178-7976-646d784dc44ea\" data-name=\"like-post-frame-143108178-7976-646d784dc44ea\" data-title=\"Me gusta o Compartir\">\n<h3 class=\"sd-title\">Me gusta esto:<\/h3>\n<p><span class=\"button\"><span>Me gusta<\/span><\/span> <span class=\"loading\">Cargando&#8230;<\/span><\/p>\n<p><span class=\"sd-text-color\"><\/span><\/div>\n<p><h3 class=\"jp-relatedposts-headline\"><em>Relacionado<\/em><\/h3>\n<\/p>\n<\/div><\/div>\n<p><!--\/.post-content--> <\/p>\n<footer class=\"post-meta-container clear\" readability=\"0.98507462686567\">\n<div class=\"entry-author author-avatar-show\" readability=\"14.031746031746\">\n<div class=\"author-avatar\"> <img loading=\"lazy\" alt src=\"http:\/\/nuevacordoba.net\/wp-content\/uploads\/2023\/05\/un-joven-esta-en-condicion-critica-despues-de-ser-apunalado-en-frente-del-patio-olmos-1.jpg\" class=\"avatar avatar-90\" height=\"90\" width=\"90\"> <\/div>\n<p><!-- .author-avatar --> <\/p>\n<p><h2 class=\"author-title\">Publicado por <span class=\"author-name\">angelaponso<\/span><\/h2>\n<\/p>\n<p><!-- .author-heading --> <\/p>\n<p class=\"author-bio\"> <a class=\"author-link\" href=\"https:\/\/cordobanewsnet.wordpress.com\/author\/angelaponso\/\" rel=\"author\"> Ver todas las entradas de angelaponso <\/a> <\/p>\n<p><!-- .author-bio --> <\/div>\n<p><!-- .entry-auhtor --> <\/footer>\n<p> <!-- \/post-meta-container --> <!-- #respond --> <\/p>\n","protected":false},"excerpt":{"rendered":"<p>Durante la madrugada de este martes, en las cercan\u00edas del Patio Olmos, un joven de 24 a\u00f1os fue apu\u00f1alado despu\u00e9s de una pelea con otro hombre a la salida de un bar cercano. El caso qued\u00f3 a cargo del fiscal Rub\u00e9n Caro. El incidente tuvo lugar en el centro de la ciudad de C\u00f3rdoba, alrededor [&hellip;]<\/p>\n","protected":false},"author":1,"featured_media":32587,"comment_status":"closed","ping_status":"closed","sticky":false,"template":"","format":"standard","meta":[],"categories":[14],"tags":[],"_links":{"self":[{"href":"http:\/\/nuevacordoba.net\/index.php\/wp-json\/wp\/v2\/posts\/32586"}],"collection":[{"href":"http:\/\/nuevacordoba.net\/index.php\/wp-json\/wp\/v2\/posts"}],"about":[{"href":"http:\/\/nuevacordoba.net\/index.php\/wp-json\/wp\/v2\/types\/post"}],"author":[{"embeddable":true,"href":"http:\/\/nuevacordoba.net\/index.php\/wp-json\/wp\/v2\/users\/1"}],"replies":[{"embeddable":true,"href":"http:\/\/nuevacordoba.net\/index.php\/wp-json\/wp\/v2\/comments?post=32586"}],"version-history":[{"count":0,"href":"http:\/\/nuevacordoba.net\/index.php\/wp-json\/wp\/v2\/posts\/32586\/revisions"}],"wp:featuredmedia":[{"embeddable":true,"href":"http:\/\/nuevacordoba.net\/index.php\/wp-json\/wp\/v2\/media\/32587"}],"wp:attachment":[{"href":"http:\/\/nuevacordoba.net\/index.php\/wp-json\/wp\/v2\/media?parent=32586"}],"wp:term":[{"taxonomy":"category","embeddable":true,"href":"http:\/\/nuevacordoba.net\/index.php\/wp-json\/wp\/v2\/categories?post=32586"},{"taxonomy":"post_tag","embeddable":true,"href":"http:\/\/nuevacordoba.net\/index.php\/wp-json\/wp\/v2\/tags?post=32586"}],"curies":[{"name":"wp","href":"https:\/\/api.w.org\/{rel}","templated":true}]}}