{"id":3259,"date":"2021-04-15T07:02:39","date_gmt":"2021-04-15T07:02:39","guid":{"rendered":"http:\/\/cordobanewsnet.wordpress.com\/?p=5310"},"modified":"2021-04-15T07:02:39","modified_gmt":"2021-04-15T07:02:39","slug":"una-por-una-las-medidas-de-alberto-fernandez-para-el-amba","status":"publish","type":"post","link":"http:\/\/nuevacordoba.net\/index.php\/2021\/04\/15\/una-por-una-las-medidas-de-alberto-fernandez-para-el-amba\/","title":{"rendered":"Una por una, las medidas de Alberto Fern\u00e1ndez para el AMBA"},"content":{"rendered":"<p>El Presidente Alberto Fern\u00e1ndez asegur\u00f3 este mi\u00e9rcoles que \u201cse han multiplicado por dos los contagios\u201d de coronavirus \u201cen un mes\u201d y se\u00f1al\u00f3 que esos casos \u201cse concentran en el \u00c1rea Metropolitana de Buenos Aires\u201d (AMBA), por lo que anunci\u00f3 la&nbsp;ampliaci\u00f3n de la restricci\u00f3n de circulaci\u00f3n del horario nocturno, la suspensi\u00f3n de clases y la suspensi\u00f3n de actividades recreativas, culturales, sociales y deportivas.<\/p>\n<p>LAS MEDIDAS:<\/p>\n<p>Restringir la circulaci\u00f3n nocturna entre las 20 y las 6.<\/p>\n<p>\u2013 Suspensi\u00f3n de las actividades recreativas, sociales, culturales, deportivas y religiosas en lugares cerrados.<\/p>\n<p>\u2013 Cierre de actividades comerciales a las 19.<\/p>\n<p>\u2013 Las actividades gastron\u00f3micas funcionar\u00e1n bajo la modalidad de entrega a domicilio o take away a partir de las 19.<\/p>\n<p>\u2013 Desde el lunes 19 hasta el viernes 30 de abril, las clases volver\u00e1n a adoptar la modalidad virtual en los tres niveles educativos.<\/p>\n<p>La restricci\u00f3n para las actividades comerciales, recreativas y gastron\u00f3micas rige a partir de las cero horas del viernes.<\/p>\n<p>El Presidente invit\u00f3 a los gobernadores a adherir a estas medidas, pero dej\u00f3 claro que ellos tienen la facultad de disponer si las acompa\u00f1an o no, porque es su potestad.<\/p>\n<p>Durante el mensaje, el Presidente tambi\u00e9n se refiri\u00f3 al \u201cesfuerzo enorme\u201d que hizo el Gobierno nacional para conseguir vacunas y asegur\u00f3 que el objetivo es en este marco de restricciones para frenar los contagios de coronavirus, \u201cno detener el proceso vacunatorio\u201d y que \u201cel sistema sanitario no se sature\u201d.<\/p>\n<p>Asumi\u00f3, sin embargo, que las vacunas est\u00e1n \u201csiendo acaparadas por un n\u00famero reducido de pa\u00edses\u201d y tambi\u00e9n que los que las producen prefieren negociar con los Estados nacionales y no con los gobernadores a la hora de vender las dosis.<\/p>\n<p>Tambi\u00e9n dijo que&nbsp;\u201clas fuerzas de seguridad quedan afectadas al control de las medidas sanitarias\u201d y que \u201clas Fuerzas Armadas colaborar\u00e1n con la atenci\u00f3n sanitaria en distintos puntos del AMBA,&nbsp;ayudando a prestar asistencia con control de test\u201d<\/p>\n<figure class=\"wp-block-image size-large\"><img data-attachment-id=\"5157\" data-permalink=\"https:\/\/cordobanewsnet.wordpress.com\/2021\/03\/19\/coronavirus-alberto-fernandez-pidio-a-la-poblacion-profundizar-los-cuidados\/866d8c95-4a6d-4d89-b9fd-95772f8178ac\/\" data-orig-file=\"http:\/\/nuevacordoba.net\/wp-content\/uploads\/2021\/04\/una-por-una-las-medidas-de-alberto-fernandez-para-el-amba-4.jpg\" data-orig-size=\"800,458\" data-comments-opened=\"1\" data-image-meta=\"{&quot;aperture&quot;:&quot;0&quot;,&quot;credit&quot;:&quot;&quot;,&quot;camera&quot;:&quot;&quot;,&quot;caption&quot;:&quot;&quot;,&quot;created_timestamp&quot;:&quot;0&quot;,&quot;copyright&quot;:&quot;&quot;,&quot;focal_length&quot;:&quot;0&quot;,&quot;iso&quot;:&quot;0&quot;,&quot;shutter_speed&quot;:&quot;0&quot;,&quot;title&quot;:&quot;&quot;,&quot;orientation&quot;:&quot;1&quot;}\" data-image-title=\"866D8C95-4A6D-4D89-B9FD-95772F8178AC\" data-image-description data-medium-file=\"http:\/\/nuevacordoba.net\/wp-content\/uploads\/2021\/04\/una-por-una-las-medidas-de-alberto-fernandez-para-el-amba-2.jpg\" data-large-file=\"http:\/\/nuevacordoba.net\/wp-content\/uploads\/2021\/04\/una-por-una-las-medidas-de-alberto-fernandez-para-el-amba.jpg\" src=\"http:\/\/nuevacordoba.net\/wp-content\/uploads\/2021\/04\/una-por-una-las-medidas-de-alberto-fernandez-para-el-amba.jpg\" alt class=\"wp-image-5157\" srcset=\"http:\/\/nuevacordoba.net\/wp-content\/uploads\/2021\/04\/una-por-una-las-medidas-de-alberto-fernandez-para-el-amba.jpg 736w, http:\/\/nuevacordoba.net\/wp-content\/uploads\/2021\/04\/una-por-una-las-medidas-de-alberto-fernandez-para-el-amba-1.jpg 150w, http:\/\/nuevacordoba.net\/wp-content\/uploads\/2021\/04\/una-por-una-las-medidas-de-alberto-fernandez-para-el-amba-2.jpg 300w, http:\/\/nuevacordoba.net\/wp-content\/uploads\/2021\/04\/una-por-una-las-medidas-de-alberto-fernandez-para-el-amba-3.jpg 768w, http:\/\/nuevacordoba.net\/wp-content\/uploads\/2021\/04\/una-por-una-las-medidas-de-alberto-fernandez-para-el-amba-4.jpg 800w\" sizes=\"(max-width: 736px) 100vw, 736px\"><\/figure>\n<div id=\"jp-post-flair\" class=\"sharedaddy sd-like-enabled sd-sharing-enabled\">\n<div class=\"sharedaddy sd-sharing-enabled\">\n<div class=\"robots-nocontent sd-block sd-social sd-social-icon-text sd-sharing\">\n<h3 class=\"sd-title\">Share this:<\/h3>\n<\/div>\n<\/div>\n<div class=\"sharedaddy sd-block sd-like jetpack-likes-widget-wrapper jetpack-likes-widget-unloaded\" id=\"like-post-wrapper-143108178-5310-607818ad678e8\" data-src=\"\/\/widgets.wp.com\/likes\/index.html?ver=20210413#blog_id=143108178&amp;post_id=5310&amp;origin=cordobanewsnet.wordpress.com&amp;obj_id=143108178-5310-607818ad678e8\" data-name=\"like-post-frame-143108178-5310-607818ad678e8\">\n<h3 class=\"sd-title\">Me gusta esto:<\/h3>\n<p><span class=\"button\"><span>Me gusta<\/span><\/span> <span class=\"loading\">Cargando&#8230;<\/span><\/p>\n<p><span class=\"sd-text-color\"><\/span><\/div>\n<p><h3 class=\"jp-relatedposts-headline\"><em>Relacionado<\/em><\/h3>\n<\/p>\n<\/div>\n","protected":false},"excerpt":{"rendered":"<p>El Presidente Alberto Fern\u00e1ndez asegur\u00f3 este mi\u00e9rcoles que \u201cse han multiplicado por dos los contagios\u201d de coronavirus \u201cen un mes\u201d y se\u00f1al\u00f3 que esos casos \u201cse concentran en el \u00c1rea Metropolitana de Buenos Aires\u201d (AMBA), por lo que anunci\u00f3 la&nbsp;ampliaci\u00f3n de la restricci\u00f3n de circulaci\u00f3n del horario nocturno, la suspensi\u00f3n de clases y la suspensi\u00f3n [&hellip;]<\/p>\n","protected":false},"author":1,"featured_media":3260,"comment_status":"closed","ping_status":"closed","sticky":false,"template":"","format":"standard","meta":[],"categories":[14],"tags":[],"_links":{"self":[{"href":"http:\/\/nuevacordoba.net\/index.php\/wp-json\/wp\/v2\/posts\/3259"}],"collection":[{"href":"http:\/\/nuevacordoba.net\/index.php\/wp-json\/wp\/v2\/posts"}],"about":[{"href":"http:\/\/nuevacordoba.net\/index.php\/wp-json\/wp\/v2\/types\/post"}],"author":[{"embeddable":true,"href":"http:\/\/nuevacordoba.net\/index.php\/wp-json\/wp\/v2\/users\/1"}],"replies":[{"embeddable":true,"href":"http:\/\/nuevacordoba.net\/index.php\/wp-json\/wp\/v2\/comments?post=3259"}],"version-history":[{"count":0,"href":"http:\/\/nuevacordoba.net\/index.php\/wp-json\/wp\/v2\/posts\/3259\/revisions"}],"wp:featuredmedia":[{"embeddable":true,"href":"http:\/\/nuevacordoba.net\/index.php\/wp-json\/wp\/v2\/media\/3260"}],"wp:attachment":[{"href":"http:\/\/nuevacordoba.net\/index.php\/wp-json\/wp\/v2\/media?parent=3259"}],"wp:term":[{"taxonomy":"category","embeddable":true,"href":"http:\/\/nuevacordoba.net\/index.php\/wp-json\/wp\/v2\/categories?post=3259"},{"taxonomy":"post_tag","embeddable":true,"href":"http:\/\/nuevacordoba.net\/index.php\/wp-json\/wp\/v2\/tags?post=3259"}],"curies":[{"name":"wp","href":"https:\/\/api.w.org\/{rel}","templated":true}]}}