{"id":32600,"date":"2023-05-24T16:40:17","date_gmt":"2023-05-24T16:40:17","guid":{"rendered":"http:\/\/nuevacordoba.net\/index.php\/2023\/05\/24\/el-equipo-de-mascherano-se-despidio-de-santiago-del-estero-y-se-traslada-a-san-juan\/"},"modified":"2023-05-24T16:40:17","modified_gmt":"2023-05-24T16:40:17","slug":"el-equipo-de-mascherano-se-despidio-de-santiago-del-estero-y-se-traslada-a-san-juan","status":"publish","type":"post","link":"http:\/\/nuevacordoba.net\/index.php\/2023\/05\/24\/el-equipo-de-mascherano-se-despidio-de-santiago-del-estero-y-se-traslada-a-san-juan\/","title":{"rendered":"El equipo de Mascherano se despidi\u00f3 de Santiago del Estero y se traslada a San Juan"},"content":{"rendered":"<figure class=\"mb-3\"><img loading=\"lazy\" data-src=\"http:\/\/nuevacordoba.net\/wp-content\/uploads\/2023\/05\/el-equipo-de-mascherano-se-despidio-de-santiago-del-estero-y-se-traslada-a-san-juan.jpg\" src=\"https:\/\/www.telam.com.ar\/assets\/img\/not_image.png\" class=\" lazy \" width=\"100%\" height=\"100%\" alt=\"Argentina traslada su ilusin a San Juan en el Mundial Sub20 Foto Alfrredo Luna\"><figcaption> Argentina traslada su ilusi\u00f3n a San Juan en el Mundial Sub-20 | Foto: Alfrredo Luna <\/figcaption><\/figure>\n<p>El seleccionado argentino Sub-20, dirigido por Javier Mascherano, se qued\u00f3 el martes en Santiago del Estero y este mi\u00e9rcoles emprender\u00e1 vuelo hacia San Juan de cara al tercer y \u00faltimo partido del grupo A del Mundial de la categor\u00eda.<\/p>\n<p>El plantel que logr\u00f3 la clasificaci\u00f3n a los octavos de final con la goleada 3-0 ante Guatemala descans\u00f3 en el hotel NH de la capital santiague\u00f1a y luego se trasladar\u00e1 al aeropuerto para subirse al avi\u00f3n que despegar\u00e1 a las 13.30 con destino a San Juan, seg\u00fan inform\u00f3 prensa de AFA a la Agencia T\u00e9lam.<\/p>\n<p>El arribo a tierra sanjuanina est\u00e1 estipulado para las 15 y aprovechar\u00e1 el d\u00eda despu\u00e9s para realizar un entrenamiento a puertas cerradas, programado para las 18.30, con lugar a definir.<\/p>\n<p>Argentina, l\u00edder del grupo A con 6 puntos, enfrentar\u00e1 el viernes 26 a su escolta Nueva Zelanda (4), en el \u00faltimo partido de la fase regular. Al equipo de Mascherano le alcanza con un empate para quedarse con el primer puesto.<\/p>\n<h2 class>La clasificaci\u00f3n del equipo de Mascherano ocup\u00f3 las portadas santiague\u00f1as<\/h2>\n<p>La clasificaci\u00f3n del seleccionado argentino Sub-20 a los octavos de final del Mundial ocup\u00f3 este mi\u00e9rcoles las portadas de los diarios de Santiago del Estero, tras la goleada 3-0 ante Guatemala en el Madre de Ciudades.<\/p>\n<p>\u00abGoleada y clasificaci\u00f3n\u00bb, titul\u00f3 El Liberal con una foto del sonriente delantero de Rosario Central Alejo V\u00e9liz, autor del primer gol para el equipo que dirige Javier Mascherano.<\/p>\n<p>La gran actuaci\u00f3n del seleccionado juvenil encabez\u00f3 los t\u00edtulos deportivos y result\u00f3 la noticia m\u00e1s destacada para El Liberal.<\/p>\n<blockquote class=\"twitter-tweet\" readability=\"2.2222222222222\">\n<p lang=\"es\" dir=\"ltr\">La <a href=\"https:\/\/twitter.com\/hashtag\/Tapa?src=hash&amp;ref_src=twsrc%5Etfw\">#Tapa<\/a> del <a href=\"https:\/\/twitter.com\/hashtag\/Deportivo?src=hash&amp;ref_src=twsrc%5Etfw\">#Deportivo<\/a> de <a href=\"https:\/\/twitter.com\/hashtag\/NuevoDiario?src=hash&amp;ref_src=twsrc%5Etfw\">#NuevoDiario<\/a> <a href=\"https:\/\/t.co\/mtITbTpfKO\">pic.twitter.com\/mtITbTpfKO<\/a><\/p>\n<p>\u2014 Nuevo Diario Web (@NuevoDiarioSDE) <a href=\"https:\/\/twitter.com\/NuevoDiarioSDE\/status\/1661344271847366656?ref_src=twsrc%5Etfw\">May 24, 2023<\/a><\/p><\/blockquote>\n<p>En sinton\u00eda, Nuevo Diario celebr\u00f3 el segundo \u00e9xito consecutivo del equipo de Mascherano para el pase a octavos con una imagen en la celebraci\u00f3n del gol del delantero Luka Romero.<\/p>\n<p>Los portales de El Progreso, Sur Santiague\u00f1o y Diario Panorama tambi\u00e9n se hicieron eco del primer gran objetivo cumplido del Sub-20 argentino en el Mundial que se desarrolla en el pa\u00eds.<\/p>\n<p>Argentina disput\u00f3 el martes a la noche su \u00faltimo partido en el Madre de Ciudades de Santiago del Estero. El tercer partido del grupo A lo jugar\u00e1 el pr\u00f3ximo viernes ante Nueva Zelanda en el Bicentenario de San Juan. <\/p>\n","protected":false},"excerpt":{"rendered":"<p>Argentina traslada su ilusi\u00f3n a San Juan en el Mundial Sub-20 | Foto: Alfrredo Luna El seleccionado argentino Sub-20, dirigido por Javier Mascherano, se qued\u00f3 el martes en Santiago del Estero y este mi\u00e9rcoles emprender\u00e1 vuelo hacia San Juan de cara al tercer y \u00faltimo partido del grupo A del Mundial de la categor\u00eda. El [&hellip;]<\/p>\n","protected":false},"author":1,"featured_media":32601,"comment_status":"closed","ping_status":"closed","sticky":false,"template":"","format":"standard","meta":[],"categories":[10],"tags":[],"_links":{"self":[{"href":"http:\/\/nuevacordoba.net\/index.php\/wp-json\/wp\/v2\/posts\/32600"}],"collection":[{"href":"http:\/\/nuevacordoba.net\/index.php\/wp-json\/wp\/v2\/posts"}],"about":[{"href":"http:\/\/nuevacordoba.net\/index.php\/wp-json\/wp\/v2\/types\/post"}],"author":[{"embeddable":true,"href":"http:\/\/nuevacordoba.net\/index.php\/wp-json\/wp\/v2\/users\/1"}],"replies":[{"embeddable":true,"href":"http:\/\/nuevacordoba.net\/index.php\/wp-json\/wp\/v2\/comments?post=32600"}],"version-history":[{"count":0,"href":"http:\/\/nuevacordoba.net\/index.php\/wp-json\/wp\/v2\/posts\/32600\/revisions"}],"wp:featuredmedia":[{"embeddable":true,"href":"http:\/\/nuevacordoba.net\/index.php\/wp-json\/wp\/v2\/media\/32601"}],"wp:attachment":[{"href":"http:\/\/nuevacordoba.net\/index.php\/wp-json\/wp\/v2\/media?parent=32600"}],"wp:term":[{"taxonomy":"category","embeddable":true,"href":"http:\/\/nuevacordoba.net\/index.php\/wp-json\/wp\/v2\/categories?post=32600"},{"taxonomy":"post_tag","embeddable":true,"href":"http:\/\/nuevacordoba.net\/index.php\/wp-json\/wp\/v2\/tags?post=32600"}],"curies":[{"name":"wp","href":"https:\/\/api.w.org\/{rel}","templated":true}]}}