{"id":32608,"date":"2023-05-24T15:26:45","date_gmt":"2023-05-24T15:26:45","guid":{"rendered":"https:\/\/cordoba.gob.ar\/?p=44765"},"modified":"2023-05-24T15:26:45","modified_gmt":"2023-05-24T15:26:45","slug":"llaryora-recibio-a-una-delegacion-de-consejeros-de-la-union-europea","status":"publish","type":"post","link":"http:\/\/nuevacordoba.net\/index.php\/2023\/05\/24\/llaryora-recibio-a-una-delegacion-de-consejeros-de-la-union-europea\/","title":{"rendered":"Llaryora recibi\u00f3 a una delegaci\u00f3n de consejeros de la Uni\u00f3n Europea"},"content":{"rendered":"<div><img src=\"http:\/\/nuevacordoba.net\/wp-content\/uploads\/2023\/05\/llaryora-recibio-a-una-delegacion-de-consejeros-de-la-union-europea.jpg\" class=\"ff-og-image-inserted\"><\/div>\n<ul>\n<li><strong>El encuentro fue con representantes de 10 embajadas, junto al jefe de Misi\u00f3n adjunto de la Delegaci\u00f3n de la Uni\u00f3n Europea en Argentina.<\/strong><\/li>\n<\/ul>\n<hr>\n<p>El intendente municipal, Mart\u00edn Llaryora recibi\u00f3 a referentes de la Uni\u00f3n Europea, quienes se encuentran de visita en la ciudad de C\u00f3rdoba.<\/p>\n<p>El encuentro, que propici\u00f3 el di\u00e1logo y el intercambio, busc\u00f3 profundizar el conocimiento en la vida institucional, social, educativa y productiva de la ciudad, con vistas a incrementar los lazos de cooperaci\u00f3n con la Uni\u00f3n Europea y sus Estados Miembros.<\/p>\n<p>Los consejeros pol\u00edticos, jefes de misi\u00f3n adjuntos, representan a las Embajadas de Polonia, Eslovenia, Alemania, Francia, Grecia, Suecia, Croacia, Irlanda, Hungr\u00eda y Rep\u00fablica Checa.<\/p>\n<p>El jefe de la secci\u00f3n pol\u00edtica y de diplomacia p\u00fablica de la Delegaci\u00f3n de la Uni\u00f3n Europea, Eran Nagan acompa\u00f1\u00f3 al grupo de consejeros.<\/p>\n<p>Durante la reuni\u00f3n, acompa\u00f1aron al Intendente la secretaria de Planeamiento, Modernizaci\u00f3n y Relaciones Internacionales, Alejandra Torres; el secretario de Econom\u00eda y Finanzas, Guillermo Acosta; el secretario de gesti\u00f3n Ambiental y Sostenibilidad, Jorge Folloni; y el director general de Relaciones Internacionales y Cooperaci\u00f3n, Rodrigo Ceballos Bisso.<\/p>\n<p>En la oportunidad los referentes del municipio compartieron con la delegaci\u00f3n de la UE la experiencia de la ciudad de C\u00f3rdoba sobre econom\u00eda circular y biodiversidad; y transformaci\u00f3n digital, construyendo los nuevos paradigmas de ciudad con una visi\u00f3n orientada hacia el ciudadano y hacia el vecino, priorizando la puesta en valor de los espacios p\u00fablicos, priorizando el ambiente.<\/p>\n<p>A su vez, hablaron de programas de impacto social en la ciudad destinado a diferentes organizaciones.<\/p>\n<p>El intendente les coment\u00f3 sobre los proyectos vigentes que cuentan con cooperaci\u00f3n internacional y sobre la experiencia a trav\u00e9s de la creaci\u00f3n del primer centro de atenci\u00f3n al migrante, CAPeM, adem\u00e1s del trabajo que realiza el municipio para promover y potenciar el desarrollo productivo, con la creaci\u00f3n de clusters relacionados a diferentes \u00e1reas.<\/p>\n<p>La delegaci\u00f3n que visit\u00f3 el municipio estuvo integrada por Khatchik Derghougassian, asesor pol\u00edtico de la Delegaci\u00f3n de la UE en Argentina; Agnieszka Rymsza, jefa de misi\u00f3n Adjunta, Consejera, jefa de secci\u00f3n pol\u00edtica y econ\u00f3mica de la Embajada de Polonia e Igor \u0160ef, Ministro Consejero, jefe de Misi\u00f3n Adjunto, Secci\u00f3n pol\u00edtica y asuntos consulares de la Embajada de Eslovenia.<\/p>\n<p>Adem\u00e1s, estuvieron presentes Philipp Herzog, Encargado de Asuntos Pol\u00edticos, Embajada de la Rep\u00fablica Federal de Alemania; el jefe de Misi\u00f3n Adjunto de Grecia, Fotis Filentas , Ulrika Grufman, jefa de Misi\u00f3n Adjunto, Primera Secretaria, Embajada de Suecia y la ministra, Encargada de asuntos pol\u00edticos y econ\u00f3micos, Jefa de Misi\u00f3n Adjunta de Croacia, Mirjana Bozic.<\/p>\n<p>Tambi\u00e9n fueron de la partida Niamh Kavanagh, jefa de Misi\u00f3n Adjunto, Irlanda; Virginie Reynal de St Michel, consejero pol\u00edtico de Francia; la jefa de Misi\u00f3n Adjunta, consejera pol\u00edtica, C\u00f3nsul Embajada de Hungr\u00eda, Carmen Csernelh\u00e1zi, y Filip Kanda, jefe de Misi\u00f3n Adjunto, Embajada de la Rep\u00fablica Checa.<\/p>\n<p>En su visita a C\u00f3rdoba, recorrieron empresas y referentes de organizaciones de la sociedad civil, adem\u00e1s de c\u00e1maras, clusters, universidades y emprendedores locales.<\/p>\n<p>Tambi\u00e9n tuvieron un encuentro en Volkswagen, conocieron el sector productivo e industrial de la ciudad y su potencial.<\/p>\n<p>La misi\u00f3n de esta delegaci\u00f3n en la ciudad de C\u00f3rdoba tambi\u00e9n cont\u00f3 con instancias de encuentro con referentes del gobierno provincial.<\/p>\n","protected":false},"excerpt":{"rendered":"<p>El encuentro fue con representantes de 10 embajadas, junto al jefe de Misi\u00f3n adjunto de la Delegaci\u00f3n de la Uni\u00f3n Europea en Argentina. El intendente municipal, Mart\u00edn Llaryora recibi\u00f3 a referentes de la Uni\u00f3n Europea, quienes se encuentran de visita en la ciudad de C\u00f3rdoba. El encuentro, que propici\u00f3 el di\u00e1logo y el intercambio, busc\u00f3 [&hellip;]<\/p>\n","protected":false},"author":1,"featured_media":32609,"comment_status":"closed","ping_status":"closed","sticky":false,"template":"","format":"standard","meta":[],"categories":[14],"tags":[],"_links":{"self":[{"href":"http:\/\/nuevacordoba.net\/index.php\/wp-json\/wp\/v2\/posts\/32608"}],"collection":[{"href":"http:\/\/nuevacordoba.net\/index.php\/wp-json\/wp\/v2\/posts"}],"about":[{"href":"http:\/\/nuevacordoba.net\/index.php\/wp-json\/wp\/v2\/types\/post"}],"author":[{"embeddable":true,"href":"http:\/\/nuevacordoba.net\/index.php\/wp-json\/wp\/v2\/users\/1"}],"replies":[{"embeddable":true,"href":"http:\/\/nuevacordoba.net\/index.php\/wp-json\/wp\/v2\/comments?post=32608"}],"version-history":[{"count":0,"href":"http:\/\/nuevacordoba.net\/index.php\/wp-json\/wp\/v2\/posts\/32608\/revisions"}],"wp:featuredmedia":[{"embeddable":true,"href":"http:\/\/nuevacordoba.net\/index.php\/wp-json\/wp\/v2\/media\/32609"}],"wp:attachment":[{"href":"http:\/\/nuevacordoba.net\/index.php\/wp-json\/wp\/v2\/media?parent=32608"}],"wp:term":[{"taxonomy":"category","embeddable":true,"href":"http:\/\/nuevacordoba.net\/index.php\/wp-json\/wp\/v2\/categories?post=32608"},{"taxonomy":"post_tag","embeddable":true,"href":"http:\/\/nuevacordoba.net\/index.php\/wp-json\/wp\/v2\/tags?post=32608"}],"curies":[{"name":"wp","href":"https:\/\/api.w.org\/{rel}","templated":true}]}}