{"id":32612,"date":"2023-05-24T14:01:31","date_gmt":"2023-05-24T14:01:31","guid":{"rendered":"http:\/\/cordobanewsnet.wordpress.com\/2023\/05\/24\/descenso-de-temperaturas-en-cordoba-durante-el-finde-largo\/"},"modified":"2023-05-24T14:01:31","modified_gmt":"2023-05-24T14:01:31","slug":"descenso-de-temperaturas-en-cordoba-durante-el-finde-largo","status":"publish","type":"post","link":"http:\/\/nuevacordoba.net\/index.php\/2023\/05\/24\/descenso-de-temperaturas-en-cordoba-durante-el-finde-largo\/","title":{"rendered":"Descenso de temperaturas en C\u00f3rdoba durante el finde largo"},"content":{"rendered":"<p><!-- \/featured-media --> <\/p>\n<div class=\"post-content clear\" readability=\"41.901192504259\">\n<figure class=\"wp-block-image size-large\"><img data-attachment-id=\"7979\" data-permalink=\"https:\/\/cordobanewsnet.wordpress.com\/2023\/05\/24\/descenso-de-temperaturas-en-cordoba-durante-el-finde-largo\/img_6893\/\" data-orig-file=\"http:\/\/nuevacordoba.net\/wp-content\/uploads\/2023\/05\/descenso-de-temperaturas-en-cordoba-durante-el-finde-largo.jpg\" data-orig-size=\"791,445\" data-comments-opened=\"1\" data-image-meta=\"{&quot;aperture&quot;:&quot;0&quot;,&quot;credit&quot;:&quot;&quot;,&quot;camera&quot;:&quot;&quot;,&quot;caption&quot;:&quot;&quot;,&quot;created_timestamp&quot;:&quot;0&quot;,&quot;copyright&quot;:&quot;&quot;,&quot;focal_length&quot;:&quot;0&quot;,&quot;iso&quot;:&quot;0&quot;,&quot;shutter_speed&quot;:&quot;0&quot;,&quot;title&quot;:&quot;&quot;,&quot;orientation&quot;:&quot;1&quot;}\" data-image-title=\"img_6893\" data-image-description data-image-caption data-medium-file=\"http:\/\/nuevacordoba.net\/wp-content\/uploads\/2023\/05\/descenso-de-temperaturas-en-cordoba-durante-el-finde-largo.jpg?w=300\" data-large-file=\"http:\/\/nuevacordoba.net\/wp-content\/uploads\/2023\/05\/descenso-de-temperaturas-en-cordoba-durante-el-finde-largo.jpg?w=736\" src=\"http:\/\/nuevacordoba.net\/wp-content\/uploads\/2023\/05\/descenso-de-temperaturas-en-cordoba-durante-el-finde-largo.jpg\" class=\"wp-image-7979\" srcset=\"http:\/\/nuevacordoba.net\/wp-content\/uploads\/2023\/05\/descenso-de-temperaturas-en-cordoba-durante-el-finde-largo.jpg 791w, http:\/\/nuevacordoba.net\/wp-content\/uploads\/2023\/05\/descenso-de-temperaturas-en-cordoba-durante-el-finde-largo.jpg?w=150 150w, http:\/\/nuevacordoba.net\/wp-content\/uploads\/2023\/05\/descenso-de-temperaturas-en-cordoba-durante-el-finde-largo.jpg?w=300 300w, http:\/\/nuevacordoba.net\/wp-content\/uploads\/2023\/05\/descenso-de-temperaturas-en-cordoba-durante-el-finde-largo.jpg?w=768 768w\" sizes=\"(max-width: 791px) 100vw, 791px\"><\/figure>\n<p>Este jueves, fecha en que se celebra el D\u00eda de la Revoluci\u00f3n de Mayo, el ambiente continuar\u00e1 h\u00famedo y nuboso. De a poco, las temperaturas comenzar\u00e1n a descender: se espera una m\u00e1xima de 24 grados y viento del nordeste. Adem\u00e1s, podr\u00edan desarrollarse lluvias y lloviznas dispersas.<\/p>\n<p>Para el viernes, que es feriado con fines tur\u00edsticos, el viento rotar\u00e1 al sur y las marcas continuar\u00e1n en baja. La m\u00e1xima rondar\u00e1 entre los 18 y 22 grados y la m\u00ednima ser\u00e1 de 12.<\/p>\n<div class=\"wordads-ad-wrapper\">\n<div class=\"wordads-ad\">\n<p>Anuncio publicitario<\/p>\n<p><span onclick=\"javascript:__tcfapi( 'showUi' );\">Ajustes de privacidad<\/span><\/p>\n<\/div>\n<\/div>\n<div id=\"jp-post-flair\" class=\"sharedaddy sd-like-enabled sd-sharing-enabled\">\n<div class=\"sharedaddy sd-sharing-enabled\">\n<div class=\"robots-nocontent sd-block sd-social sd-social-icon-text sd-sharing\">\n<h3 class=\"sd-title\">Share this:<\/h3>\n<\/div>\n<\/div>\n<div class=\"sharedaddy sd-block sd-like jetpack-likes-widget-wrapper jetpack-likes-widget-unloaded\" id=\"like-post-wrapper-143108178-7980-646e5e8b40038\" data-src=\"\/\/widgets.wp.com\/likes\/index.html?ver=20230309#blog_id=143108178&amp;post_id=7980&amp;origin=cordobanewsnet.wordpress.com&amp;obj_id=143108178-7980-646e5e8b40038\" data-name=\"like-post-frame-143108178-7980-646e5e8b40038\" data-title=\"Me gusta o Compartir\">\n<h3 class=\"sd-title\">Me gusta esto:<\/h3>\n<p><span class=\"button\"><span>Me gusta<\/span><\/span> <span class=\"loading\">Cargando&#8230;<\/span><\/p>\n<p><span class=\"sd-text-color\"><\/span><\/div>\n<p><h3 class=\"jp-relatedposts-headline\"><em>Relacionado<\/em><\/h3>\n<\/p>\n<\/div><\/div>\n<p><!--\/.post-content--> <\/p>\n<footer class=\"post-meta-container clear\" readability=\"0.63768115942029\">\n<div class=\"entry-author author-avatar-show\" readability=\"14.031746031746\">\n<div class=\"author-avatar\"> <img loading=\"lazy\" alt src=\"http:\/\/nuevacordoba.net\/wp-content\/uploads\/2023\/05\/descenso-de-temperaturas-en-cordoba-durante-el-finde-largo-1.jpg\" class=\"avatar avatar-90\" height=\"90\" width=\"90\"> <\/div>\n<p><!-- .author-avatar --> <\/p>\n<p><h2 class=\"author-title\">Publicado por <span class=\"author-name\">angelaponso<\/span><\/h2>\n<\/p>\n<p><!-- .author-heading --> <\/p>\n<p class=\"author-bio\"> <a class=\"author-link\" href=\"https:\/\/cordobanewsnet.wordpress.com\/author\/angelaponso\/\" rel=\"author\"> Ver todas las entradas de angelaponso <\/a> <\/p>\n<p><!-- .author-bio --> <\/div>\n<p><!-- .entry-auhtor --> <\/footer>\n<p> <!-- \/post-meta-container --> <!-- #respond --> <\/p>\n","protected":false},"excerpt":{"rendered":"<p>Este jueves, fecha en que se celebra el D\u00eda de la Revoluci\u00f3n de Mayo, el ambiente continuar\u00e1 h\u00famedo y nuboso. De a poco, las temperaturas comenzar\u00e1n a descender: se espera una m\u00e1xima de 24 grados y viento del nordeste. Adem\u00e1s, podr\u00edan desarrollarse lluvias y lloviznas dispersas. Para el viernes, que es feriado con fines tur\u00edsticos, [&hellip;]<\/p>\n","protected":false},"author":1,"featured_media":32613,"comment_status":"closed","ping_status":"closed","sticky":false,"template":"","format":"standard","meta":[],"categories":[14],"tags":[],"_links":{"self":[{"href":"http:\/\/nuevacordoba.net\/index.php\/wp-json\/wp\/v2\/posts\/32612"}],"collection":[{"href":"http:\/\/nuevacordoba.net\/index.php\/wp-json\/wp\/v2\/posts"}],"about":[{"href":"http:\/\/nuevacordoba.net\/index.php\/wp-json\/wp\/v2\/types\/post"}],"author":[{"embeddable":true,"href":"http:\/\/nuevacordoba.net\/index.php\/wp-json\/wp\/v2\/users\/1"}],"replies":[{"embeddable":true,"href":"http:\/\/nuevacordoba.net\/index.php\/wp-json\/wp\/v2\/comments?post=32612"}],"version-history":[{"count":0,"href":"http:\/\/nuevacordoba.net\/index.php\/wp-json\/wp\/v2\/posts\/32612\/revisions"}],"wp:featuredmedia":[{"embeddable":true,"href":"http:\/\/nuevacordoba.net\/index.php\/wp-json\/wp\/v2\/media\/32613"}],"wp:attachment":[{"href":"http:\/\/nuevacordoba.net\/index.php\/wp-json\/wp\/v2\/media?parent=32612"}],"wp:term":[{"taxonomy":"category","embeddable":true,"href":"http:\/\/nuevacordoba.net\/index.php\/wp-json\/wp\/v2\/categories?post=32612"},{"taxonomy":"post_tag","embeddable":true,"href":"http:\/\/nuevacordoba.net\/index.php\/wp-json\/wp\/v2\/tags?post=32612"}],"curies":[{"name":"wp","href":"https:\/\/api.w.org\/{rel}","templated":true}]}}