{"id":3263,"date":"2021-04-15T20:16:04","date_gmt":"2021-04-15T20:16:04","guid":{"rendered":"http:\/\/www.bbc.com\/mundo\/noticias-america-latina-56754935"},"modified":"2021-04-15T20:16:04","modified_gmt":"2021-04-15T20:16:04","slug":"coronavirus-en-brasil-por-que-tantos-ninos-mueren-en-ese-pais-por-covid-19","status":"publish","type":"post","link":"http:\/\/nuevacordoba.net\/index.php\/2021\/04\/15\/coronavirus-en-brasil-por-que-tantos-ninos-mueren-en-ese-pais-por-covid-19\/","title":{"rendered":"Coronavirus en Brasil: \u00bfpor qu\u00e9 tantos ni\u00f1os mueren en ese pa\u00eds por covid-19?"},"content":{"rendered":"<div dir=\"ltr\" class=\"e1j2237y6 bbc-q4ibpr e57qer20\">\n<div class=\"bbc-1atl7vu e1c9i7u14\">\n<ul role=\"list\" class=\"bbc-cdrraw e1c9i7u12\">\n<li role=\"listitem\" class=\"bbc-1a3w4ok e1c9i7u11\">Nathalia Passarinho y Luis Barrucho <\/li>\n<li role=\"listitem\" class=\"bbc-1p92jtu e1c9i7u10\">BBC Brasil<\/li>\n<\/ul>\n<\/div>\n<\/div>\n<p><time datetime=\"2021-04-15\" class=\"bbc-14xtggo e4zesg50\">9 horas<\/time><\/p>\n<div dir=\"ltr\" class=\"bbc-1ka88fa e57qer20\">\n<figure class=\"bbc-1qdcvv9 e6bmn90\">\n<div dir=\"ltr\" class=\"bbc-172p16q e57qer20\">\n<div dir=\"ltr\" class=\"bbc-189y18v e57qer20\" readability=\"6.5\">\n<div data-e2e=\"image-placeholder\" class=\"bbc-1k5hvrj e1whu0\" readability=\"8\"><img srcset=\"http:\/\/nuevacordoba.net\/wp-content\/uploads\/2021\/04\/coronavirus-en-brasil-por-que-tantos-ninos-mueren-en-ese-pais-por-covid-19-11.jpg 240w, http:\/\/nuevacordoba.net\/wp-content\/uploads\/2021\/04\/coronavirus-en-brasil-por-que-tantos-ninos-mueren-en-ese-pais-por-covid-19-12.jpg 320w, http:\/\/nuevacordoba.net\/wp-content\/uploads\/2021\/04\/coronavirus-en-brasil-por-que-tantos-ninos-mueren-en-ese-pais-por-covid-19-13.jpg 480w, http:\/\/nuevacordoba.net\/wp-content\/uploads\/2021\/04\/coronavirus-en-brasil-por-que-tantos-ninos-mueren-en-ese-pais-por-covid-19-14.jpg 624w, http:\/\/nuevacordoba.net\/wp-content\/uploads\/2021\/04\/coronavirus-en-brasil-por-que-tantos-ninos-mueren-en-ese-pais-por-covid-19-15.jpg 800w\" alt=\"Lucas\" src=\"http:\/\/nuevacordoba.net\/wp-content\/uploads\/2021\/04\/coronavirus-en-brasil-por-que-tantos-ninos-mueren-en-ese-pais-por-covid-19.jpg\" width=\"976\" class=\"bbc-fat2bc e1enwo3v0\"><\/p>\n<p role=\"text\" class=\"bbc-1s1cxbv etq3yw90\"><span class=\"bbc-1gnhmg2 e1yt7oin0\">Fuente de la imagen, <\/span><span lang=\"en-GB\">Cortes\u00eda de Jessika Ricarte<\/span><\/p>\n<\/div>\n<\/div>\n<div dir=\"ltr\" class=\"bbc-3edg7g e57qer20\" readability=\"7.5\"><figcaption dir=\"ltr\" class=\"bbc-1t9zlwf eede9f50\" readability=\"5\"><span class=\"bbc-1gnhmg2 e1yt7oin0\">Pie de foto, <\/span><\/p>\n<p>A Lucas, hijo de la profesora Ricarte, no le hicieron una prueba porque sus s\u00edntomas no se ajustaban al perfil del coronavirus.<\/p>\n<\/figcaption><\/div>\n<\/div>\n<\/figure>\n<\/div>\n<div dir=\"ltr\" class=\"bbc-19j92fr e57qer20\" readability=\"9\">\n<p dir=\"ltr\" class=\"bbc-bm53ic e1cc2ql70\"><b>Un a\u00f1o despu\u00e9s de la declaratoria de la pandemia del coronavirus, las muertes en Brasil se encuentran en su punto m\u00e1ximo. <\/b><\/p>\n<\/div>\n<div dir=\"ltr\" class=\"bbc-19j92fr e57qer20\" readability=\"13\">\n<p dir=\"ltr\" class=\"bbc-bm53ic e1cc2ql70\">Sin embargo, a pesar de la abundante <b>evidencia<\/b> de que la covid-19 rara vez mata a ni\u00f1os peque\u00f1os, en la naci\u00f3n sudamericana han fallecido m\u00e1s de 800 menores por esa enfermedad, seg\u00fan cifras oficiales. Y esas cifras pueden ser mayores, de acuerdo a estudios. <\/p>\n<\/div>\n<div dir=\"ltr\" class=\"bbc-19j92fr e57qer20\" readability=\"10\">\n<p dir=\"ltr\" class=\"bbc-bm53ic e1cc2ql70\">Uno de esos casos tiene que ver el hijo de un a\u00f1o de la profesora Jessika Ricarte, al que un m\u00e9dico se neg\u00f3 a realizar una prueba bajo el argumento de que sus s\u00edntomas no se ajustaban al perfil del <b>coronavirus<\/b>. <\/p>\n<\/div>\n<div dir=\"ltr\" class=\"bbc-19j92fr e57qer20\" readability=\"11\">\n<p dir=\"ltr\" class=\"bbc-bm53ic e1cc2ql70\">Dos meses despu\u00e9s, el menor muri\u00f3 por complicaciones asociadas con la enfermedad. Sucedi\u00f3 en Tamboril, una ciudad en el estado de Cear\u00e1, en el noreste de Brasil.<\/p>\n<\/div>\n<p><h2 id=\"La-historia\" tabindex=\"-1\" class=\"bbc-l3e97o e14hemmw0\">La historia<\/h2>\n<\/p>\n<div dir=\"ltr\" class=\"bbc-19j92fr e57qer20\" readability=\"9\">\n<p dir=\"ltr\" class=\"bbc-bm53ic e1cc2ql70\">Luego de un par de a\u00f1os de intentos y tratamientos de fertilidad fallidos, Ricarte casi hab\u00eda renunciado a tener una familia hasta que qued\u00f3 embarazada de Lucas.<\/p>\n<\/div>\n<div dir=\"ltr\" class=\"bbc-19j92fr e57qer20\" readability=\"9\">\n<p dir=\"ltr\" class=\"bbc-bm53ic e1cc2ql70\">\u00abSu nombre proviene de &#8216;luminoso&#8217;. Y fue una luz en nuestra vida. Demostr\u00f3 que la felicidad era mucho m\u00e1s de lo que imaginamos\u00bb, cuenta.<\/p>\n<\/div>\n<div dir=\"ltr\" class=\"bbc-1ka88fa e57qer20\">\n<figure class=\"bbc-1qdcvv9 e6bmn90\">\n<div dir=\"ltr\" class=\"bbc-172p16q e57qer20\">\n<div dir=\"ltr\" class=\"bbc-189y18v e57qer20\" readability=\"6.5\">\n<div data-e2e=\"image-placeholder\" class=\"bbc-1sslv3m e1whu0\" readability=\"8\"><noscript><img srcset=\"http:\/\/nuevacordoba.net\/wp-content\/uploads\/2021\/04\/coronavirus-en-brasil-por-que-tantos-ninos-mueren-en-ese-pais-por-covid-19-16.jpg 240w, http:\/\/nuevacordoba.net\/wp-content\/uploads\/2021\/04\/coronavirus-en-brasil-por-que-tantos-ninos-mueren-en-ese-pais-por-covid-19-17.jpg 320w, http:\/\/nuevacordoba.net\/wp-content\/uploads\/2021\/04\/coronavirus-en-brasil-por-que-tantos-ninos-mueren-en-ese-pais-por-covid-19-18.jpg 480w, http:\/\/nuevacordoba.net\/wp-content\/uploads\/2021\/04\/coronavirus-en-brasil-por-que-tantos-ninos-mueren-en-ese-pais-por-covid-19-19.jpg 624w, http:\/\/nuevacordoba.net\/wp-content\/uploads\/2021\/04\/coronavirus-en-brasil-por-que-tantos-ninos-mueren-en-ese-pais-por-covid-19-20.jpg 800w\" alt=\"El primer cumplea\u00f1os de Lucas.\" src=\"http:\/\/nuevacordoba.net\/wp-content\/uploads\/2021\/04\/coronavirus-en-brasil-por-que-tantos-ninos-mueren-en-ese-pais-por-covid-19-1.jpg\" width=\"1000\" class=\"bbc-fat2bc e1enwo3v0\"><\/noscript><\/p>\n<p role=\"text\" class=\"bbc-1s1cxbv etq3yw90\"><span class=\"bbc-1gnhmg2 e1yt7oin0\">Fuente de la imagen, <\/span><span lang=\"en-GB\">Jessika Ricarte<\/span><\/p>\n<\/div>\n<\/div>\n<div dir=\"ltr\" class=\"bbc-3edg7g e57qer20\" readability=\"6\"><figcaption dir=\"ltr\" class=\"bbc-1t9zlwf eede9f50\" readability=\"2\"><span class=\"bbc-1gnhmg2 e1yt7oin0\">Pie de foto, <\/span><\/p>\n<p>El primer cumplea\u00f1os de Lucas.<\/p>\n<\/figcaption><\/div>\n<\/div>\n<\/figure>\n<\/div>\n<div dir=\"ltr\" class=\"bbc-19j92fr e57qer20\" readability=\"10\">\n<p dir=\"ltr\" class=\"bbc-bm53ic e1cc2ql70\">Primero sospech\u00f3 que algo andaba mal cuando Lucas, que siempre ten\u00eda buen apetito, dej\u00f3 de sentir hambre.<\/p>\n<\/div>\n<div dir=\"ltr\" class=\"bbc-19j92fr e57qer20\" readability=\"7\">\n<p dir=\"ltr\" class=\"bbc-bm53ic e1cc2ql70\">Jessika se pregunt\u00f3 entonces si era debido a que le estaban saliendo los dientes. <\/p>\n<\/div>\n<div dir=\"ltr\" class=\"bbc-19j92fr e57qer20\" readability=\"13\">\n<p dir=\"ltr\" class=\"bbc-bm53ic e1cc2ql70\">La madrina de Lucas, una enfermera, sugiri\u00f3 que podr\u00eda tener dolor de garganta. Pero despu\u00e9s de que desarroll\u00f3 <b>fiebre<\/b>, luego fatiga y dificultad para respirar, la madre lo llev\u00f3 al hospital y pidi\u00f3 que le hicieran la prueba de covid-19.<\/p>\n<\/div>\n<div dir=\"ltr\" class=\"bbc-19j92fr e57qer20\" readability=\"9\">\n<p dir=\"ltr\" class=\"bbc-bm53ic e1cc2ql70\">\u00abEl m\u00e9dico puso el ox\u00edmetro. Los niveles (de ox\u00edgeno) de Lucas eran del 86%. Ahora s\u00e9 que eso no es normal\u00bb, dice Jessika.<\/p>\n<\/div>\n<div dir=\"ltr\" class=\"bbc-19j92fr e57qer20\" readability=\"10\">\n<p dir=\"ltr\" class=\"bbc-bm53ic e1cc2ql70\">Como no ten\u00eda fiebre, el m\u00e9dico dijo: \u00abNo se preocupe, no hay necesidad de una prueba de covid-19. Probablemente sea solo un dolor de garganta leve\u00bb.<\/p>\n<\/div>\n<div dir=\"ltr\" class=\"bbc-19j92fr e57qer20\" readability=\"7\">\n<p dir=\"ltr\" class=\"bbc-bm53ic e1cc2ql70\">Le afirm\u00f3 a Jessika que el coronavirus era raro en los ni\u00f1os y solo le dio algunos antibi\u00f3ticos.<\/p>\n<\/div>\n<div dir=\"ltr\" class=\"bbc-19j92fr e57qer20\" readability=\"9\">\n<p dir=\"ltr\" class=\"bbc-bm53ic e1cc2ql70\">A pesar de las sospechas de la madre, <b>no hab\u00eda ninguna opci\u00f3n<\/b> para que Lucas hiciera una prueba en laboratorios privados en ese momento.<\/p>\n<\/div>\n<div dir=\"ltr\" class=\"bbc-19j92fr e57qer20\" readability=\"9\">\n<p dir=\"ltr\" class=\"bbc-bm53ic e1cc2ql70\">Y Ricarte relata que algunos de sus s\u00edntomas se disiparon al final de su tratamiento de antibi\u00f3ticos de 10 d\u00edas, pero el cansancio permaneci\u00f3.<\/p>\n<\/div>\n<div dir=\"ltr\" class=\"bbc-1ka88fa e57qer20\">\n<figure class=\"bbc-1qdcvv9 e6bmn90\">\n<div dir=\"ltr\" class=\"bbc-172p16q e57qer20\">\n<div dir=\"ltr\" class=\"bbc-189y18v e57qer20\" readability=\"6.5\">\n<div data-e2e=\"image-placeholder\" class=\"bbc-1k5hvrj e1whu0\" readability=\"8\"><noscript><img srcset=\"http:\/\/nuevacordoba.net\/wp-content\/uploads\/2021\/04\/coronavirus-en-brasil-por-que-tantos-ninos-mueren-en-ese-pais-por-covid-19-21.jpg 240w, http:\/\/nuevacordoba.net\/wp-content\/uploads\/2021\/04\/coronavirus-en-brasil-por-que-tantos-ninos-mueren-en-ese-pais-por-covid-19-22.jpg 320w, http:\/\/nuevacordoba.net\/wp-content\/uploads\/2021\/04\/coronavirus-en-brasil-por-que-tantos-ninos-mueren-en-ese-pais-por-covid-19-23.jpg 480w, http:\/\/nuevacordoba.net\/wp-content\/uploads\/2021\/04\/coronavirus-en-brasil-por-que-tantos-ninos-mueren-en-ese-pais-por-covid-19-24.jpg 624w, http:\/\/nuevacordoba.net\/wp-content\/uploads\/2021\/04\/coronavirus-en-brasil-por-que-tantos-ninos-mueren-en-ese-pais-por-covid-19-25.jpg 800w\" alt=\"Lucas\" src=\"http:\/\/nuevacordoba.net\/wp-content\/uploads\/2021\/04\/coronavirus-en-brasil-por-que-tantos-ninos-mueren-en-ese-pais-por-covid-19-2.jpg\" width=\"976\" class=\"bbc-fat2bc e1enwo3v0\"><\/noscript><\/p>\n<p role=\"text\" class=\"bbc-1s1cxbv etq3yw90\"><span class=\"bbc-1gnhmg2 e1yt7oin0\">Fuente de la imagen, <\/span><span lang=\"en-GB\">Jessika Ricarte<\/span><\/p>\n<\/div>\n<\/div>\n<div dir=\"ltr\" class=\"bbc-3edg7g e57qer20\" readability=\"6.5\"><figcaption dir=\"ltr\" class=\"bbc-1t9zlwf eede9f50\" readability=\"3\"><span class=\"bbc-1gnhmg2 e1yt7oin0\">Pie de foto, <\/span><\/p>\n<p>Jessika tomaba videos de su hijo y las enviaba a familiares porque estaba preocupada por su condici\u00f3n.<\/p>\n<\/figcaption><\/div>\n<\/div>\n<\/figure>\n<\/div>\n<div dir=\"ltr\" class=\"bbc-19j92fr e57qer20\" readability=\"16\">\n<p dir=\"ltr\" class=\"bbc-bm53ic e1cc2ql70\">\u00abLe envi\u00e9 varios videos a su madrina, a mis padres, a mi suegra, y todos dec\u00edan que estaba exagerando, que deb\u00eda dejar de ver las noticias, que me estaba volviendo paranoica. Pero yo sab\u00eda que mi hijo no era el mismo, que no respiraba normalmente\u00bb, recuerda.<\/p>\n<\/div>\n<p><h2 id=\"Inesperado\" tabindex=\"-1\" class=\"bbc-l3e97o e14hemmw0\">Inesperado<\/h2>\n<\/p>\n<div dir=\"ltr\" class=\"bbc-19j92fr e57qer20\" readability=\"8\">\n<p dir=\"ltr\" class=\"bbc-bm53ic e1cc2ql70\">Era mayo de 2020 y el contagio del coronavirus estaba creciendo. Dos personas ya hab\u00edan muerto en la ciudad donde vive Ricarte.<\/p>\n<\/div>\n<div dir=\"ltr\" class=\"bbc-19j92fr e57qer20\" readability=\"8\">\n<p dir=\"ltr\" class=\"bbc-bm53ic e1cc2ql70\">\u00abTodos se conocen aqu\u00ed. <b>La ciudad estaba en shock<\/b>\u00ab, afirma.<\/p>\n<\/div>\n<div dir=\"ltr\" class=\"bbc-19j92fr e57qer20\" readability=\"10\">\n<p dir=\"ltr\" class=\"bbc-bm53ic e1cc2ql70\">Israel, el esposo de Jessika, estaba preocupado de que una visita al hospital puediera aumentar el riesgo de que ella o el hijo de ambos se infectaran con el virus.<\/p>\n<\/div>\n<div dir=\"ltr\" class=\"bbc-19j92fr e57qer20\" readability=\"10\">\n<p dir=\"ltr\" class=\"bbc-bm53ic e1cc2ql70\">Pasaron las semanas y Lucas se volvi\u00f3 cada vez m\u00e1s somnoliento. Finalmente, el 3 de junio, el peque\u00f1o vomit\u00f3 una y otra vez despu\u00e9s de almorzar y Ricarte entendi\u00f3 que ten\u00eda que hacer algo.<\/p>\n<\/div>\n<div dir=\"ltr\" class=\"bbc-19j92fr e57qer20\" readability=\"8\">\n<p dir=\"ltr\" class=\"bbc-bm53ic e1cc2ql70\">Regresaron al hospital donde el m\u00e9dico examin\u00f3 a Lucas para evaluar si se trataba de un contagio de covid-19.<\/p>\n<\/div>\n<div dir=\"ltr\" class=\"bbc-19j92fr e57qer20\" readability=\"10\">\n<p dir=\"ltr\" class=\"bbc-bm53ic e1cc2ql70\">La madrina de Lucas, que trabajaba all\u00ed, le dio la noticia a la pareja de que <b>el resultado de la prueba era positivo<\/b>.<\/p>\n<\/div>\n<div dir=\"ltr\" class=\"bbc-19j92fr e57qer20\" readability=\"9\">\n<p dir=\"ltr\" class=\"bbc-bm53ic e1cc2ql70\">\u00abEn ese momento, el centro de salud ni siquiera ten\u00eda un reanimador cl\u00ednico\u00bb, dice Jessika.<\/p>\n<\/div>\n<div dir=\"ltr\" class=\"bbc-19j92fr e57qer20\" readability=\"12\">\n<p dir=\"ltr\" class=\"bbc-bm53ic e1cc2ql70\">El menor fue trasladado a una unidad de cuidados intensivos pedi\u00e1tricos en la ciudad de Sobral, a m\u00e1s de dos horas de distancia, donde le diagnosticaron una afecci\u00f3n llamada <b>s\u00edndrome inflamatorio multisist\u00e9mico pedi\u00e1trico<\/b> (PIMS, por su sigla en ingl\u00e9s).<\/p>\n<\/div>\n<div dir=\"ltr\" class=\"bbc-19j92fr e57qer20\" readability=\"8\">\n<p dir=\"ltr\" class=\"bbc-bm53ic e1cc2ql70\">Se trata de una respuesta inmune extrema al virus que puede causar inflamaci\u00f3n severa de \u00f3rganos vitales.<\/p>\n<\/div>\n<p><h2 id=\"Ni\u00f1os\" tabindex=\"-1\" class=\"bbc-l3e97o e14hemmw0\">Ni\u00f1os<\/h2>\n<\/p>\n<div dir=\"ltr\" class=\"bbc-19j92fr e57qer20\" readability=\"10\">\n<p dir=\"ltr\" class=\"bbc-bm53ic e1cc2ql70\">Los expertos dicen que el s\u00edndrome, que afecta a los ni\u00f1os <b>hasta seis semanas despu\u00e9s<\/b> de que se infectan con el coronavirus, es un fen\u00f3meno raro.<\/p>\n<\/div>\n<div dir=\"ltr\" class=\"bbc-19j92fr e57qer20\" readability=\"11\">\n<p dir=\"ltr\" class=\"bbc-bm53ic e1cc2ql70\">Sin embargo, la reconocida epidemi\u00f3loga de la Universidad de Sao Paulo Fatima Marinho dice que, durante la pandemia, est\u00e1 viendo m\u00e1s casos de PIMS que nunca antes. <\/p>\n<\/div>\n<div dir=\"ltr\" class=\"bbc-1ka88fa e57qer20\">\n<figure class=\"bbc-1qdcvv9 e6bmn90\">\n<div dir=\"ltr\" class=\"bbc-172p16q e57qer20\">\n<div dir=\"ltr\" class=\"bbc-189y18v e57qer20\" readability=\"6.5\">\n<div data-e2e=\"image-placeholder\" class=\"bbc-1sslv3m e1whu0\" readability=\"8\"><noscript><img srcset=\"http:\/\/nuevacordoba.net\/wp-content\/uploads\/2021\/04\/coronavirus-en-brasil-por-que-tantos-ninos-mueren-en-ese-pais-por-covid-19-26.jpg 240w, http:\/\/nuevacordoba.net\/wp-content\/uploads\/2021\/04\/coronavirus-en-brasil-por-que-tantos-ninos-mueren-en-ese-pais-por-covid-19-27.jpg 320w, http:\/\/nuevacordoba.net\/wp-content\/uploads\/2021\/04\/coronavirus-en-brasil-por-que-tantos-ninos-mueren-en-ese-pais-por-covid-19-28.jpg 480w, http:\/\/nuevacordoba.net\/wp-content\/uploads\/2021\/04\/coronavirus-en-brasil-por-que-tantos-ninos-mueren-en-ese-pais-por-covid-19-29.jpg 624w, http:\/\/nuevacordoba.net\/wp-content\/uploads\/2021\/04\/coronavirus-en-brasil-por-que-tantos-ninos-mueren-en-ese-pais-por-covid-19-30.jpg 800w\" alt=\"Lucas\" src=\"http:\/\/nuevacordoba.net\/wp-content\/uploads\/2021\/04\/coronavirus-en-brasil-por-que-tantos-ninos-mueren-en-ese-pais-por-covid-19-3.jpg\" width=\"1440\" class=\"bbc-fat2bc e1enwo3v0\"><\/noscript><\/p>\n<p role=\"text\" class=\"bbc-1s1cxbv etq3yw90\"><span class=\"bbc-1gnhmg2 e1yt7oin0\">Fuente de la imagen, <\/span><span lang=\"en-GB\">Jessika Ricarte<\/span><\/p>\n<\/div>\n<\/div>\n<\/div>\n<\/figure>\n<\/div>\n<div dir=\"ltr\" class=\"bbc-19j92fr e57qer20\" readability=\"9\">\n<p dir=\"ltr\" class=\"bbc-bm53ic e1cc2ql70\">Cuando Lucas fue intubado, a Jessika no se le permiti\u00f3 quedarse en la misma habitaci\u00f3n. Llam\u00f3 a su cu\u00f1ada para intentar distraerse de la preocupaci\u00f3n.<\/p>\n<\/div>\n<div dir=\"ltr\" class=\"bbc-19j92fr e57qer20\" readability=\"13\">\n<p dir=\"ltr\" class=\"bbc-bm53ic e1cc2ql70\">\u00abPod\u00edamos escuchar el sonido de la m\u00e1quina (de la unidad de cuidados intensivos), el &#8216;bip&#8217;. Hasta que la m\u00e1quina se detuvo y escuchamos ese pitido constante. Y sabemos que eso sucede cuando la persona muere. Despu\u00e9s de unos minutos, la m\u00e1quina comenz\u00f3 a funcionar nuevamente y comenc\u00e9 a llorar\u00bb, cuenta.<\/p>\n<\/div>\n<div dir=\"ltr\" class=\"bbc-19j92fr e57qer20\" readability=\"11\">\n<p dir=\"ltr\" class=\"bbc-bm53ic e1cc2ql70\">La doctora Manuela Monte, la pediatra que trat\u00f3 a Lucas durante m\u00e1s de un mes en la unidad de cuidados intensivos de Sobral, afirm\u00f3 que le sorprendi\u00f3 que <b>la condici\u00f3n del ni\u00f1o fuera tan grave<\/b> porque no ten\u00eda ning\u00fan factor de riesgo.<\/p>\n<\/div>\n<div dir=\"ltr\" class=\"bbc-19j92fr e57qer20\" readability=\"12\">\n<p dir=\"ltr\" class=\"bbc-bm53ic e1cc2ql70\">La mayor\u00eda de los menores afectados por coronavirus tienen enfermedades o trastornos (afecciones existentes como diabetes o problemas cardiovasculares) o sobrepeso, seg\u00fan Lohanna Tavares, infect\u00f3loga pedi\u00e1trica del Hospital Infantil Albert Sabin en Fortaleza, la capital del estado de Cear\u00e1.<\/p>\n<\/div>\n<div dir=\"ltr\" class=\"bbc-19j92fr e57qer20\" readability=\"7\">\n<p dir=\"ltr\" class=\"bbc-bm53ic e1cc2ql70\">Pero ese no fue el caso de Lucas.<\/p>\n<\/div>\n<div dir=\"ltr\" class=\"bbc-19j92fr e57qer20\" readability=\"9\">\n<p dir=\"ltr\" class=\"bbc-bm53ic e1cc2ql70\">Durante los 33 d\u00edas que Lucas estuvo en cuidados intensivos, a Jessika solo se le permiti\u00f3 verlo tres veces.<\/p>\n<\/div>\n<div dir=\"ltr\" class=\"bbc-1ka88fa e57qer20\">\n<figure class=\"bbc-1qdcvv9 e6bmn90\">\n<div dir=\"ltr\" class=\"bbc-172p16q e57qer20\">\n<div dir=\"ltr\" class=\"bbc-189y18v e57qer20\">\n<div data-e2e=\"image-placeholder\" class=\"bbc-1k5hvrj e1whu0\"><noscript><img srcset=\"http:\/\/nuevacordoba.net\/wp-content\/uploads\/2021\/04\/coronavirus-en-brasil-por-que-tantos-ninos-mueren-en-ese-pais-por-covid-19-31.jpg 240w, http:\/\/nuevacordoba.net\/wp-content\/uploads\/2021\/04\/coronavirus-en-brasil-por-que-tantos-ninos-mueren-en-ese-pais-por-covid-19-32.jpg 320w, http:\/\/nuevacordoba.net\/wp-content\/uploads\/2021\/04\/coronavirus-en-brasil-por-que-tantos-ninos-mueren-en-ese-pais-por-covid-19-33.jpg 480w, http:\/\/nuevacordoba.net\/wp-content\/uploads\/2021\/04\/coronavirus-en-brasil-por-que-tantos-ninos-mueren-en-ese-pais-por-covid-19-34.jpg 624w, http:\/\/nuevacordoba.net\/wp-content\/uploads\/2021\/04\/coronavirus-en-brasil-por-que-tantos-ninos-mueren-en-ese-pais-por-covid-19-35.jpg 800w\" alt=\"Lucas's parents, Israel and Jessika\" src=\"http:\/\/nuevacordoba.net\/wp-content\/uploads\/2021\/04\/coronavirus-en-brasil-por-que-tantos-ninos-mueren-en-ese-pais-por-covid-19-4.jpg\" width=\"976\" class=\"bbc-fat2bc e1enwo3v0\"><\/noscript><\/div>\n<\/div>\n<\/div>\n<\/figure>\n<\/div>\n<div dir=\"ltr\" class=\"bbc-19j92fr e57qer20\" readability=\"9\">\n<p dir=\"ltr\" class=\"bbc-bm53ic e1cc2ql70\">Lucas necesitaba <b>inmunoglobulina<\/b>, un medicamento muy caro, para desinflamar su coraz\u00f3n.<\/p>\n<\/div>\n<div dir=\"ltr\" class=\"bbc-19j92fr e57qer20\" readability=\"7\">\n<p dir=\"ltr\" class=\"bbc-bm53ic e1cc2ql70\">Afortunadamente un paciente adulto que hab\u00eda comprado don\u00f3 una ampolla sobrante al hospital. <\/p>\n<\/div>\n<div dir=\"ltr\" class=\"bbc-19j92fr e57qer20\" readability=\"8\">\n<p dir=\"ltr\" class=\"bbc-bm53ic e1cc2ql70\">Lucas estaba tan enfermo que necesit\u00f3 recibir una segunda dosis. Desarroll\u00f3 una erupci\u00f3n en su cuerpo y ten\u00eda fiebre persistente. <b>Necesitaba apoyo para respirar<\/b>.<\/p>\n<\/div>\n<div dir=\"ltr\" class=\"bbc-19j92fr e57qer20\" readability=\"8\">\n<p dir=\"ltr\" class=\"bbc-bm53ic e1cc2ql70\">Luego el ni\u00f1o comenz\u00f3 a mejorar y los m\u00e9dicos decidieron sacarle el tubo de ox\u00edgeno. Hicieron videollamadas a Jessika e Israel para que no se sintiera solo cuando recuperara la conciencia.<\/p>\n<\/div>\n<div dir=\"ltr\" class=\"bbc-19j92fr e57qer20\" readability=\"8\">\n<p dir=\"ltr\" class=\"bbc-bm53ic e1cc2ql70\">\u00abCuando escuch\u00f3 nuestras voces <b>se puso a llorar<\/b>\u00ab, relata la madre.<\/p>\n<\/div>\n<div dir=\"ltr\" class=\"bbc-19j92fr e57qer20\" readability=\"8\">\n<p dir=\"ltr\" class=\"bbc-bm53ic e1cc2ql70\">Era la \u00faltima vez que la pareja ver\u00eda a su hijo reaccionar. Durante la siguiente videollamada \u00abten\u00eda la mirada paralizada\u00bb. <\/p>\n<\/div>\n<div dir=\"ltr\" class=\"bbc-19j92fr e57qer20\" readability=\"8\">\n<p dir=\"ltr\" class=\"bbc-bm53ic e1cc2ql70\">El hospital solicit\u00f3 una tomograf\u00eda computarizada y descubri\u00f3 que Lucas hab\u00eda tenido un derrame cerebral.<\/p>\n<\/div>\n<div dir=\"ltr\" class=\"bbc-19j92fr e57qer20\" readability=\"9\">\n<p dir=\"ltr\" class=\"bbc-bm53ic e1cc2ql70\">Pese a ello, a la pareja se le dijo que Lucas se recuperar\u00eda bien con la <b>atenci\u00f3n adecuada<\/b> y que pronto ser\u00eda trasladado a una sala general.<\/p>\n<\/div>\n<div dir=\"ltr\" class=\"bbc-19j92fr e57qer20\" readability=\"10\">\n<p dir=\"ltr\" class=\"bbc-bm53ic e1cc2ql70\">Cuando Jessika e Israel fueron a visitarlo, el m\u00e9dico estaba tan esperanzado como ellos, cuenta la mujer.<\/p>\n<\/div>\n<div dir=\"ltr\" class=\"bbc-19j92fr e57qer20\" readability=\"12\">\n<p dir=\"ltr\" class=\"bbc-bm53ic e1cc2ql70\">\u00abEsa noche, puse mi celular en silencio. <b>So\u00f1\u00e9 que Lucas se me acerc\u00f3 y me bes\u00f3 la nariz.<\/b> Y el sue\u00f1o fue un gran sentimiento de amor, gratitud y me despert\u00e9 muy feliz. Luego vi mi celular y vi las 10 llamadas que hab\u00eda hecho el m\u00e9dico\u00bb, narra.<\/p>\n<\/div>\n<div dir=\"ltr\" class=\"bbc-1ka88fa e57qer20\">\n<figure class=\"bbc-1qdcvv9 e6bmn90\">\n<div dir=\"ltr\" class=\"bbc-172p16q e57qer20\">\n<div dir=\"ltr\" class=\"bbc-189y18v e57qer20\">\n<div data-e2e=\"image-placeholder\" class=\"bbc-1sslv3m e1whu0\"><noscript><img srcset=\"http:\/\/nuevacordoba.net\/wp-content\/uploads\/2021\/04\/coronavirus-en-brasil-por-que-tantos-ninos-mueren-en-ese-pais-por-covid-19-36.jpg 240w, http:\/\/nuevacordoba.net\/wp-content\/uploads\/2021\/04\/coronavirus-en-brasil-por-que-tantos-ninos-mueren-en-ese-pais-por-covid-19-37.jpg 320w, http:\/\/nuevacordoba.net\/wp-content\/uploads\/2021\/04\/coronavirus-en-brasil-por-que-tantos-ninos-mueren-en-ese-pais-por-covid-19-38.jpg 480w, http:\/\/nuevacordoba.net\/wp-content\/uploads\/2021\/04\/coronavirus-en-brasil-por-que-tantos-ninos-mueren-en-ese-pais-por-covid-19-39.jpg 624w, http:\/\/nuevacordoba.net\/wp-content\/uploads\/2021\/04\/coronavirus-en-brasil-por-que-tantos-ninos-mueren-en-ese-pais-por-covid-19-40.jpg 800w\" alt=\"Jessika\" src=\"http:\/\/nuevacordoba.net\/wp-content\/uploads\/2021\/04\/coronavirus-en-brasil-por-que-tantos-ninos-mueren-en-ese-pais-por-covid-19-5.jpg\" width=\"960\" class=\"bbc-fat2bc e1enwo3v0\"><\/noscript><\/div>\n<\/div>\n<div dir=\"ltr\" class=\"bbc-3edg7g e57qer20\"><figcaption dir=\"ltr\" class=\"bbc-1t9zlwf eede9f50\"><span class=\"bbc-1gnhmg2 e1yt7oin0\">Pie de foto, <\/span><\/p>\n<p>Jessika Ricarte<\/p>\n<\/figcaption><\/div>\n<\/div>\n<\/figure>\n<\/div>\n<div dir=\"ltr\" class=\"bbc-19j92fr e57qer20\" readability=\"8\">\n<p dir=\"ltr\" class=\"bbc-bm53ic e1cc2ql70\">El doctor encargado le dijo a Jessika que la frecuencia card\u00edaca y los niveles de ox\u00edgeno de Lucas hab\u00edan bajado repentinamente y que hab\u00eda muerto temprano esa ma\u00f1ana.<\/p>\n<\/div>\n<div dir=\"ltr\" class=\"bbc-19j92fr e57qer20\" readability=\"10\">\n<p dir=\"ltr\" class=\"bbc-bm53ic e1cc2ql70\">Ella est\u00e1 segura de que si le hubieran hecho una prueba cuando ella la solicit\u00f3, a principios de mayo, <b>habr\u00eda sobrevivido<\/b>.<\/p>\n<\/div>\n<div dir=\"ltr\" class=\"bbc-19j92fr e57qer20\" readability=\"11\">\n<p dir=\"ltr\" class=\"bbc-bm53ic e1cc2ql70\">\u00abEs importante que los m\u00e9dicos, incluso si creen que no es coronavirus, hagan el examen para eliminar la posibilidad\u00bb, dice.<\/p>\n<\/div>\n<div dir=\"ltr\" class=\"bbc-19j92fr e57qer20\" readability=\"8\">\n<p dir=\"ltr\" class=\"bbc-bm53ic e1cc2ql70\">Indica que \u00abun beb\u00e9 no dice lo que siente, as\u00ed que todo depende de las <b>pruebas<\/b>\u00ab.<\/p>\n<\/div>\n<div dir=\"ltr\" class=\"bbc-1ka88fa e57qer20\">\n<figure class=\"bbc-1qdcvv9 e6bmn90\">\n<div dir=\"ltr\" class=\"bbc-172p16q e57qer20\">\n<div dir=\"ltr\" class=\"bbc-189y18v e57qer20\">\n<div data-e2e=\"image-placeholder\" class=\"bbc-1k5hvrj e1whu0\"><noscript><img srcset=\"http:\/\/nuevacordoba.net\/wp-content\/uploads\/2021\/04\/coronavirus-en-brasil-por-que-tantos-ninos-mueren-en-ese-pais-por-covid-19-41.jpg 240w, http:\/\/nuevacordoba.net\/wp-content\/uploads\/2021\/04\/coronavirus-en-brasil-por-que-tantos-ninos-mueren-en-ese-pais-por-covid-19-42.jpg 320w, http:\/\/nuevacordoba.net\/wp-content\/uploads\/2021\/04\/coronavirus-en-brasil-por-que-tantos-ninos-mueren-en-ese-pais-por-covid-19-43.jpg 480w, http:\/\/nuevacordoba.net\/wp-content\/uploads\/2021\/04\/coronavirus-en-brasil-por-que-tantos-ninos-mueren-en-ese-pais-por-covid-19-44.jpg 624w, http:\/\/nuevacordoba.net\/wp-content\/uploads\/2021\/04\/coronavirus-en-brasil-por-que-tantos-ninos-mueren-en-ese-pais-por-covid-19-45.jpg 800w\" alt=\"Un menor en una sala de cuidados intensivos\" src=\"http:\/\/nuevacordoba.net\/wp-content\/uploads\/2021\/04\/coronavirus-en-brasil-por-que-tantos-ninos-mueren-en-ese-pais-por-covid-19-6.jpg\" width=\"976\" class=\"bbc-fat2bc e1enwo3v0\"><\/noscript><\/div>\n<\/div>\n<div dir=\"ltr\" class=\"bbc-3edg7g e57qer20\" readability=\"6\"><figcaption dir=\"ltr\" class=\"bbc-1t9zlwf eede9f50\" readability=\"2\"><span class=\"bbc-1gnhmg2 e1yt7oin0\">Pie de foto, <\/span><\/p>\n<p>Un menor en una sala de cuidados intensivos.<\/p>\n<\/figcaption><\/div>\n<\/div>\n<\/figure>\n<\/div>\n<div dir=\"ltr\" class=\"bbc-19j92fr e57qer20\" readability=\"7\">\n<p dir=\"ltr\" class=\"bbc-bm53ic e1cc2ql70\">Jessika cree que la demora en el tratamiento adecuado agrav\u00f3 la condici\u00f3n de su hijo. <\/p>\n<\/div>\n<div dir=\"ltr\" class=\"bbc-19j92fr e57qer20\" readability=\"11\">\n<p dir=\"ltr\" class=\"bbc-bm53ic e1cc2ql70\">\u00abLucas tuvo varias inflamaciones, el 70% del pulm\u00f3n estaba comprometido, el coraz\u00f3n aument\u00f3 en un 40%. Era una situaci\u00f3n que podr\u00eda haberse evitado\u00bb, indica.<\/p>\n<\/div>\n<div dir=\"ltr\" class=\"bbc-19j92fr e57qer20\" readability=\"9\">\n<p dir=\"ltr\" class=\"bbc-bm53ic e1cc2ql70\">La doctora Monte est\u00e1 de acuerdo. Ella dice que aunque una situaci\u00f3n de PIMS no se puede prevenir, el tratamiento es mucho m\u00e1s exitoso si la condici\u00f3n <b>se diagnostica y se trata temprano<\/b>.<\/p>\n<\/div>\n<div dir=\"ltr\" class=\"bbc-19j92fr e57qer20\" readability=\"11\">\n<p dir=\"ltr\" class=\"bbc-bm53ic e1cc2ql70\">\u00abCuanto antes hubiera recibido atenci\u00f3n especializada, era mejor. Lleg\u00f3 al hospital ya cr\u00edticamente enfermo. Creo que podr\u00eda haber tenido un resultado diferente si lo hubi\u00e9ramos tratado antes\u00bb, se\u00f1ala.<\/p>\n<\/div>\n<div dir=\"ltr\" class=\"bbc-19j92fr e57qer20\" readability=\"8\">\n<p dir=\"ltr\" class=\"bbc-bm53ic e1cc2ql70\">Jessika ahora quiere compartir la historia de Lucas para ayudar a otras personas que pueden prevenir esa clase de s\u00edntomas cr\u00edticos en los menores.<\/p>\n<\/div>\n<div dir=\"ltr\" class=\"bbc-19j92fr e57qer20\" readability=\"12\">\n<p dir=\"ltr\" class=\"bbc-bm53ic e1cc2ql70\">\u00abEn el caso de todos los ni\u00f1os que conozco y fueron salvados por alguna advertencia m\u00eda, la madre me dice: &#8216;Vi tus publicaciones, llev\u00e9 a mi hijo al hospital y ahora est\u00e1 en casa&#8217;. Es como si fuera <b>una parte de Lucas<\/b>\u00ab, cuenta. <\/p>\n<\/div>\n<div dir=\"ltr\" class=\"bbc-1ka88fa e57qer20\">\n<figure class=\"bbc-1qdcvv9 e6bmn90\">\n<div dir=\"ltr\" class=\"bbc-172p16q e57qer20\">\n<div dir=\"ltr\" class=\"bbc-189y18v e57qer20\">\n<div data-e2e=\"image-placeholder\" class=\"bbc-1sslv3m e1whu0\"><noscript><img srcset=\"http:\/\/nuevacordoba.net\/wp-content\/uploads\/2021\/04\/coronavirus-en-brasil-por-que-tantos-ninos-mueren-en-ese-pais-por-covid-19-46.jpg 240w, http:\/\/nuevacordoba.net\/wp-content\/uploads\/2021\/04\/coronavirus-en-brasil-por-que-tantos-ninos-mueren-en-ese-pais-por-covid-19-47.jpg 320w, http:\/\/nuevacordoba.net\/wp-content\/uploads\/2021\/04\/coronavirus-en-brasil-por-que-tantos-ninos-mueren-en-ese-pais-por-covid-19-48.jpg 480w, http:\/\/nuevacordoba.net\/wp-content\/uploads\/2021\/04\/coronavirus-en-brasil-por-que-tantos-ninos-mueren-en-ese-pais-por-covid-19-49.jpg 624w, http:\/\/nuevacordoba.net\/wp-content\/uploads\/2021\/04\/coronavirus-en-brasil-por-que-tantos-ninos-mueren-en-ese-pais-por-covid-19-50.jpg 800w\" alt=\"Los m\u00e9dicos usan tel\u00e9fonos m\u00f3viles para que los menores puedan verse con sus familiares.\" src=\"http:\/\/nuevacordoba.net\/wp-content\/uploads\/2021\/04\/coronavirus-en-brasil-por-que-tantos-ninos-mueren-en-ese-pais-por-covid-19-7.jpg\" width=\"960\" class=\"bbc-fat2bc e1enwo3v0\"><\/noscript><\/div>\n<\/div>\n<div dir=\"ltr\" class=\"bbc-3edg7g e57qer20\" readability=\"6\"><figcaption dir=\"ltr\" class=\"bbc-1t9zlwf eede9f50\" readability=\"2\"><span class=\"bbc-1gnhmg2 e1yt7oin0\">Pie de foto, <\/span><\/p>\n<p>Los m\u00e9dicos usan tel\u00e9fonos m\u00f3viles para que los menores puedan verse con sus familiares.<\/p>\n<\/figcaption><\/div>\n<\/div>\n<\/figure>\n<\/div>\n<p><h2 id=\"El-problema\" tabindex=\"-1\" class=\"bbc-l3e97o e14hemmw0\">El problema<\/h2>\n<\/p>\n<div dir=\"ltr\" class=\"bbc-19j92fr e57qer20\" readability=\"10\">\n<p dir=\"ltr\" class=\"bbc-bm53ic e1cc2ql70\">Existe la idea err\u00f3nea de que los ni\u00f1os corren <b>cero riesgo<\/b> de un contagio de coronavirus, seg\u00fan Fatima Marinho, quien tambi\u00e9n es asesora principal de la ONG de salud Vital Strategies. <\/p>\n<\/div>\n<div dir=\"ltr\" class=\"bbc-19j92fr e57qer20\" readability=\"8\">\n<p dir=\"ltr\" class=\"bbc-bm53ic e1cc2ql70\">La investigaci\u00f3n de la doctora sostiene que un n\u00famero sorprendentemente alto de ni\u00f1os y beb\u00e9s fueron afectados por la enfermedad.<\/p>\n<\/div>\n<div dir=\"ltr\" class=\"bbc-19j92fr e57qer20\" readability=\"11\">\n<p dir=\"ltr\" class=\"bbc-bm53ic e1cc2ql70\">Entre febrero de 2020 y el 15 de marzo de 2021, la covid-19 mat\u00f3 <b>al menos a 852 ni\u00f1os<\/b> de Brasil, incluidos <b>518 beb\u00e9s<\/b> menores de un a\u00f1o, seg\u00fan cifras del Ministerio de Salud de ese pa\u00eds.<\/p>\n<\/div>\n<div dir=\"ltr\" class=\"bbc-19j92fr e57qer20\" readability=\"11\">\n<p dir=\"ltr\" class=\"bbc-bm53ic e1cc2ql70\">Pero la experta estima que m\u00e1s del doble de esta cantidad de ni\u00f1os murieron a causa de esa enfermedad dado que, se\u00f1ala, existe un problema grave de bajo registro debido a la falta de pruebas que reduce las cifras.<\/p>\n<\/div>\n<div dir=\"ltr\" class=\"bbc-19j92fr e57qer20\" readability=\"8\">\n<p dir=\"ltr\" class=\"bbc-bm53ic e1cc2ql70\">Marinho revis\u00f3 el exceso de muertes por s\u00edndrome respiratorio agudo durante la pandemia y encontr\u00f3 que hubo al menos <b>10 veces m\u00e1s muertes<\/b> que en a\u00f1os anteriores. <\/p>\n<\/div>\n<div dir=\"ltr\" class=\"bbc-19j92fr e57qer20\" readability=\"9\">\n<p dir=\"ltr\" class=\"bbc-bm53ic e1cc2ql70\">Considerando esas estimaciones sostiene que el virus mat\u00f3 a un aproximado de 2.060 ni\u00f1os menores de nueve a\u00f1os, incluidos 1.302 beb\u00e9s.<\/p>\n<\/div>\n<p><h2 id=\"Qu\u00e9-est\u00e1-pasando\" tabindex=\"-1\" class=\"bbc-l3e97o e14hemmw0\">\u00bfQu\u00e9 est\u00e1 pasando?<\/h2>\n<\/p>\n<div dir=\"ltr\" class=\"bbc-19j92fr e57qer20\" readability=\"10\">\n<p dir=\"ltr\" class=\"bbc-bm53ic e1cc2ql70\">Los expertos se\u00f1alan que la gran cantidad de casos de coronavirus en Brasil, el segundo en cantidad de contagios m\u00e1s alto del mundo, elev\u00f3 la probabilidad de que beb\u00e9s y ni\u00f1os se vean afectados.<\/p>\n<\/div>\n<div dir=\"ltr\" class=\"bbc-19j92fr e57qer20\" readability=\"18\">\n<p dir=\"ltr\" class=\"bbc-bm53ic e1cc2ql70\">\u00abPor supuesto, cuantos m\u00e1s casos tengamos y, por ende, m\u00e1s hospitalizaciones, mayor ser\u00e1 el n\u00famero de muertes en todos los grupos de edad, incluidos los ni\u00f1os. Pero si se controlara la pandemia, este escenario evidentemente podr\u00eda <b>minimizarse<\/b>\u00ab, explica Renato. Kfouri, presidente del Departamento Cient\u00edfico de Inmunizaciones de la Sociedad Brasile\u00f1a de Pediatr\u00eda.<\/p>\n<\/div>\n<div dir=\"ltr\" class=\"ek1plzs1 bbc-9m7iam e57qer20\">\n<figure class=\"bbc-1qdcvv9 e6bmn90\">\n<div dir=\"ltr\" class=\"bbc-vx18wi e57qer20\">\n<div dir=\"ltr\" class=\"bbc-rprdln e57qer20\">\n<div data-e2e=\"image-placeholder\" class=\"bbc-rpsbxm e1whu0\"><noscript><img srcset=\"http:\/\/nuevacordoba.net\/wp-content\/uploads\/2021\/04\/coronavirus-en-brasil-por-que-tantos-ninos-mueren-en-ese-pais-por-covid-19-51.jpg 240w, http:\/\/nuevacordoba.net\/wp-content\/uploads\/2021\/04\/coronavirus-en-brasil-por-que-tantos-ninos-mueren-en-ese-pais-por-covid-19-52.jpg 320w, http:\/\/nuevacordoba.net\/wp-content\/uploads\/2021\/04\/coronavirus-en-brasil-por-que-tantos-ninos-mueren-en-ese-pais-por-covid-19-53.jpg 480w, http:\/\/nuevacordoba.net\/wp-content\/uploads\/2021\/04\/coronavirus-en-brasil-por-que-tantos-ninos-mueren-en-ese-pais-por-covid-19-54.jpg 624w, http:\/\/nuevacordoba.net\/wp-content\/uploads\/2021\/04\/coronavirus-en-brasil-por-que-tantos-ninos-mueren-en-ese-pais-por-covid-19-55.jpg 800w\" alt=\"Dr Cinara Carneiro\" src=\"http:\/\/nuevacordoba.net\/wp-content\/uploads\/2021\/04\/coronavirus-en-brasil-por-que-tantos-ninos-mueren-en-ese-pais-por-covid-19-8.jpg\" width=\"1000\" class=\"bbc-fat2bc e1enwo3v0\"><\/noscript><\/div>\n<\/div>\n<div dir=\"ltr\" class=\"bbc-3edg7g e57qer20\"><figcaption dir=\"ltr\" class=\"bbc-1t9zlwf eede9f50\"><span class=\"bbc-1gnhmg2 e1yt7oin0\">Pie de foto, <\/span><\/p>\n<p>Dra Cinara Carneiro<\/p>\n<\/figcaption><\/div>\n<\/div>\n<\/figure>\n<\/div>\n<div dir=\"ltr\" class=\"bbc-19j92fr e57qer20\" readability=\"11\">\n<p dir=\"ltr\" class=\"bbc-bm53ic e1cc2ql70\">Una tasa de infecci\u00f3n tan alta sobrepas\u00f3 el sistema de salud de Brasil. En todo el pa\u00eds, el suministro de ox\u00edgeno est\u00e1 disminuyendo, hay escasez de medicamentos b\u00e1sicos y en muchas unidades de cuidados intensivos de todo el pa\u00eds simplemente no hay m\u00e1s camas.<\/p>\n<\/div>\n<div dir=\"ltr\" class=\"bbc-19j92fr e57qer20\" readability=\"10\">\n<p dir=\"ltr\" class=\"bbc-bm53ic e1cc2ql70\">El presidente Jair Bolsonaro todav\u00eda se opone a los encierros estrictos y se estima que la tasa de infecci\u00f3n est\u00e1 siendo impulsada por la variante llamada P.1, <b>considerada m\u00e1s contagiosa<\/b> y posiblemente surgida en el norte de Brasil. <\/p>\n<\/div>\n<div dir=\"ltr\" class=\"bbc-19j92fr e57qer20\" readability=\"8\">\n<p dir=\"ltr\" class=\"bbc-bm53ic e1cc2ql70\">En marzo muri\u00f3 el doble de personas que en cualquier otro mes de la pandemia y la tendencia al alza contin\u00faa.<\/p>\n<\/div>\n<div dir=\"ltr\" class=\"bbc-19j92fr e57qer20\" readability=\"7\">\n<p dir=\"ltr\" class=\"bbc-bm53ic e1cc2ql70\">Otro problema que impulsa las altas tasas de contagios en los ni\u00f1os es la falta de ex\u00e1menes.<\/p>\n<\/div>\n<div dir=\"ltr\" class=\"bbc-19j92fr e57qer20\" readability=\"9\">\n<p dir=\"ltr\" class=\"bbc-bm53ic e1cc2ql70\">Marinho dice que para los menores es usual que el diagn\u00f3stico llegue demasiado tarde, cuando ya est\u00e1n <b>gravemente enfermos<\/b>. <\/p>\n<\/div>\n<div dir=\"ltr\" class=\"bbc-19j92fr e57qer20\" readability=\"12\">\n<p dir=\"ltr\" class=\"bbc-bm53ic e1cc2ql70\">\u00abTenemos un grave problema en la detecci\u00f3n de casos. No tenemos suficientes pruebas para la poblaci\u00f3n en general, menos a\u00fan para los ni\u00f1os. Debido a que hay un retraso en el diagn\u00f3stico, hay un retraso en la atenci\u00f3n del menor\u00bb, explica.<\/p>\n<\/div>\n<div dir=\"ltr\" class=\"bbc-19j92fr e57qer20\" readability=\"13\">\n<p dir=\"ltr\" class=\"bbc-bm53ic e1cc2ql70\">Esto no se debe solo a que exista poca capacidad de prueba, sino tambi\u00e9n a que es m\u00e1s f\u00e1cil pasar por alto, o diagnosticar err\u00f3neamente, los s\u00edntomas de los ni\u00f1os que padecen covid-19, ya que la enfermedad tiende a presentarse de manera diferente en las personas m\u00e1s j\u00f3venes.<\/p>\n<\/div>\n<div dir=\"ltr\" class=\"bbc-1ka88fa e57qer20\">\n<figure class=\"bbc-1qdcvv9 e6bmn90\">\n<div dir=\"ltr\" class=\"bbc-172p16q e57qer20\">\n<div dir=\"ltr\" class=\"bbc-189y18v e57qer20\" readability=\"6.5\">\n<div data-e2e=\"image-placeholder\" class=\"bbc-1k5hvrj e1whu0\" readability=\"8\"><noscript><img srcset=\"http:\/\/nuevacordoba.net\/wp-content\/uploads\/2021\/04\/coronavirus-en-brasil-por-que-tantos-ninos-mueren-en-ese-pais-por-covid-19-56.jpg 240w, http:\/\/nuevacordoba.net\/wp-content\/uploads\/2021\/04\/coronavirus-en-brasil-por-que-tantos-ninos-mueren-en-ese-pais-por-covid-19-57.jpg 320w, http:\/\/nuevacordoba.net\/wp-content\/uploads\/2021\/04\/coronavirus-en-brasil-por-que-tantos-ninos-mueren-en-ese-pais-por-covid-19-58.jpg 480w, http:\/\/nuevacordoba.net\/wp-content\/uploads\/2021\/04\/coronavirus-en-brasil-por-que-tantos-ninos-mueren-en-ese-pais-por-covid-19-59.jpg 624w, http:\/\/nuevacordoba.net\/wp-content\/uploads\/2021\/04\/coronavirus-en-brasil-por-que-tantos-ninos-mueren-en-ese-pais-por-covid-19-60.jpg 800w\" alt=\"Una salubrista en Brasil\" src=\"http:\/\/nuevacordoba.net\/wp-content\/uploads\/2021\/04\/coronavirus-en-brasil-por-que-tantos-ninos-mueren-en-ese-pais-por-covid-19-9.jpg\" width=\"976\" class=\"bbc-fat2bc e1enwo3v0\"><\/noscript><\/p>\n<p role=\"text\" class=\"bbc-1s1cxbv etq3yw90\"><span class=\"bbc-1gnhmg2 e1yt7oin0\">Fuente de la imagen, <\/span><span lang=\"en-GB\">Departamento de Salud de Cear\u00e1<\/span><\/p>\n<\/div>\n<\/div>\n<\/div>\n<\/figure>\n<\/div>\n<div dir=\"ltr\" class=\"bbc-19j92fr e57qer20\" readability=\"12\">\n<p dir=\"ltr\" class=\"bbc-bm53ic e1cc2ql70\">\u00abUn ni\u00f1o tiene mucha m\u00e1s diarrea, mucho m\u00e1s dolor abdominal y dolor en el pecho que el visto en un cuadro cl\u00e1sico de covid-19. Debido a que hay un retraso en el diagn\u00f3stico, cuando el menor llega al hospital est\u00e1 en una condici\u00f3n grave y puede complicarse y morir\u00bb, se\u00f1ala Marinho.<\/p>\n<\/div>\n<p><h2 id=\"Problemas-sociales\" tabindex=\"-1\" class=\"bbc-l3e97o e14hemmw0\">Problemas sociales<\/h2>\n<\/p>\n<div dir=\"ltr\" class=\"bbc-19j92fr e57qer20\" readability=\"7\">\n<p dir=\"ltr\" class=\"bbc-bm53ic e1cc2ql70\">Aunque todo esto tambi\u00e9n se trata de <b>pobreza y acceso a la atenci\u00f3n m\u00e9dica<\/b>.<\/p>\n<\/div>\n<div dir=\"ltr\" class=\"bbc-19j92fr e57qer20\" readability=\"10\">\n<p dir=\"ltr\" class=\"bbc-bm53ic e1cc2ql70\">Un estudio de 5.857 pacientes con covid-19 menores de 20 a\u00f1os, realizado por pediatras brasile\u00f1os dirigido por la Facultad de Medicina de Sao Paulo identific\u00f3 tanto las enfermedades de base como las vulnerabilidades socioecon\u00f3micas como factores de riesgo para el peor resultado en menores.<\/p>\n<\/div>\n<div dir=\"ltr\" class=\"bbc-19j92fr e57qer20\" readability=\"7\">\n<p dir=\"ltr\" class=\"bbc-bm53ic e1cc2ql70\">Marinho est\u00e1 de acuerdo en que este es un factor importante. <\/p>\n<\/div>\n<div dir=\"ltr\" class=\"bbc-19j92fr e57qer20\" readability=\"11\">\n<p dir=\"ltr\" class=\"bbc-bm53ic e1cc2ql70\">\u00abLos m\u00e1s vulnerables son los <b>ni\u00f1os afrodescendientes y los menores de familias muy pobres<\/b>, ya que tienen m\u00e1s dificultades para acceder al auxilio. Estos son los ni\u00f1os con mayor riesgo de muerte\u00bb, indica. <\/p>\n<\/div>\n<div dir=\"ltr\" class=\"bbc-19j92fr e57qer20\" readability=\"10\">\n<p dir=\"ltr\" class=\"bbc-bm53ic e1cc2ql70\">Ella dice que esto se debe a que las condiciones de vivienda hacinadas hacen que sea imposible distanciarse socialmente cuando se infectan, y porque las comunidades m\u00e1s pobres no tienen acceso a una unidad de cuidados intensivos local.<\/p>\n<\/div>\n<div dir=\"ltr\" class=\"bbc-19j92fr e57qer20\" readability=\"10\">\n<p dir=\"ltr\" class=\"bbc-bm53ic e1cc2ql70\">Estos ni\u00f1os tambi\u00e9n corren riesgo de desnutrici\u00f3n, lo que es \u00abterrible para la respuesta inmunol\u00f3gica\u00bb, afirma Marinho. <\/p>\n<\/div>\n<div dir=\"ltr\" class=\"bbc-19j92fr e57qer20\" readability=\"9\">\n<p dir=\"ltr\" class=\"bbc-bm53ic e1cc2ql70\">Cuando se detuvieron las subvenciones en medio de la pandemia, millones volvieron a entrar en <b>graves problemas de subsistencia<\/b>. <\/p>\n<\/div>\n<div dir=\"ltr\" class=\"bbc-19j92fr e57qer20\" readability=\"10\">\n<p dir=\"ltr\" class=\"bbc-bm53ic e1cc2ql70\">\u00abPasamos de 7 millones a 21 millones de personas por debajo del umbral de la pobreza en un a\u00f1o. As\u00ed que la gente tambi\u00e9n pasa hambre. Todo esto tiene un impacto en la mortalidad\u00bb, afirma la experta.<\/p>\n<\/div>\n<div dir=\"ltr\" class=\"bbc-19j92fr e57qer20\" readability=\"12\">\n<p dir=\"ltr\" class=\"bbc-bm53ic e1cc2ql70\">Braian Sousa, l\u00edder de la investigaci\u00f3n de la Universidad de Sao Paulo, dice que su estudio identifica ciertos grupos de riesgo entre los ni\u00f1os a los que se debe dar prioridad para la vacunaci\u00f3n. Aunque actualmente, no hay vacunas disponibles para menores de 16 a\u00f1os.<\/p>\n<\/div>\n<div dir=\"ltr\" class=\"bbc-1ka88fa e57qer20\">\n<figure class=\"bbc-1qdcvv9 e6bmn90\">\n<div dir=\"ltr\" class=\"bbc-172p16q e57qer20\">\n<div dir=\"ltr\" class=\"bbc-189y18v e57qer20\">\n<div data-e2e=\"image-placeholder\" class=\"bbc-367mqz e1whu0\"><noscript><img srcset=\"http:\/\/nuevacordoba.net\/wp-content\/uploads\/2021\/04\/coronavirus-en-brasil-por-que-tantos-ninos-mueren-en-ese-pais-por-covid-19-61.jpg 240w, http:\/\/nuevacordoba.net\/wp-content\/uploads\/2021\/04\/coronavirus-en-brasil-por-que-tantos-ninos-mueren-en-ese-pais-por-covid-19-62.jpg 320w, http:\/\/nuevacordoba.net\/wp-content\/uploads\/2021\/04\/coronavirus-en-brasil-por-que-tantos-ninos-mueren-en-ese-pais-por-covid-19-63.jpg 464w\" alt=\"L\u00ednea\" src=\"http:\/\/nuevacordoba.net\/wp-content\/uploads\/2021\/04\/coronavirus-en-brasil-por-que-tantos-ninos-mueren-en-ese-pais-por-covid-19-10.jpg\" width=\"464\" class=\"bbc-fat2bc e1enwo3v0\"><\/noscript><\/div>\n<\/div>\n<\/div>\n<\/figure>\n<\/div>\n<div dir=\"ltr\" class=\"bbc-19j92fr e57qer20\" readability=\"8\">\n<p dir=\"ltr\" class=\"bbc-bm53ic e1cc2ql70\"><i class=\"bbc-h1y5j7 ewc4zcb0\">Ahora puedes recibir notificaciones de BBC Mundo. Descarga nuestra app y act\u00edvalas para no perderte nuestro mejor contenido.<\/i><\/p>\n<\/div>\n","protected":false},"excerpt":{"rendered":"<p>Nathalia Passarinho y Luis Barrucho BBC Brasil 9 horas Fuente de la imagen, Cortes\u00eda de Jessika Ricarte Pie de foto, A Lucas, hijo de la profesora Ricarte, no le hicieron una prueba porque sus s\u00edntomas no se ajustaban al perfil del coronavirus. Un a\u00f1o despu\u00e9s de la declaratoria de la pandemia del coronavirus, las muertes [&hellip;]<\/p>\n","protected":false},"author":1,"featured_media":3264,"comment_status":"closed","ping_status":"closed","sticky":false,"template":"","format":"standard","meta":[],"categories":[13],"tags":[],"_links":{"self":[{"href":"http:\/\/nuevacordoba.net\/index.php\/wp-json\/wp\/v2\/posts\/3263"}],"collection":[{"href":"http:\/\/nuevacordoba.net\/index.php\/wp-json\/wp\/v2\/posts"}],"about":[{"href":"http:\/\/nuevacordoba.net\/index.php\/wp-json\/wp\/v2\/types\/post"}],"author":[{"embeddable":true,"href":"http:\/\/nuevacordoba.net\/index.php\/wp-json\/wp\/v2\/users\/1"}],"replies":[{"embeddable":true,"href":"http:\/\/nuevacordoba.net\/index.php\/wp-json\/wp\/v2\/comments?post=3263"}],"version-history":[{"count":0,"href":"http:\/\/nuevacordoba.net\/index.php\/wp-json\/wp\/v2\/posts\/3263\/revisions"}],"wp:featuredmedia":[{"embeddable":true,"href":"http:\/\/nuevacordoba.net\/index.php\/wp-json\/wp\/v2\/media\/3264"}],"wp:attachment":[{"href":"http:\/\/nuevacordoba.net\/index.php\/wp-json\/wp\/v2\/media?parent=3263"}],"wp:term":[{"taxonomy":"category","embeddable":true,"href":"http:\/\/nuevacordoba.net\/index.php\/wp-json\/wp\/v2\/categories?post=3263"},{"taxonomy":"post_tag","embeddable":true,"href":"http:\/\/nuevacordoba.net\/index.php\/wp-json\/wp\/v2\/tags?post=3263"}],"curies":[{"name":"wp","href":"https:\/\/api.w.org\/{rel}","templated":true}]}}