{"id":32651,"date":"2023-05-24T17:00:44","date_gmt":"2023-05-24T17:00:44","guid":{"rendered":"https:\/\/www.ole.com.ar\/autos\/carlos-sainz-ferrari-formula-1_0_MlBufZO2DL.html"},"modified":"2023-05-24T17:00:44","modified_gmt":"2023-05-24T17:00:44","slug":"sainz-del-golpe-jugando-al-futbol-a-tranquilizar-a-ferrari-asegurando-que-va-a-correr-en-monaco","status":"publish","type":"post","link":"http:\/\/nuevacordoba.net\/index.php\/2023\/05\/24\/sainz-del-golpe-jugando-al-futbol-a-tranquilizar-a-ferrari-asegurando-que-va-a-correr-en-monaco\/","title":{"rendered":"Sainz: del golpe jugando al f\u00fatbol a tranquilizar a Ferrari asegurando que va a correr en M\u00f3naco"},"content":{"rendered":"<div><img src=\"http:\/\/nuevacordoba.net\/wp-content\/uploads\/2023\/05\/sainz-del-golpe-jugando-al-futbol-a-tranquilizar-a-ferrari-asegurando-que-va-a-correr-en-monaco.jpg\" class=\"ff-og-image-inserted\"><\/div>\n<div readability=\"35.04854368932\">\n<p><a href=\"https:\/\/www.ole.com.ar\/tema\/carlos-sainz.html\" title=\"Carlos Sainz\" alt=\"Carlos Sainz\" class=\"slug\"><strong>Carlos Sainz<\/strong><\/a><strong> (Ferrari),<\/strong> quinto en el Mundial de <a href=\"https:\/\/www.ole.com.ar\/tema\/formula-1.html\" title=\"F\u00f3rmula 1\" alt=\"F\u00f3rmula 1\" class=\"slug\">F\u00f3rmula Uno<\/a>, que se golpe\u00f3 jugando el tradicional partido ben\u00e9fico previo al Gran Premio de M\u00f3naco -el sexto del a\u00f1o, que se disputa el pr\u00f3ximo fin de semana- <strong>manifest\u00f3 que est\u00e1 \u00abbien\u00bb y \u00ablisto para correr\u00bb en las calles del principado de la Costa Azul. <\/strong><\/p>\n<\/div>\n<div readability=\"35\">\n<p>El espa\u00f1ol, de 28 a\u00f1os y con 44 puntos en el campeonato de pilotos (75 menos que el l\u00edder Max Verstappen), inform\u00f3 a trav\u00e9s de sus redes sociales que est\u00e1 bien y \u00abdeseando\u00bb volver a competir. <\/p>\n<\/div>\n<div readability=\"41\">\n<p><strong>\u00abHola a todos. S\u00f3lo comentar que estoy bien y completamente listo para correr este fin de semana en M\u00f3naco. <\/strong>Lo de ayer fue un golpe durante el tradicional partido ben\u00e9fico, gajes del oficio, pero no es ninguna lesi\u00f3n\u00bb, explic\u00f3 el piloto de Ferrari, que cuenta con una victoria y quince podios en la categor\u00eda reina.<strong> \u00abComo siempre, me lo pas\u00e9 muy bien jugando al f\u00fatbol y ahora deseando que llegue el fin de semana\u00bb<\/strong>, a\u00f1adi\u00f3 Sainz a trav\u00e9s de la red social &#8216;twitter&#8217;.<\/p>\n<\/div>\n","protected":false},"excerpt":{"rendered":"<p>Carlos Sainz (Ferrari), quinto en el Mundial de F\u00f3rmula Uno, que se golpe\u00f3 jugando el tradicional partido ben\u00e9fico previo al Gran Premio de M\u00f3naco -el sexto del a\u00f1o, que se disputa el pr\u00f3ximo fin de semana- manifest\u00f3 que est\u00e1 \u00abbien\u00bb y \u00ablisto para correr\u00bb en las calles del principado de la Costa Azul. El espa\u00f1ol, [&hellip;]<\/p>\n","protected":false},"author":1,"featured_media":32652,"comment_status":"closed","ping_status":"closed","sticky":false,"template":"","format":"standard","meta":[],"categories":[10],"tags":[],"_links":{"self":[{"href":"http:\/\/nuevacordoba.net\/index.php\/wp-json\/wp\/v2\/posts\/32651"}],"collection":[{"href":"http:\/\/nuevacordoba.net\/index.php\/wp-json\/wp\/v2\/posts"}],"about":[{"href":"http:\/\/nuevacordoba.net\/index.php\/wp-json\/wp\/v2\/types\/post"}],"author":[{"embeddable":true,"href":"http:\/\/nuevacordoba.net\/index.php\/wp-json\/wp\/v2\/users\/1"}],"replies":[{"embeddable":true,"href":"http:\/\/nuevacordoba.net\/index.php\/wp-json\/wp\/v2\/comments?post=32651"}],"version-history":[{"count":0,"href":"http:\/\/nuevacordoba.net\/index.php\/wp-json\/wp\/v2\/posts\/32651\/revisions"}],"wp:featuredmedia":[{"embeddable":true,"href":"http:\/\/nuevacordoba.net\/index.php\/wp-json\/wp\/v2\/media\/32652"}],"wp:attachment":[{"href":"http:\/\/nuevacordoba.net\/index.php\/wp-json\/wp\/v2\/media?parent=32651"}],"wp:term":[{"taxonomy":"category","embeddable":true,"href":"http:\/\/nuevacordoba.net\/index.php\/wp-json\/wp\/v2\/categories?post=32651"},{"taxonomy":"post_tag","embeddable":true,"href":"http:\/\/nuevacordoba.net\/index.php\/wp-json\/wp\/v2\/tags?post=32651"}],"curies":[{"name":"wp","href":"https:\/\/api.w.org\/{rel}","templated":true}]}}