{"id":32748,"date":"2023-05-28T13:17:07","date_gmt":"2023-05-28T13:17:07","guid":{"rendered":"https:\/\/prensa.cba.gov.ar\/?p=552660"},"modified":"2023-05-28T13:17:07","modified_gmt":"2023-05-28T13:17:07","slug":"procordoba-convoca-a-la-mision-visita-a-fipan-en-brasil","status":"publish","type":"post","link":"http:\/\/nuevacordoba.net\/index.php\/2023\/05\/28\/procordoba-convoca-a-la-mision-visita-a-fipan-en-brasil\/","title":{"rendered":"ProC\u00f3rdoba convoca a la Misi\u00f3n Visita a FIPAN en Brasil"},"content":{"rendered":"<div><img src=\"http:\/\/nuevacordoba.net\/wp-content\/uploads\/2023\/05\/procordoba-convoca-a-la-mision-visita-a-fipan-en-brasil.jpg\" class=\"ff-og-image-inserted\"><\/div>\n<ul>\n<li><strong>Se trata de una feria destinada a promover negocios en el sector panificados.<\/strong><\/li>\n<li><strong>Este a\u00f1o tendr\u00e1 lugar<\/strong> <strong>del 25 al 28 de julio en la ciudad de<\/strong> <strong>San Pablo.<\/strong><\/li>\n<li><strong>La Agencia ProC\u00f3rdoba brindar\u00e1 apoyo a las empresas que deseen participar.<\/strong><\/li>\n<\/ul>\n<p>La <strong>Agencia Proc\u00f3rdoba<\/strong> invita a <strong>empresas del sector panificados<\/strong> a participar de la <strong>Misi\u00f3n Visita a FIPAN 2023<\/strong> que tendr\u00e1 lugar <strong>del 25 al 28 de julio <\/strong>en la ciudad de <strong>San Pablo, Brasil.<\/strong><\/p>\n<p><strong>FIPAN<\/strong> es una <strong>feria destinada a promover negocios para todos los sectores del Food Service<\/strong>, haciendo puente entre la industria y los segmentos transformadores.<\/p>\n<p>El evento tiene como objetivo <strong>promover la innovaci\u00f3n, tecnolog\u00eda, actualizaci\u00f3n empresarial y modernizaci\u00f3n en los modelos de gesti\u00f3n<\/strong>. Cuenta con amplia convocatoria nacional e internacional, adem\u00e1s de representaciones bilaterales de las m\u00e1s grandes ferias de panader\u00eda del mundo: <strong>IBA<\/strong> (Alemania), <strong>EUROPAI<\/strong>N (Francia), <strong>INTERSICOP<\/strong> (Espa\u00f1a) e <strong>IBIE <\/strong>(Estados Unidos).<\/p>\n<h2><strong>Apoyo de la Agencia ProC\u00f3rdoba<\/strong><\/h2>\n<p>La <strong>Agencia ProC\u00f3rdoba<\/strong> brindar\u00e1 apoyo a las empresas cordobesas que deseen participar, por medio de un <strong>reembolso que quedar\u00e1 definido mediante un Programa de Asistencia<\/strong>.<\/p>\n<p><strong>Son condiciones indispensables para integrar la delegaci\u00f3n:<\/strong><\/p>\n<p>-Estar registradas o iniciar el proceso de registro en el \u201cDirectorio de Oferta Exportable\u201d de la Agencia ProC\u00f3rdoba.<\/p>\n<p>-Contar con la documentaci\u00f3n personal en condiciones para realizar un viaje al exterior del pa\u00eds y tener en cuenta las condiciones de ingreso y permanencia en el pa\u00eds de destino.<\/p>\n<p>-La delegaci\u00f3n se conformar\u00e1 con las primeras empresas, cuyo perfil se considere pertinente para integrar la delegaci\u00f3n y que completen todos los pasos del procedimiento de inscripci\u00f3n dentro de los plazos establecidos.<\/p>\n<p><strong>Las inscripciones cierran el 16 de junio.<\/strong><\/p>\n<p><strong>Para solicitar ficha de inscripci\u00f3n y por consultas contactarse con: <\/strong><a href=\"mailto:mvictoria.batalles@procordoba.org\">mvictoria.batalles@procordoba.org<\/a><\/p>\n","protected":false},"excerpt":{"rendered":"<p>Se trata de una feria destinada a promover negocios en el sector panificados. Este a\u00f1o tendr\u00e1 lugar del 25 al 28 de julio en la ciudad de San Pablo. La Agencia ProC\u00f3rdoba brindar\u00e1 apoyo a las empresas que deseen participar. La Agencia Proc\u00f3rdoba invita a empresas del sector panificados a participar de la Misi\u00f3n Visita [&hellip;]<\/p>\n","protected":false},"author":1,"featured_media":32749,"comment_status":"closed","ping_status":"closed","sticky":false,"template":"","format":"standard","meta":[],"categories":[14],"tags":[],"_links":{"self":[{"href":"http:\/\/nuevacordoba.net\/index.php\/wp-json\/wp\/v2\/posts\/32748"}],"collection":[{"href":"http:\/\/nuevacordoba.net\/index.php\/wp-json\/wp\/v2\/posts"}],"about":[{"href":"http:\/\/nuevacordoba.net\/index.php\/wp-json\/wp\/v2\/types\/post"}],"author":[{"embeddable":true,"href":"http:\/\/nuevacordoba.net\/index.php\/wp-json\/wp\/v2\/users\/1"}],"replies":[{"embeddable":true,"href":"http:\/\/nuevacordoba.net\/index.php\/wp-json\/wp\/v2\/comments?post=32748"}],"version-history":[{"count":0,"href":"http:\/\/nuevacordoba.net\/index.php\/wp-json\/wp\/v2\/posts\/32748\/revisions"}],"wp:featuredmedia":[{"embeddable":true,"href":"http:\/\/nuevacordoba.net\/index.php\/wp-json\/wp\/v2\/media\/32749"}],"wp:attachment":[{"href":"http:\/\/nuevacordoba.net\/index.php\/wp-json\/wp\/v2\/media?parent=32748"}],"wp:term":[{"taxonomy":"category","embeddable":true,"href":"http:\/\/nuevacordoba.net\/index.php\/wp-json\/wp\/v2\/categories?post=32748"},{"taxonomy":"post_tag","embeddable":true,"href":"http:\/\/nuevacordoba.net\/index.php\/wp-json\/wp\/v2\/tags?post=32748"}],"curies":[{"name":"wp","href":"https:\/\/api.w.org\/{rel}","templated":true}]}}