{"id":32760,"date":"2023-05-28T11:00:08","date_gmt":"2023-05-28T11:00:08","guid":{"rendered":"https:\/\/puntoapunto.com.ar\/?p=345796"},"modified":"2023-05-28T11:00:08","modified_gmt":"2023-05-28T11:00:08","slug":"diana-mondino-arreglo-con-milei-y-sera-candidata-de-lla","status":"publish","type":"post","link":"http:\/\/nuevacordoba.net\/index.php\/2023\/05\/28\/diana-mondino-arreglo-con-milei-y-sera-candidata-de-lla\/","title":{"rendered":"Diana Mondino arregl\u00f3 con Milei y ser\u00e1 candidata de LLA"},"content":{"rendered":"<div class=\"g g-37\">\n<div class=\"g-single a-29\"><a class=\"gofollow\" data-track=\"MjksMzcsMSw2MA==\" href=\"https:\/\/www.harmoniechateau.com.ar\/\" target=\"_blank\" rel=\"noopener\"><img class=\"lazyload\" src=\"http:\/\/nuevacordoba.net\/wp-content\/uploads\/2023\/05\/diana-mondino-arreglo-con-milei-y-sera-candidata-de-lla.jpg\"><noscript><img src=\"http:\/\/nuevacordoba.net\/wp-content\/uploads\/2023\/05\/diana-mondino-arreglo-con-milei-y-sera-candidata-de-lla.jpg\"><\/noscript><\/a><\/div>\n<\/div>\n<p>&nbsp;\n<\/p>\n<p>Diana Mondino acord\u00f3 ser candidata para La Libertad Avanza, el espacio de Javier Milei. El acuerdo se cerr\u00f3 en los \u00faltimos d\u00edas y defini\u00f3 que la empresaria cordobesa, directora del Banco Roela y de varias compa\u00f1\u00edas m\u00e1s, tendr\u00e1 su participaci\u00f3n pol\u00edtica en las pr\u00f3ximas elecciones.\n<\/p>\n<p>Seg\u00fan consignaron a <a href=\"https:\/\/puntoapunto.com.ar\/\">Punto a Punto<\/a> fuentes cercanas a Mondino, el pr\u00f3ximo mi\u00e9rcoles se anunciar\u00eda formalmente el acuerdo. Lo que trascendi\u00f3 es que la cordobesa encabezar\u00e1 la lista de<strong> diputados de La Libertad Avanza por la Ciudad de Buenos Aires.<\/strong>\n<\/p>\n<p>Seg\u00fan consign\u00f3 el diario PERFIL, la decisi\u00f3n del libertario se tom\u00f3 en los \u00faltimos d\u00edas junto con su c\u00edrculo \u00edntimo y ser\u00e1 oficializada esta semana. Economista, profesora en la Universidad CEMA y presidenta del Banco Roela, supo cultivar una gran relaci\u00f3n con el <a href=\"https:\/\/www.perfil.com\/noticias\/politica\/milei-estamos-convencidos-de-que-entramos-al-balotaje-y-vamos-a-llegar-a-la-presidencia.phtml\" target=\"_blank\" rel=\"noopener\">diputado nacional que pretende alcanzar la Casa Rosada<\/a>&nbsp;con varias&nbsp;<strong>ideas en com\u00fan en torno a lo que la econom\u00eda de la Argentina requiere<\/strong>.\n<\/p>\n<p>Esa sinton\u00eda, llev\u00f3 a Milei y a&nbsp;<a href=\"https:\/\/www.perfil.com\/noticias\/canal-e\/diana-mondino-hay-que-pagarle-al-exportador-lo-que-valen-sus-dolares.phtml\" target=\"_blank\" rel=\"noopener\"><strong>Mondino<\/strong><\/a>&nbsp;a compartir durante el \u00faltimo a\u00f1o varias charlas sobre coyuntura y planes econ\u00f3micos. Una de las m\u00e1s relevantes fue la del 12 de septiembre pasado, en el Teatro Brodway de la Ciudad de Buenos Aires, en la que&nbsp;<strong>la futura prepostulante particip\u00f3 de un seminario denominado \u201cEl fin de la inflaci\u00f3n\u201d<\/strong>. En ese contexto, se encarg\u00f3 de explicar el sistema de banca de encaje fraccionario. Y le tir\u00f3 varios gui\u00f1os al sistema de dolarizaci\u00f3n que propone el precandidato al se\u00f1alar que es una inc\u00f3gnita dilucidar \u201csi el peso sigue siendo la moneda bajo la fuerza\u201d.\n<\/p>\n<div>\n<figure class=\"image\"><img decoding=\"async\" alt=\"Diana Mondino\" class=\"lazyload\" src=\"http:\/\/nuevacordoba.net\/wp-content\/uploads\/2023\/05\/diana-mondino-arreglo-con-milei-y-sera-candidata-de-lla-1.jpg\"><noscript><img decoding=\"async\" src=\"http:\/\/nuevacordoba.net\/wp-content\/uploads\/2023\/05\/diana-mondino-arreglo-con-milei-y-sera-candidata-de-lla-1.jpg\" alt=\"Diana Mondino\"><\/noscript><\/figure>\n<\/div>\n<p>Otras definiciones en l\u00edneas con la fuerza libertaria: pidi\u00f3 compromiso de la sociedad para ganar la&nbsp;<strong>batalla cultural<\/strong>&nbsp;en aquellas cosas que hoy se delegan en el Estado y consider\u00f3 que \u201ccon mayor consenso, habr\u00eda que hacer una reforma previsional\u201d&nbsp;en direcci\u00f3n de lo que eran las AFJP. \u201cLo que hay que hacer es que una persona pueda ahorrar por s\u00ed misma para la jubilaci\u00f3n\u201d, asegur\u00f3 y se mostr\u00f3 partidaria de que \u201csea voluntario\u201d.<\/p>\n<p>Por el momento, la oriunda de C\u00f3rdoba aclar\u00f3, ante este medio, que no puede referirse a su futuro inmediato. Pero a lo largo de este tiempo entreg\u00f3 se\u00f1ales claras, como los&nbsp;<strong>elogios a Milei y a su equipo<\/strong>. Incluso, dijo que conoce al entorno del libertario y que ser\u00eda un honor trabajar en esas circunstancias. Un dirigente del partido tambi\u00e9n hizo su aporte, para dar sustento al Mondino candidata: asever\u00f3 que el propio Milei ya realiz\u00f3 declaraciones que dan a entender que va a ocupar el puesto para la C\u00e1mara baja.\n<\/p>\n<div class=\"g g-38\">\n<div class=\"g-dyn a-12 c-1\"><a class=\"gofollow\" data-track=\"MTIsMzgsMSw2MA==\" href=\"https:\/\/api.whatsapp.com\/send\/?phone=3518562462&amp;text&amp;type=phone_number&amp;app_absent=0\"><img class=\"lazyload\" src=\"http:\/\/nuevacordoba.net\/wp-content\/uploads\/2023\/05\/diana-mondino-arreglo-con-milei-y-sera-candidata-de-lla.png\"><noscript><img src=\"http:\/\/nuevacordoba.net\/wp-content\/uploads\/2023\/05\/diana-mondino-arreglo-con-milei-y-sera-candidata-de-lla.png\"><\/noscript><\/a><\/div>\n<\/div>\n","protected":false},"excerpt":{"rendered":"<p>&nbsp; Diana Mondino acord\u00f3 ser candidata para La Libertad Avanza, el espacio de Javier Milei. El acuerdo se cerr\u00f3 en los \u00faltimos d\u00edas y defini\u00f3 que la empresaria cordobesa, directora del Banco Roela y de varias compa\u00f1\u00edas m\u00e1s, tendr\u00e1 su participaci\u00f3n pol\u00edtica en las pr\u00f3ximas elecciones. Seg\u00fan consignaron a Punto a Punto fuentes cercanas a [&hellip;]<\/p>\n","protected":false},"author":1,"featured_media":32761,"comment_status":"open","ping_status":"closed","sticky":false,"template":"","format":"standard","meta":[],"categories":[12,14],"tags":[],"_links":{"self":[{"href":"http:\/\/nuevacordoba.net\/index.php\/wp-json\/wp\/v2\/posts\/32760"}],"collection":[{"href":"http:\/\/nuevacordoba.net\/index.php\/wp-json\/wp\/v2\/posts"}],"about":[{"href":"http:\/\/nuevacordoba.net\/index.php\/wp-json\/wp\/v2\/types\/post"}],"author":[{"embeddable":true,"href":"http:\/\/nuevacordoba.net\/index.php\/wp-json\/wp\/v2\/users\/1"}],"replies":[{"embeddable":true,"href":"http:\/\/nuevacordoba.net\/index.php\/wp-json\/wp\/v2\/comments?post=32760"}],"version-history":[{"count":0,"href":"http:\/\/nuevacordoba.net\/index.php\/wp-json\/wp\/v2\/posts\/32760\/revisions"}],"wp:featuredmedia":[{"embeddable":true,"href":"http:\/\/nuevacordoba.net\/index.php\/wp-json\/wp\/v2\/media\/32761"}],"wp:attachment":[{"href":"http:\/\/nuevacordoba.net\/index.php\/wp-json\/wp\/v2\/media?parent=32760"}],"wp:term":[{"taxonomy":"category","embeddable":true,"href":"http:\/\/nuevacordoba.net\/index.php\/wp-json\/wp\/v2\/categories?post=32760"},{"taxonomy":"post_tag","embeddable":true,"href":"http:\/\/nuevacordoba.net\/index.php\/wp-json\/wp\/v2\/tags?post=32760"}],"curies":[{"name":"wp","href":"https:\/\/api.w.org\/{rel}","templated":true}]}}