{"id":32902,"date":"2023-06-02T03:04:29","date_gmt":"2023-06-02T03:04:29","guid":{"rendered":"https:\/\/puntoapunto.com.ar\/?p=346121"},"modified":"2023-06-02T03:04:29","modified_gmt":"2023-06-02T03:04:29","slug":"transicion-electoral-la-de-2023-se-puede-parecer-a-la-de-2015","status":"publish","type":"post","link":"http:\/\/nuevacordoba.net\/index.php\/2023\/06\/02\/transicion-electoral-la-de-2023-se-puede-parecer-a-la-de-2015\/","title":{"rendered":"Transici\u00f3n electoral: \u00bfla de 2023 se puede parecer a la de 2015?"},"content":{"rendered":"<div class=\"g g-37\">\n<div class=\"g-single a-29\"><a class=\"gofollow\" data-track=\"MjksMzcsMSw2MA==\" href=\"https:\/\/www.harmoniechateau.com.ar\/\" target=\"_blank\" rel=\"noopener\"><img class=\"lazyload\" src=\"http:\/\/nuevacordoba.net\/wp-content\/uploads\/2023\/06\/transicion-electoral-la-de-2023-se-puede-parecer-a-la-de-2015.jpg\"><noscript><img src=\"http:\/\/nuevacordoba.net\/wp-content\/uploads\/2023\/06\/transicion-electoral-la-de-2023-se-puede-parecer-a-la-de-2015.jpg\"><\/noscript><\/a><\/div>\n<\/div>\n<p>&nbsp;\n<\/p>\n<p>\u201cLa administraci\u00f3n que asuma en diciembre en 2023 se enfrentar\u00e1 con problemas similares a los que exist\u00edan en 2015, algunos agravados, otros morigerados: Iguales o menores reservas netas en el BCRA en 2023, con importaciones \u201crezagadas\u201d y exportaciones \u201cadelantadas\u201d, y en los dos casos con f\u00e9rreo cepo cambiario e importador\u201d, esa es una de las primeras conclusiones de un reciente an\u00e1lisis sobre la actualidad macro encarado por los economistas Marcelo Capello y Nicol\u00e1s C\u00e1mpoli.\n<\/p>\n<p>Los analistas del <a href=\"https:\/\/www.ieral.org\/\">Ieral de la Fundaci\u00f3n Mediterr\u00e1nea<\/a> se propusieron indagar sobre la evoluci\u00f3n de algunas de las variables clave de la macro para identificar si esta transici\u00f3n electoral se parecer\u00e1 o no a la del 2015.\n<\/p>\n<p>En ese plano es que destacaron que hay un tipo de cambio retrasado, aunque en 2023 en menor medida que en 2015. Con mayor brecha cambiaria en el presente.\n<\/p>\n<p>En tanto remarcaron que este a\u00f1o la inflaci\u00f3n ser\u00e1 al menos 4 veces mayor que en 2015, mientras que el d\u00e9ficit primario ser\u00e1 alto, pero probablemente menor que en aquel a\u00f1o.\n<\/p>\n<p>\u201cTarifas rezagadas en 2023, pero menos que en 2015. El riesgo pa\u00eds es ahora 4 veces mayor, y el peso de la deuda es tambi\u00e9n mayor, con lo que el reingreso a los mercados de deuda resultar\u00e1 m\u00e1s lento que en aquella oportunidad. Las variables sociales est\u00e1n en peor situaci\u00f3n en 2023 que en 2015, tras poco m\u00e1s de una d\u00e9cada de estanflaci\u00f3n\u201d, se\u00f1alaron.<\/p>\n<p>Y subrayaron que las fechas pol\u00edticas importantes hasta fin de a\u00f1o son: 1\u00b0) 24 de junio, en que se conocer\u00e1n los precandidatos a la presidencia; 2\u00b0) 13 de agosto, se realizan las PASO; 3\u00b0) 22 de octubre, la elecci\u00f3n general; 4\u00b0) 19 de noviembre, eventualmente se desarrolla la segunda vuelta electoral; y 5\u00b0) 10 de diciembre, en que asume nuevo gobierno.\n<\/p>\n<p>\u201cLas decisiones p\u00fablicas y privadas pueden ser diferentes mientras no exista nuevo gobierno electo, desde que \u00e9ste haya sido consagrado y, por supuesto, desde que asume el mando. A la precariedad de las variables econ\u00f3micas se agrega el hecho que los a\u00f1os con elecciones de presidente y gobernadores nunca fueron f\u00e1ciles. Prevalece la incertidumbre sobre la agenda del gobierno que resulte electo, pero tambi\u00e9n sobre las decisiones de la gesti\u00f3n saliente, ya que aumentan los incentivos para medidas oportunistas e insustentables\u201d, destacaron sobre la transici\u00f3n que se viene.\n<\/p>\n<div class=\"g g-38\">\n<div class=\"g-dyn a-12 c-1\"><a class=\"gofollow\" data-track=\"MTIsMzgsMSw2MA==\" href=\"https:\/\/api.whatsapp.com\/send\/?phone=3518562462&amp;text&amp;type=phone_number&amp;app_absent=0\"><img class=\"lazyload\" src=\"http:\/\/nuevacordoba.net\/wp-content\/uploads\/2023\/06\/transicion-electoral-la-de-2023-se-puede-parecer-a-la-de-2015.png\"><noscript><img src=\"http:\/\/nuevacordoba.net\/wp-content\/uploads\/2023\/06\/transicion-electoral-la-de-2023-se-puede-parecer-a-la-de-2015.png\"><\/noscript><\/a><\/div>\n<\/div>\n","protected":false},"excerpt":{"rendered":"<p>&nbsp; \u201cLa administraci\u00f3n que asuma en diciembre en 2023 se enfrentar\u00e1 con problemas similares a los que exist\u00edan en 2015, algunos agravados, otros morigerados: Iguales o menores reservas netas en el BCRA en 2023, con importaciones \u201crezagadas\u201d y exportaciones \u201cadelantadas\u201d, y en los dos casos con f\u00e9rreo cepo cambiario e importador\u201d, esa es una de [&hellip;]<\/p>\n","protected":false},"author":1,"featured_media":32903,"comment_status":"open","ping_status":"closed","sticky":false,"template":"","format":"standard","meta":[],"categories":[14],"tags":[],"_links":{"self":[{"href":"http:\/\/nuevacordoba.net\/index.php\/wp-json\/wp\/v2\/posts\/32902"}],"collection":[{"href":"http:\/\/nuevacordoba.net\/index.php\/wp-json\/wp\/v2\/posts"}],"about":[{"href":"http:\/\/nuevacordoba.net\/index.php\/wp-json\/wp\/v2\/types\/post"}],"author":[{"embeddable":true,"href":"http:\/\/nuevacordoba.net\/index.php\/wp-json\/wp\/v2\/users\/1"}],"replies":[{"embeddable":true,"href":"http:\/\/nuevacordoba.net\/index.php\/wp-json\/wp\/v2\/comments?post=32902"}],"version-history":[{"count":0,"href":"http:\/\/nuevacordoba.net\/index.php\/wp-json\/wp\/v2\/posts\/32902\/revisions"}],"wp:featuredmedia":[{"embeddable":true,"href":"http:\/\/nuevacordoba.net\/index.php\/wp-json\/wp\/v2\/media\/32903"}],"wp:attachment":[{"href":"http:\/\/nuevacordoba.net\/index.php\/wp-json\/wp\/v2\/media?parent=32902"}],"wp:term":[{"taxonomy":"category","embeddable":true,"href":"http:\/\/nuevacordoba.net\/index.php\/wp-json\/wp\/v2\/categories?post=32902"},{"taxonomy":"post_tag","embeddable":true,"href":"http:\/\/nuevacordoba.net\/index.php\/wp-json\/wp\/v2\/tags?post=32902"}],"curies":[{"name":"wp","href":"https:\/\/api.w.org\/{rel}","templated":true}]}}