{"id":32907,"date":"2023-06-02T10:55:05","date_gmt":"2023-06-02T10:55:05","guid":{"rendered":"https:\/\/www.bbc.com\/mundo\/noticias-internacional-65780646"},"modified":"2023-06-02T10:55:05","modified_gmt":"2023-06-02T10:55:05","slug":"el-hombre-que-lleva-1-000-dias-encerrado-en-confinamiento-solitario-en-una-carcel-de-iran","status":"publish","type":"post","link":"http:\/\/nuevacordoba.net\/index.php\/2023\/06\/02\/el-hombre-que-lleva-1-000-dias-encerrado-en-confinamiento-solitario-en-una-carcel-de-iran\/","title":{"rendered":"El hombre que lleva 1.000 d\u00edas encerrado en confinamiento solitario en una c\u00e1rcel de Ir\u00e1n"},"content":{"rendered":"<div dir=\"ltr\" class=\"e1j2237y6 bbc-q4ibpr ebmt73l0\">\n<div class=\"bbc-1atl7vu euvj3t14\">\n<ul role=\"list\" class=\"bbc-k0l9bd euvj3t12\">\n<li role=\"listitem\" class=\"bbc-1a3w4ok euvj3t11\">Maryam Afshang<\/li>\n<li role=\"listitem\" class=\"bbc-1p92jtu euvj3t10\">BBC Persa<\/li>\n<\/ul>\n<\/div>\n<\/div>\n<p><time datetime=\"2023-06-02\" class=\"bbc-1dafq0j e1mklfmt0\">6 horas<\/time><\/p>\n<div dir=\"ltr\" class=\"bbc-1ka88fa ebmt73l0\">\n<figure class=\"bbc-1qdcvv9 e1aczekt0\">\n<div dir=\"ltr\" class=\"bbc-172p16q ebmt73l0\">\n<div dir=\"ltr\" class=\"bbc-189y18v ebmt73l0\" readability=\"6.5\">\n<div data-e2e=\"image-placeholder\" class=\"bbc-997y1y eihqrxw0\" readability=\"8\"><img loading=\"lazy\" sizes=\"(min-width: 1008px) 645px, 100vw\" srcset=\"http:\/\/nuevacordoba.net\/wp-content\/uploads\/2023\/06\/el-hombre-que-lleva-1-000-dias-encerrado-en-confinamiento-solitario-en-una-carcel-de-iran-7.jpg 240w, http:\/\/nuevacordoba.net\/wp-content\/uploads\/2023\/06\/el-hombre-que-lleva-1-000-dias-encerrado-en-confinamiento-solitario-en-una-carcel-de-iran-8.jpg 320w, http:\/\/nuevacordoba.net\/wp-content\/uploads\/2023\/06\/el-hombre-que-lleva-1-000-dias-encerrado-en-confinamiento-solitario-en-una-carcel-de-iran-9.jpg 480w, http:\/\/nuevacordoba.net\/wp-content\/uploads\/2023\/06\/el-hombre-que-lleva-1-000-dias-encerrado-en-confinamiento-solitario-en-una-carcel-de-iran-10.jpg 624w, http:\/\/nuevacordoba.net\/wp-content\/uploads\/2023\/06\/el-hombre-que-lleva-1-000-dias-encerrado-en-confinamiento-solitario-en-una-carcel-de-iran-11.jpg 800w\" src=\"http:\/\/nuevacordoba.net\/wp-content\/uploads\/2023\/06\/el-hombre-que-lleva-1-000-dias-encerrado-en-confinamiento-solitario-en-una-carcel-de-iran.jpg\" alt=\"Vahid Afkari (centro) con sus hermanos Navid (izquierda) y Habib (derecha).\" width=\"976\" height=\"549\" class=\"e3vrtyk0 bbc-rb7xa0 e1mo64ex0\"><\/p>\n<p role=\"text\" class=\"bbc-1s1cxbv ewbcsnk0\"><span class=\"bbc-m04vo2\">Fuente de la imagen, <\/span><span lang=\"en-GB\">Familia Afkari<\/span><\/p>\n<\/div>\n<\/div>\n<div dir=\"ltr\" class=\"bbc-3edg7g ebmt73l0\" readability=\"6\"><figcaption dir=\"ltr\" class=\"bbc-rhuvwm e6i104o0\" readability=\"2\"><span class=\"bbc-m04vo2\">Pie de foto, <\/span><\/p>\n<p>Vahid Afkari (centro) con sus hermanos Navid (izquierda) y Habib (derecha).<\/p>\n<\/figcaption><\/div>\n<\/div>\n<\/figure>\n<\/div>\n<div dir=\"ltr\" class=\"bbc-19j92fr ebmt73l0\" readability=\"9\">\n<p dir=\"ltr\" class=\"bbc-hhl7in e17g058b0\"><b>Vahid Afkari, de 37 a\u00f1os, lleva 1.000 d\u00edas encerrado en r\u00e9gimen de aislamiento en Ir\u00e1n.<\/b><\/p>\n<\/div>\n<div dir=\"ltr\" class=\"bbc-19j92fr ebmt73l0\" readability=\"9\">\n<p dir=\"ltr\" class=\"bbc-hhl7in e17g058b0\">Pese a la dura represi\u00f3n contra la disidencia que caracteriza a las autoridades de este pa\u00eds, no es usual que mantengan a un preso confinado en solitario durante tanto tiempo.<\/p>\n<\/div>\n<div dir=\"ltr\" class=\"bbc-19j92fr ebmt73l0\" readability=\"10\">\n<p dir=\"ltr\" class=\"bbc-hhl7in e17g058b0\">\u00abCada vez que sus parientes visitan a Vahid en prisi\u00f3n intentan apoyarlo, pero es \u00e9l quien les levanta el \u00e1nimo\u00bb, me comenta una fuente cercana a la familia.<\/p>\n<\/div>\n<div dir=\"ltr\" class=\"bbc-19j92fr ebmt73l0\" readability=\"7\">\n<p dir=\"ltr\" class=\"bbc-hhl7in e17g058b0\">En cada comida en la mesa de los Afkari <b>no solo falta Vahid<\/b>. Tampoco est\u00e1n dos de sus hermanos.<\/p>\n<\/div>\n<div dir=\"ltr\" class=\"bbc-19j92fr ebmt73l0\" readability=\"9\">\n<p dir=\"ltr\" class=\"bbc-hhl7in e17g058b0\">Durante a\u00f1os he seguido la historia de esta familia, que muestra c\u00f3mo el r\u00e9gimen iran\u00ed no se detiene ante nada a la hora de silenciar a la disidencia.<\/p>\n<\/div>\n<p><h2 id=\"Ni-una-sola-prueba\" tabindex=\"-1\" class=\"bbc-1f03ibc eglt09e0\">\u00abNi una sola prueba\u00bb<\/h2>\n<\/p>\n<div dir=\"ltr\" class=\"bbc-19j92fr ebmt73l0\" readability=\"10\">\n<p dir=\"ltr\" class=\"bbc-hhl7in e17g058b0\">Los problemas de la familia Afkari comenzaron hace unos a\u00f1os en su ciudad natal de Shiraz, en el sur de Ir\u00e1n. All\u00ed la gente sali\u00f3 a protestar por el aumento de precios y la reducci\u00f3n de salarios.<\/p>\n<\/div>\n<div dir=\"ltr\" class=\"bbc-19j92fr ebmt73l0\" readability=\"14\">\n<p dir=\"ltr\" class=\"bbc-hhl7in e17g058b0\">Tres de los hermanos, Vahid, Habib y Navid, participaron en las marchas. <b>Navid, el m\u00e1s joven, era un campe\u00f3n de lucha libre muy conocido<\/b>. Esto hizo que recibiera la pena m\u00e1s dura de las autoridades.<\/p>\n<\/div>\n<div dir=\"ltr\" class=\"bbc-1ka88fa ebmt73l0\">\n<figure class=\"bbc-1qdcvv9 e1aczekt0\">\n<div dir=\"ltr\" class=\"bbc-172p16q ebmt73l0\">\n<div dir=\"ltr\" class=\"bbc-189y18v ebmt73l0\">\n<div data-e2e=\"image-placeholder\" class=\"bbc-997y1y eihqrxw0\"><noscript><img loading=\"lazy\" sizes=\"(min-width: 1008px) 645px, 100vw\" srcset=\"http:\/\/nuevacordoba.net\/wp-content\/uploads\/2023\/06\/el-hombre-que-lleva-1-000-dias-encerrado-en-confinamiento-solitario-en-una-carcel-de-iran-12.jpg 240w, http:\/\/nuevacordoba.net\/wp-content\/uploads\/2023\/06\/el-hombre-que-lleva-1-000-dias-encerrado-en-confinamiento-solitario-en-una-carcel-de-iran-13.jpg 320w, http:\/\/nuevacordoba.net\/wp-content\/uploads\/2023\/06\/el-hombre-que-lleva-1-000-dias-encerrado-en-confinamiento-solitario-en-una-carcel-de-iran-14.jpg 480w, http:\/\/nuevacordoba.net\/wp-content\/uploads\/2023\/06\/el-hombre-que-lleva-1-000-dias-encerrado-en-confinamiento-solitario-en-una-carcel-de-iran-15.jpg 624w, http:\/\/nuevacordoba.net\/wp-content\/uploads\/2023\/06\/el-hombre-que-lleva-1-000-dias-encerrado-en-confinamiento-solitario-en-una-carcel-de-iran-16.jpg 800w\" src=\"http:\/\/nuevacordoba.net\/wp-content\/uploads\/2023\/06\/el-hombre-que-lleva-1-000-dias-encerrado-en-confinamiento-solitario-en-una-carcel-de-iran-1.jpg\" alt=\"Navid, el m\u00e1s joven de los hermanos, en primer plano a la izquierda rodeado de hermanos y familiares.\" width=\"976\" height=\"549\" class=\"e3vrtyk0 bbc-rb7xa0 e1mo64ex0\"><\/noscript><\/div>\n<\/div>\n<div dir=\"ltr\" class=\"bbc-3edg7g ebmt73l0\" readability=\"7.5\"><figcaption dir=\"ltr\" class=\"bbc-rhuvwm e6i104o0\" readability=\"5\"><span class=\"bbc-m04vo2\">Pie de foto, <\/span><\/p>\n<p>Navid, el m\u00e1s joven de los hermanos, en primer plano a la izquierda rodeado de hermanos y familiares.<\/p>\n<\/figcaption><\/div>\n<\/div>\n<\/figure>\n<\/div>\n<div dir=\"ltr\" class=\"bbc-19j92fr ebmt73l0\" readability=\"8\">\n<p dir=\"ltr\" class=\"bbc-hhl7in e17g058b0\">En 2018 arrestaron a los tres hermanos. Dos a\u00f1os despu\u00e9s<b> los condenaron por asesinar a un <\/b><b>guardia<\/b><b> de seguridad<\/b>. Los tres negaron cualquier implicaci\u00f3n en el crimen.<\/p>\n<\/div>\n<div dir=\"ltr\" class=\"bbc-19j92fr ebmt73l0\" readability=\"8\">\n<p dir=\"ltr\" class=\"bbc-hhl7in e17g058b0\">Verifiqu\u00e9 decenas de documentos que muestran c\u00f3mo los hermanos Afkari denunciaron ante las autoridades judiciales haber sido torturados para confesar mientras estaban bajo custodia.<\/p>\n<\/div>\n<div dir=\"ltr\" class=\"bbc-19j92fr ebmt73l0\" readability=\"11\">\n<p dir=\"ltr\" class=\"bbc-hhl7in e17g058b0\">En agosto de 2020 se comparti\u00f3 en las redes sociales un mensaje de audio de Navid: \u00abNo hay ni una sola prueba en este maldito caso que demuestre que soy culpable\u00bb, protestaba. \u00abMe he dado cuenta de que <b>est\u00e1n buscando un cuello para su soga<\/b>\u00ab. M\u00e1s tarde, esta frase se volvi\u00f3 viral.<\/p>\n<\/div>\n<div dir=\"ltr\" class=\"bbc-19j92fr ebmt73l0\" readability=\"10\">\n<p dir=\"ltr\" class=\"bbc-hhl7in e17g058b0\">El mismo mes, una nota de voz de Vahid sali\u00f3 clandestinamente de la prisi\u00f3n de Adel Abad en Shiraz, donde estaban encerrados los tres.<\/p>\n<\/div>\n<div dir=\"ltr\" class=\"bbc-19j92fr ebmt73l0\" readability=\"11\">\n<p dir=\"ltr\" class=\"bbc-hhl7in e17g058b0\">\u00abHice dos huelgas de hambre de 20 d\u00edas cada una con la esperanza de que se escuchara mi voz, pero no fue as\u00ed\u00bb, afirm\u00f3 Vahid. \u00abEn cierto momento<b> trat\u00e9 de quitarme la vida <\/b>por la tortura mental y psicol\u00f3gica que sufr\u00eda\u00bb.<\/p>\n<\/div>\n<div class=\"bbc-sffzb7 e1hrqbfn0\">\n<div dir=\"ltr\" class=\"bbc-1ka88fa ebmt73l0\">\n<figure class=\"bbc-1qdcvv9 e1aczekt0\">\n<div dir=\"ltr\" class=\"bbc-172p16q ebmt73l0\">\n<div dir=\"ltr\" class=\"bbc-189y18v ebmt73l0\" readability=\"6.5\">\n<div data-e2e=\"image-placeholder\" class=\"bbc-997y1y eihqrxw0\" readability=\"8\"><noscript><img loading=\"lazy\" sizes=\"(min-width: 1008px) 645px, 100vw\" srcset=\"http:\/\/nuevacordoba.net\/wp-content\/uploads\/2023\/06\/el-hombre-que-lleva-1-000-dias-encerrado-en-confinamiento-solitario-en-una-carcel-de-iran-17.jpg 240w, http:\/\/nuevacordoba.net\/wp-content\/uploads\/2023\/06\/el-hombre-que-lleva-1-000-dias-encerrado-en-confinamiento-solitario-en-una-carcel-de-iran-18.jpg 320w, http:\/\/nuevacordoba.net\/wp-content\/uploads\/2023\/06\/el-hombre-que-lleva-1-000-dias-encerrado-en-confinamiento-solitario-en-una-carcel-de-iran-19.jpg 480w, http:\/\/nuevacordoba.net\/wp-content\/uploads\/2023\/06\/el-hombre-que-lleva-1-000-dias-encerrado-en-confinamiento-solitario-en-una-carcel-de-iran-20.jpg 624w, http:\/\/nuevacordoba.net\/wp-content\/uploads\/2023\/06\/el-hombre-que-lleva-1-000-dias-encerrado-en-confinamiento-solitario-en-una-carcel-de-iran-21.jpg 800w\" src=\"http:\/\/nuevacordoba.net\/wp-content\/uploads\/2023\/06\/el-hombre-que-lleva-1-000-dias-encerrado-en-confinamiento-solitario-en-una-carcel-de-iran-2.jpg\" alt=\"Vahid Afkari\" width=\"976\" height=\"549\" class=\"e3vrtyk0 bbc-rb7xa0 e1mo64ex0\"><\/noscript><\/p>\n<p role=\"text\" class=\"bbc-1s1cxbv ewbcsnk0\"><span class=\"bbc-m04vo2\">Fuente de la imagen, <\/span><span lang=\"en-GB\">Familia Afkari<\/span><\/p>\n<\/div>\n<\/div>\n<div dir=\"ltr\" class=\"bbc-3edg7g ebmt73l0\" readability=\"6\"><figcaption dir=\"ltr\" class=\"bbc-rhuvwm e6i104o0\" readability=\"2\"><span class=\"bbc-m04vo2\">Pie de foto, <\/span><\/p>\n<p>Vahid tiene fama de lector y pensador en la familia.<\/p>\n<\/figcaption><\/div>\n<\/div>\n<\/figure>\n<\/div>\n<\/div>\n<div dir=\"ltr\" class=\"bbc-19j92fr ebmt73l0\" readability=\"10\">\n<p dir=\"ltr\" class=\"bbc-hhl7in e17g058b0\"><b>Navid fue condenado a muerte<\/b>, mientras que Vahid y Habib recibieron inicialmente penas de 54 y 25 a\u00f1os de c\u00e1rcel, respectivamente.<\/p>\n<\/div>\n<p><h2 id=\"Una-familia-humilde\" tabindex=\"-1\" class=\"bbc-1f03ibc eglt09e0\">Una familia humilde<\/h2>\n<\/p>\n<div dir=\"ltr\" class=\"bbc-19j92fr ebmt73l0\" readability=\"11\">\n<p dir=\"ltr\" class=\"bbc-hhl7in e17g058b0\">La fuente me explica que los tres hermanos de seis en total -cinco varones y una mujer- fueron criados con amor pese a que el dinero escaseaba en la casa. \u00abDisfrutaban mucho de estar juntos, las cosas m\u00e1s simples eran las m\u00e1s emocionantes\u00bb, asegura la fuente.<\/p>\n<\/div>\n<div dir=\"ltr\" class=\"bbc-19j92fr ebmt73l0\" readability=\"10\">\n<p dir=\"ltr\" class=\"bbc-hhl7in e17g058b0\"><b>Vahid y Habib eran los mejores estudiantes y llegaron a la universidad<\/b>. Vahid trataba de no ser una carga para su madre. \u00abElla siempre se preocupaba por si \u00e9l ten\u00eda suficiente para comer\u00bb, indica la fuente. Vahid se gan\u00f3 la vida como yesero despu\u00e9s de la universidad por la escasez de trabajo.<\/p>\n<\/div>\n<div dir=\"ltr\" class=\"bbc-19j92fr ebmt73l0\" readability=\"10\">\n<p dir=\"ltr\" class=\"bbc-hhl7in e17g058b0\">Mientras, Habib y Navid, los dos m\u00e1s j\u00f3venes, eran muy cercanos y sol\u00edan hacer travesuras.<\/p>\n<\/div>\n<div dir=\"ltr\" class=\"bbc-19j92fr ebmt73l0\" readability=\"10\">\n<p dir=\"ltr\" class=\"bbc-hhl7in e17g058b0\">Cuando Navid comenz\u00f3 a ganar fama como luchador, nunca se jact\u00f3 de su \u00e9xito. \u00abA veces su madre encontraba nuevos trofeos escondidos en su armario\u00bb, recuerda la fuente.<\/p>\n<\/div>\n<p><h2 id=\"Un-agujero-negro-como-en-las-pel\u00edculas\" tabindex=\"-1\" class=\"bbc-1f03ibc eglt09e0\">\u00abUn agujero negro como en las pel\u00edculas\u00bb<\/h2>\n<\/p>\n<div dir=\"ltr\" class=\"bbc-19j92fr ebmt73l0\" readability=\"11\">\n<p dir=\"ltr\" class=\"bbc-hhl7in e17g058b0\">En septiembre de 2020, los tres hermanos fueron <b>brutalmente golpeados en prisi\u00f3n y recluidos en celdas subterr\u00e1neas<\/b> junto a la sala de ejecuciones. Las celdas no estaban iluminadas y carec\u00edan de ventanas, camas o mantas; tan solo un inodoro y un lavabo en la esquina.<\/p>\n<\/div>\n<div dir=\"ltr\" class=\"bbc-19j92fr ebmt73l0\" readability=\"8\">\n<p dir=\"ltr\" class=\"bbc-hhl7in e17g058b0\">Los presos ingresan desnudos a las celdas y se les da un uniforme usado y generalmente manchado de sangre procedente de golpes o autolesiones. <\/p>\n<\/div>\n<div dir=\"ltr\" class=\"bbc-19j92fr ebmt73l0\" readability=\"10\">\n<p dir=\"ltr\" class=\"bbc-hhl7in e17g058b0\">\u00abVisualiza un agujero negro, como el que se ve en las pel\u00edculas\u00bb, me explic\u00f3 un antiguo reo. Los hermanos tambi\u00e9n ten\u00edan los ojos vendados.<\/p>\n<\/div>\n<div dir=\"ltr\" class=\"bbc-19j92fr ebmt73l0\" readability=\"10\">\n<p dir=\"ltr\" class=\"bbc-hhl7in e17g058b0\">\u00abEst\u00e1s esposado y con grilletes en los tobillos. Con el fr\u00edo las esposas de metal se vuelven muy afiladas. El dolor es tan fuerte que te ves obligado a acostarte sobre tu pecho\u00bb, agrega el exprisionero. <\/p>\n<\/div>\n<div dir=\"ltr\" class=\"bbc-1ka88fa ebmt73l0\">\n<figure class=\"bbc-1qdcvv9 e1aczekt0\">\n<div dir=\"ltr\" class=\"bbc-172p16q ebmt73l0\">\n<div dir=\"ltr\" class=\"bbc-189y18v ebmt73l0\" readability=\"6.5\">\n<div data-e2e=\"image-placeholder\" class=\"bbc-997y1y eihqrxw0\" readability=\"8\"><noscript><img loading=\"lazy\" sizes=\"(min-width: 1008px) 645px, 100vw\" srcset=\"http:\/\/nuevacordoba.net\/wp-content\/uploads\/2023\/06\/el-hombre-que-lleva-1-000-dias-encerrado-en-confinamiento-solitario-en-una-carcel-de-iran-22.jpg 240w, http:\/\/nuevacordoba.net\/wp-content\/uploads\/2023\/06\/el-hombre-que-lleva-1-000-dias-encerrado-en-confinamiento-solitario-en-una-carcel-de-iran-23.jpg 320w, http:\/\/nuevacordoba.net\/wp-content\/uploads\/2023\/06\/el-hombre-que-lleva-1-000-dias-encerrado-en-confinamiento-solitario-en-una-carcel-de-iran-24.jpg 480w, http:\/\/nuevacordoba.net\/wp-content\/uploads\/2023\/06\/el-hombre-que-lleva-1-000-dias-encerrado-en-confinamiento-solitario-en-una-carcel-de-iran-25.jpg 624w, http:\/\/nuevacordoba.net\/wp-content\/uploads\/2023\/06\/el-hombre-que-lleva-1-000-dias-encerrado-en-confinamiento-solitario-en-una-carcel-de-iran-26.jpg 800w\" src=\"http:\/\/nuevacordoba.net\/wp-content\/uploads\/2023\/06\/el-hombre-que-lleva-1-000-dias-encerrado-en-confinamiento-solitario-en-una-carcel-de-iran-3.jpg\" alt=\"Navid Afkari\" width=\"976\" height=\"549\" class=\"e3vrtyk0 bbc-rb7xa0 e1mo64ex0\"><\/noscript><\/p>\n<p role=\"text\" class=\"bbc-1s1cxbv ewbcsnk0\"><span class=\"bbc-m04vo2\">Fuente de la imagen, <\/span><span lang=\"en-GB\">Twitter<\/span><\/p>\n<\/div>\n<\/div>\n<div dir=\"ltr\" class=\"bbc-3edg7g ebmt73l0\" readability=\"6.5\"><figcaption dir=\"ltr\" class=\"bbc-rhuvwm e6i104o0\" readability=\"3\"><span class=\"bbc-m04vo2\">Pie de foto, <\/span><\/p>\n<p>Navid Afkari fue campe\u00f3n de lucha libre, y su \u00e9xito lo puso en el punto de mira.<\/p>\n<\/figcaption><\/div>\n<\/div>\n<\/figure>\n<\/div>\n<div dir=\"ltr\" class=\"bbc-19j92fr ebmt73l0\" readability=\"10\">\n<p dir=\"ltr\" class=\"bbc-hhl7in e17g058b0\">En la madrugada del 22 de septiembre de 2020, Vahid y Habib escucharon c\u00f3mo se accionaba el mecanismo de suspensi\u00f3n. Minutos despu\u00e9s, un guardia entr\u00f3 en sus celdas y dijo: \u00abCondolencias\u00bb. <\/p>\n<\/div>\n<div dir=\"ltr\" class=\"bbc-19j92fr ebmt73l0\" readability=\"10\">\n<p dir=\"ltr\" class=\"bbc-hhl7in e17g058b0\">Su hermano peque\u00f1o, <b>Navid, fue ahorcado a los 27 a\u00f1os<\/b>. La campa\u00f1a para detener su ejecuci\u00f3n dentro y fuera de Ir\u00e1n hab\u00eda fracasado.<\/p>\n<\/div>\n<p><h2 id=\"No-soy-culpable-\" tabindex=\"-1\" class=\"bbc-1f03ibc eglt09e0\">\u00abNo soy culpable\u00bb <\/h2>\n<\/p>\n<div dir=\"ltr\" class=\"bbc-19j92fr ebmt73l0\" readability=\"12\">\n<p dir=\"ltr\" class=\"bbc-hhl7in e17g058b0\">Tras la ejecuci\u00f3n de Navid, las autoridades continuaron presionando a sus dos hermanos. <b>No se les permiti\u00f3 recibir visitas, ni siquiera una llamada telef\u00f3nica<\/b>, durante semanas. Su familia no sab\u00eda si segu\u00edan vivos.<\/p>\n<\/div>\n<div dir=\"ltr\" class=\"bbc-19j92fr ebmt73l0\" readability=\"11\">\n<p dir=\"ltr\" class=\"bbc-hhl7in e17g058b0\">Cuando finalmente se permiti\u00f3 la visita de sus parientes, estos se dieron cuenta de que Vahid estaba recibiendo una presi\u00f3n a\u00fan mayor para incriminarse a s\u00ed mismo y a su hermano sobreviviente, Habib.<\/p>\n<\/div>\n<div dir=\"ltr\" class=\"bbc-1ka88fa ebmt73l0\">\n<figure class=\"bbc-1qdcvv9 e1aczekt0\">\n<div dir=\"ltr\" class=\"bbc-172p16q ebmt73l0\">\n<div dir=\"ltr\" class=\"bbc-189y18v ebmt73l0\" readability=\"6.5\">\n<div data-e2e=\"image-placeholder\" class=\"bbc-997y1y eihqrxw0\" readability=\"8\"><noscript><img loading=\"lazy\" sizes=\"(min-width: 1008px) 645px, 100vw\" srcset=\"http:\/\/nuevacordoba.net\/wp-content\/uploads\/2023\/06\/el-hombre-que-lleva-1-000-dias-encerrado-en-confinamiento-solitario-en-una-carcel-de-iran-27.jpg 240w, http:\/\/nuevacordoba.net\/wp-content\/uploads\/2023\/06\/el-hombre-que-lleva-1-000-dias-encerrado-en-confinamiento-solitario-en-una-carcel-de-iran-28.jpg 320w, http:\/\/nuevacordoba.net\/wp-content\/uploads\/2023\/06\/el-hombre-que-lleva-1-000-dias-encerrado-en-confinamiento-solitario-en-una-carcel-de-iran-29.jpg 480w, http:\/\/nuevacordoba.net\/wp-content\/uploads\/2023\/06\/el-hombre-que-lleva-1-000-dias-encerrado-en-confinamiento-solitario-en-una-carcel-de-iran-30.jpg 624w, http:\/\/nuevacordoba.net\/wp-content\/uploads\/2023\/06\/el-hombre-que-lleva-1-000-dias-encerrado-en-confinamiento-solitario-en-una-carcel-de-iran-31.jpg 800w\" src=\"http:\/\/nuevacordoba.net\/wp-content\/uploads\/2023\/06\/el-hombre-que-lleva-1-000-dias-encerrado-en-confinamiento-solitario-en-una-carcel-de-iran-4.jpg\" alt=\"Vahid y Habib Afkari\" width=\"976\" height=\"549\" class=\"e3vrtyk0 bbc-rb7xa0 e1mo64ex0\"><\/noscript><\/p>\n<p role=\"text\" class=\"bbc-1s1cxbv ewbcsnk0\"><span class=\"bbc-m04vo2\">Fuente de la imagen, <\/span><span lang=\"en-GB\">Familia Afkari<\/span><\/p>\n<\/div>\n<\/div>\n<div dir=\"ltr\" class=\"bbc-3edg7g ebmt73l0\" readability=\"6.5\"><figcaption dir=\"ltr\" class=\"bbc-rhuvwm e6i104o0\" readability=\"3\"><span class=\"bbc-m04vo2\">Pie de foto, <\/span><\/p>\n<p>Las autoridades iran\u00edes amenazaron a Vahid (izquierda) con ejecutar a su hermano Habib (derecha) para que confesara.<\/p>\n<\/figcaption><\/div>\n<\/div>\n<\/figure>\n<\/div>\n<div dir=\"ltr\" class=\"bbc-19j92fr ebmt73l0\" readability=\"10\">\n<p dir=\"ltr\" class=\"bbc-hhl7in e17g058b0\">Las autoridades le prometieron a Vahid que lo liberar\u00edan si confesaba el asesinato; de lo contrario, ejecutar\u00edan a Habib frente a \u00e9l. Vahid respondi\u00f3 que adoraba a Habib, pero que eran inocentes.<\/p>\n<\/div>\n<div dir=\"ltr\" class=\"bbc-19j92fr ebmt73l0\" readability=\"9\">\n<p dir=\"ltr\" class=\"bbc-hhl7in e17g058b0\">Los funcionarios dijeron a Vahid que no ten\u00eda miedo a la muerte. \u00c9l respondi\u00f3: \u00ab<b>S<\/b><b>\u00ed tengo miedo, pero no soy culpable<\/b>\u00ab.<\/p>\n<\/div>\n<div dir=\"ltr\" class=\"bbc-19j92fr ebmt73l0\" readability=\"8\">\n<p dir=\"ltr\" class=\"bbc-hhl7in e17g058b0\">Habib finalmente fue liberado en marzo de 2022, gracias a la presi\u00f3n internacional.<\/p>\n<\/div>\n<div dir=\"ltr\" class=\"bbc-1ka88fa ebmt73l0\">\n<figure class=\"bbc-1qdcvv9 e1aczekt0\">\n<div dir=\"ltr\" class=\"bbc-172p16q ebmt73l0\">\n<div dir=\"ltr\" class=\"bbc-189y18v ebmt73l0\" readability=\"6.5\">\n<div data-e2e=\"image-placeholder\" class=\"bbc-997y1y eihqrxw0\" readability=\"8\"><noscript><img loading=\"lazy\" sizes=\"(min-width: 1008px) 645px, 100vw\" srcset=\"http:\/\/nuevacordoba.net\/wp-content\/uploads\/2023\/06\/el-hombre-que-lleva-1-000-dias-encerrado-en-confinamiento-solitario-en-una-carcel-de-iran-32.jpg 240w, http:\/\/nuevacordoba.net\/wp-content\/uploads\/2023\/06\/el-hombre-que-lleva-1-000-dias-encerrado-en-confinamiento-solitario-en-una-carcel-de-iran-33.jpg 320w, http:\/\/nuevacordoba.net\/wp-content\/uploads\/2023\/06\/el-hombre-que-lleva-1-000-dias-encerrado-en-confinamiento-solitario-en-una-carcel-de-iran-34.jpg 480w, http:\/\/nuevacordoba.net\/wp-content\/uploads\/2023\/06\/el-hombre-que-lleva-1-000-dias-encerrado-en-confinamiento-solitario-en-una-carcel-de-iran-35.jpg 624w, http:\/\/nuevacordoba.net\/wp-content\/uploads\/2023\/06\/el-hombre-que-lleva-1-000-dias-encerrado-en-confinamiento-solitario-en-una-carcel-de-iran-36.jpg 800w\" src=\"http:\/\/nuevacordoba.net\/wp-content\/uploads\/2023\/06\/el-hombre-que-lleva-1-000-dias-encerrado-en-confinamiento-solitario-en-una-carcel-de-iran-5.jpg\" alt=\"La tumba de Navid\" width=\"976\" height=\"549\" class=\"e3vrtyk0 bbc-rb7xa0 e1mo64ex0\"><\/noscript><\/p>\n<p role=\"text\" class=\"bbc-1s1cxbv ewbcsnk0\"><span class=\"bbc-m04vo2\">Fuente de la imagen, <\/span><span lang=\"en-GB\">Familia Afkari<\/span><\/p>\n<\/div>\n<\/div>\n<div dir=\"ltr\" class=\"bbc-3edg7g ebmt73l0\" readability=\"6.5\"><figcaption dir=\"ltr\" class=\"bbc-rhuvwm e6i104o0\" readability=\"3\"><span class=\"bbc-m04vo2\">Pie de foto, <\/span><\/p>\n<p>La tumba de Navid rebosaba de flores en el aniversario de un mes de su ejecuci\u00f3n el 22 de octubre de 2020.<\/p>\n<\/figcaption><\/div>\n<\/div>\n<\/figure>\n<\/div>\n<div dir=\"ltr\" class=\"bbc-19j92fr ebmt73l0\" readability=\"9\">\n<p dir=\"ltr\" class=\"bbc-hhl7in e17g058b0\">Vahid todav\u00eda est\u00e1 en confinamiento solitario. Seg\u00fan algunos informes, <b>conserva el buen humor y hace ejercicio en su celda todos los d\u00edas<\/b>. Hay una campa\u00f1a internacional por su liberaci\u00f3n.<\/p>\n<\/div>\n<div dir=\"ltr\" class=\"bbc-19j92fr ebmt73l0\" readability=\"11\">\n<p dir=\"ltr\" class=\"bbc-hhl7in e17g058b0\">\u00abVahid Afkari nunca deber\u00eda haber pasado un solo d\u00eda en prisi\u00f3n y mucho menos a\u00f1os injustamente encarcelado, con 1.000 d\u00edas en r\u00e9gimen de aislamiento. Debe ser puesto en libertad de inmediato\u00bb, dijo Amnist\u00eda Internacional en un comunicado.<\/p>\n<\/div>\n<div dir=\"ltr\" class=\"bbc-19j92fr ebmt73l0\" readability=\"9\">\n<p dir=\"ltr\" class=\"bbc-hhl7in e17g058b0\">La tumba de Navid carece de l\u00e1pida. La \u00faltima vez que la familia intent\u00f3 erigir una, fue destruida por las autoridades.<\/p>\n<\/div>\n<div dir=\"ltr\" class=\"bbc-1ka88fa ebmt73l0\">\n<figure class=\"bbc-1qdcvv9 e1aczekt0\">\n<div dir=\"ltr\" class=\"bbc-172p16q ebmt73l0\">\n<div dir=\"ltr\" class=\"bbc-189y18v ebmt73l0\">\n<div data-e2e=\"image-placeholder\" class=\"bbc-997y1y eihqrxw0\"><noscript><img loading=\"lazy\" sizes=\"(min-width: 1008px) 645px, 100vw\" srcset=\"http:\/\/nuevacordoba.net\/wp-content\/uploads\/2023\/06\/el-hombre-que-lleva-1-000-dias-encerrado-en-confinamiento-solitario-en-una-carcel-de-iran-37.jpg 240w, http:\/\/nuevacordoba.net\/wp-content\/uploads\/2023\/06\/el-hombre-que-lleva-1-000-dias-encerrado-en-confinamiento-solitario-en-una-carcel-de-iran-38.jpg 320w, http:\/\/nuevacordoba.net\/wp-content\/uploads\/2023\/06\/el-hombre-que-lleva-1-000-dias-encerrado-en-confinamiento-solitario-en-una-carcel-de-iran-39.jpg 464w\" src=\"http:\/\/nuevacordoba.net\/wp-content\/uploads\/2023\/06\/el-hombre-que-lleva-1-000-dias-encerrado-en-confinamiento-solitario-en-una-carcel-de-iran-6.jpg\" alt=\"L\u00ednea\" width=\"464\" height=\"2\" class=\"e3vrtyk0 bbc-rb7xa0 e1mo64ex0\"><\/noscript><\/div>\n<\/div>\n<\/div>\n<\/figure>\n<\/div>\n<div dir=\"ltr\" class=\"bbc-19j92fr ebmt73l0\" readability=\"8\">\n<p dir=\"ltr\" class=\"bbc-hhl7in e17g058b0\"><i class=\"bbc-h1y5j7 eih42320\">Recuerda que <\/i><i class=\"bbc-h1y5j7 eih42320\">puedes recibir notificaciones de BBC Mundo. Descarga la nueva versi\u00f3n de nuestra app y act\u00edvalas para no perderte nuestro mejor contenido.<\/i><\/p>\n<\/div>\n","protected":false},"excerpt":{"rendered":"<p>Maryam Afshang BBC Persa 6 horas Fuente de la imagen, Familia Afkari Pie de foto, Vahid Afkari (centro) con sus hermanos Navid (izquierda) y Habib (derecha). Vahid Afkari, de 37 a\u00f1os, lleva 1.000 d\u00edas encerrado en r\u00e9gimen de aislamiento en Ir\u00e1n. Pese a la dura represi\u00f3n contra la disidencia que caracteriza a las autoridades de [&hellip;]<\/p>\n","protected":false},"author":1,"featured_media":32908,"comment_status":"closed","ping_status":"closed","sticky":false,"template":"","format":"standard","meta":[],"categories":[13],"tags":[],"_links":{"self":[{"href":"http:\/\/nuevacordoba.net\/index.php\/wp-json\/wp\/v2\/posts\/32907"}],"collection":[{"href":"http:\/\/nuevacordoba.net\/index.php\/wp-json\/wp\/v2\/posts"}],"about":[{"href":"http:\/\/nuevacordoba.net\/index.php\/wp-json\/wp\/v2\/types\/post"}],"author":[{"embeddable":true,"href":"http:\/\/nuevacordoba.net\/index.php\/wp-json\/wp\/v2\/users\/1"}],"replies":[{"embeddable":true,"href":"http:\/\/nuevacordoba.net\/index.php\/wp-json\/wp\/v2\/comments?post=32907"}],"version-history":[{"count":0,"href":"http:\/\/nuevacordoba.net\/index.php\/wp-json\/wp\/v2\/posts\/32907\/revisions"}],"wp:featuredmedia":[{"embeddable":true,"href":"http:\/\/nuevacordoba.net\/index.php\/wp-json\/wp\/v2\/media\/32908"}],"wp:attachment":[{"href":"http:\/\/nuevacordoba.net\/index.php\/wp-json\/wp\/v2\/media?parent=32907"}],"wp:term":[{"taxonomy":"category","embeddable":true,"href":"http:\/\/nuevacordoba.net\/index.php\/wp-json\/wp\/v2\/categories?post=32907"},{"taxonomy":"post_tag","embeddable":true,"href":"http:\/\/nuevacordoba.net\/index.php\/wp-json\/wp\/v2\/tags?post=32907"}],"curies":[{"name":"wp","href":"https:\/\/api.w.org\/{rel}","templated":true}]}}