{"id":32971,"date":"2023-06-02T03:03:47","date_gmt":"2023-06-02T03:03:47","guid":{"rendered":"https:\/\/puntoapunto.com.ar\/?p=346127"},"modified":"2023-06-02T03:03:47","modified_gmt":"2023-06-02T03:03:47","slug":"cordoba-mete-amparo-contra-nacion-por-restricciones-al-dolar","status":"publish","type":"post","link":"http:\/\/nuevacordoba.net\/index.php\/2023\/06\/02\/cordoba-mete-amparo-contra-nacion-por-restricciones-al-dolar\/","title":{"rendered":"C\u00f3rdoba mete amparo contra Naci\u00f3n por restricciones al d\u00f3lar"},"content":{"rendered":"<div class=\"g g-37\">\n<div class=\"g-single a-29\"><a class=\"gofollow\" data-track=\"MjksMzcsMSw2MA==\" href=\"https:\/\/www.harmoniechateau.com.ar\/\" target=\"_blank\" rel=\"noopener\"><img class=\"lazyload\" src=\"http:\/\/nuevacordoba.net\/wp-content\/uploads\/2023\/06\/cordoba-mete-amparo-contra-nacion-por-restricciones-al-dolar.jpg\"><noscript><img src=\"http:\/\/nuevacordoba.net\/wp-content\/uploads\/2023\/06\/cordoba-mete-amparo-contra-nacion-por-restricciones-al-dolar.jpg\"><\/noscript><\/a><\/div>\n<\/div>\n<p>&nbsp;\n<\/p>\n<p>El gobierno de Juan Schiaretti comunic\u00f3 que C\u00f3rdoba rechaza la Resoluci\u00f3n del <a href=\"https:\/\/www.bcra.gob.ar\/\">Banco Central de la Rep\u00fablica Argentina (BCRA)<\/a> que niega a las provincias el acceso a la compra de d\u00f3lar en el Mercado \u00danico de Cambio para la amortizaci\u00f3n de deudas en moneda extranjera.\n<\/p>\n<p>Seg\u00fan difundi\u00f3 la Provincia \u00abla medida imprevista, es discriminatoria y anti federal, atentando contra el normal desarrollo y las autonom\u00edas de las provincias; m\u00e1s a\u00fan, cuando aquellos compromisos asumidos en d\u00f3lares han sido autorizados a contraerse por el propio Estado nacional, generando un notable perjuicio a la provincia de C\u00f3rdoba\u00bb.\n<\/p>\n<p>Por tal motivo, el Gobierno de C\u00f3rdoba presentar\u00e1 un amparo en la Justicia Federal para que deje sin efecto la disposici\u00f3n y pueda acceder al d\u00f3lar.\n<\/p>\n<p><strong>Junto a industriales, m\u00e1s reclamos<\/strong>. En tanto, se comunic\u00f3 que la Provincia y ejecutivos del sector privado analizaron las problem\u00e1ticas por las distintas resoluciones en relaci\u00f3n a las importaciones y exportaciones.\n<\/p>\n<p>El ministro de Industria, Comercio y Miner\u00eda, Eduardo Accastello, junto al presidente de la Uni\u00f3n Industrial de C\u00f3rdoba (UIC), Luis Macario; el presidente de la C\u00e1mara de Industriales Metal\u00fargicos y Componentes de C\u00f3rdoba (CIMCC), Gustavo Del Boca; y directivos de la C\u00e1mara de Comercio Exterior; mantuvieron una reuni\u00f3n a fin de analizar la situaci\u00f3n de la industria cordobesa ante las diferentes resoluciones del Banco Central (BCRA) vinculadas a las importaciones y las exportaciones.<\/p>\n<p><img loading=\"lazy\" decoding=\"async\" alt=\"UIC\" width=\"1024\" height=\"684\" data-sizes=\"(max-width: 1024px) 100vw, 1024px\" class=\"aligncenter wp-image-346129 size-large lazyload\" src=\"http:\/\/nuevacordoba.net\/wp-content\/uploads\/2023\/06\/cordoba-mete-amparo-contra-nacion-por-restricciones-al-dolar-1.jpg\" srcset=\"http:\/\/nuevacordoba.net\/wp-content\/uploads\/2023\/06\/cordoba-mete-amparo-contra-nacion-por-restricciones-al-dolar-1.jpg 1024w, http:\/\/nuevacordoba.net\/wp-content\/uploads\/2023\/06\/cordoba-mete-amparo-contra-nacion-por-restricciones-al-dolar-2.jpg 300w, http:\/\/nuevacordoba.net\/wp-content\/uploads\/2023\/06\/cordoba-mete-amparo-contra-nacion-por-restricciones-al-dolar-3.jpg 768w, http:\/\/nuevacordoba.net\/wp-content\/uploads\/2023\/06\/cordoba-mete-amparo-contra-nacion-por-restricciones-al-dolar-4.jpg 1536w, http:\/\/nuevacordoba.net\/wp-content\/uploads\/2023\/06\/cordoba-mete-amparo-contra-nacion-por-restricciones-al-dolar-5.jpg 750w, http:\/\/nuevacordoba.net\/wp-content\/uploads\/2023\/06\/cordoba-mete-amparo-contra-nacion-por-restricciones-al-dolar-6.jpg 1140w, http:\/\/nuevacordoba.net\/wp-content\/uploads\/2023\/06\/cordoba-mete-amparo-contra-nacion-por-restricciones-al-dolar-7.jpg 1600w\"><\/p>\n<p><noscript><img loading=\"lazy\" decoding=\"async\" class=\"aligncenter wp-image-346129 size-large\" src=\"http:\/\/nuevacordoba.net\/wp-content\/uploads\/2023\/06\/cordoba-mete-amparo-contra-nacion-por-restricciones-al-dolar-1.jpg\" alt=\"UIC\" width=\"1024\" height=\"684\" srcset=\"http:\/\/nuevacordoba.net\/wp-content\/uploads\/2023\/06\/cordoba-mete-amparo-contra-nacion-por-restricciones-al-dolar-1.jpg 1024w, http:\/\/nuevacordoba.net\/wp-content\/uploads\/2023\/06\/cordoba-mete-amparo-contra-nacion-por-restricciones-al-dolar-2.jpg 300w, http:\/\/nuevacordoba.net\/wp-content\/uploads\/2023\/06\/cordoba-mete-amparo-contra-nacion-por-restricciones-al-dolar-3.jpg 768w, http:\/\/nuevacordoba.net\/wp-content\/uploads\/2023\/06\/cordoba-mete-amparo-contra-nacion-por-restricciones-al-dolar-4.jpg 1536w, http:\/\/nuevacordoba.net\/wp-content\/uploads\/2023\/06\/cordoba-mete-amparo-contra-nacion-por-restricciones-al-dolar-5.jpg 750w, http:\/\/nuevacordoba.net\/wp-content\/uploads\/2023\/06\/cordoba-mete-amparo-contra-nacion-por-restricciones-al-dolar-6.jpg 1140w, http:\/\/nuevacordoba.net\/wp-content\/uploads\/2023\/06\/cordoba-mete-amparo-contra-nacion-por-restricciones-al-dolar-7.jpg 1600w\" sizes=\"(max-width: 1024px) 100vw, 1024px\"><\/noscript><\/p>\n<p>Del encuentro que tuvo lugar este jueves en el Ministerio de Industria, Comercio y Miner\u00eda, participaron tambi\u00e9n, el secretario de Industria, Fernando Sibilla y representantes de distintas c\u00e1maras industriales de C\u00f3rdoba.\n<\/p>\n<p>En la oportunidad, se trabaj\u00f3 sobre dos puntos relacionados a las nuevas normativas del Banco Central que ponen en dificultad a las pymes industriales de la provincia, como la extensi\u00f3n a un plazo de 365 d\u00edas del pago de las importaciones de bienes de capital (m\u00e1quinas, insumos y repuestos para la producci\u00f3n industrial) y los fletes para la importaci\u00f3n y exportaci\u00f3n (SIRASE).\n<\/p>\n<p>\u201cHemos receptado como Gobierno Provincial las inquietudes de la Uni\u00f3n Industrial y de las distintas c\u00e1maras, para acompa\u00f1arlos en las decisiones que tomen\u201d,&nbsp;dijo Accastello y agreg\u00f3: \u201cSabemos que son temas macroecon\u00f3micos que vienen hace unos ocho meses impactando fuertemente en nuestras pymes industriales\u201d.\n<\/p>\n<p>En tanto, el Presidente de la UIC se refiri\u00f3 a la&nbsp;<strong><em>\u201c<\/em><a href=\"https:\/\/puntoapunto.com.ar\/para-la-uic-estamos-cerca-de-tocar-fondo-y-hay-que-ser-ortodoxos\/\">situaci\u00f3n cr\u00edtica por la que atraviesa en sector productivo<\/a> por la imposibilidad manifiesta para importar en funci\u00f3n del sistema que ha planteado el Gobierno Nacional, de alguna manera de forma arbitraria, dando los permisos para importar a las distintas empresas\u201d.<\/strong>\n<\/p>\n<p><strong>\u201cEn estas condiciones y con las nuevas restricciones al d\u00f3lar que va sumando el Gobierno Nacional d\u00eda a d\u00eda, pr\u00e1cticamente se hace imposible trabajar\u201d, <\/strong>se\u00f1al\u00f3.\n<\/p>\n<div class=\"g g-38\">\n<div class=\"g-dyn a-12 c-1\"><a class=\"gofollow\" data-track=\"MTIsMzgsMSw2MA==\" href=\"https:\/\/api.whatsapp.com\/send\/?phone=3518562462&amp;text&amp;type=phone_number&amp;app_absent=0\"><img class=\"lazyload\" src=\"http:\/\/nuevacordoba.net\/wp-content\/uploads\/2023\/06\/cordoba-mete-amparo-contra-nacion-por-restricciones-al-dolar.png\"><noscript><img src=\"http:\/\/nuevacordoba.net\/wp-content\/uploads\/2023\/06\/cordoba-mete-amparo-contra-nacion-por-restricciones-al-dolar.png\"><\/noscript><\/a><\/div>\n<\/div>\n","protected":false},"excerpt":{"rendered":"<p>&nbsp; El gobierno de Juan Schiaretti comunic\u00f3 que C\u00f3rdoba rechaza la Resoluci\u00f3n del Banco Central de la Rep\u00fablica Argentina (BCRA) que niega a las provincias el acceso a la compra de d\u00f3lar en el Mercado \u00danico de Cambio para la amortizaci\u00f3n de deudas en moneda extranjera. Seg\u00fan difundi\u00f3 la Provincia \u00abla medida imprevista, es discriminatoria [&hellip;]<\/p>\n","protected":false},"author":1,"featured_media":32972,"comment_status":"open","ping_status":"closed","sticky":false,"template":"","format":"standard","meta":[],"categories":[12,14],"tags":[],"_links":{"self":[{"href":"http:\/\/nuevacordoba.net\/index.php\/wp-json\/wp\/v2\/posts\/32971"}],"collection":[{"href":"http:\/\/nuevacordoba.net\/index.php\/wp-json\/wp\/v2\/posts"}],"about":[{"href":"http:\/\/nuevacordoba.net\/index.php\/wp-json\/wp\/v2\/types\/post"}],"author":[{"embeddable":true,"href":"http:\/\/nuevacordoba.net\/index.php\/wp-json\/wp\/v2\/users\/1"}],"replies":[{"embeddable":true,"href":"http:\/\/nuevacordoba.net\/index.php\/wp-json\/wp\/v2\/comments?post=32971"}],"version-history":[{"count":0,"href":"http:\/\/nuevacordoba.net\/index.php\/wp-json\/wp\/v2\/posts\/32971\/revisions"}],"wp:featuredmedia":[{"embeddable":true,"href":"http:\/\/nuevacordoba.net\/index.php\/wp-json\/wp\/v2\/media\/32972"}],"wp:attachment":[{"href":"http:\/\/nuevacordoba.net\/index.php\/wp-json\/wp\/v2\/media?parent=32971"}],"wp:term":[{"taxonomy":"category","embeddable":true,"href":"http:\/\/nuevacordoba.net\/index.php\/wp-json\/wp\/v2\/categories?post=32971"},{"taxonomy":"post_tag","embeddable":true,"href":"http:\/\/nuevacordoba.net\/index.php\/wp-json\/wp\/v2\/tags?post=32971"}],"curies":[{"name":"wp","href":"https:\/\/api.w.org\/{rel}","templated":true}]}}