{"id":3305,"date":"2021-04-16T09:16:19","date_gmt":"2021-04-16T09:16:19","guid":{"rendered":"http:\/\/nuevacordoba.net\/index.php\/2021\/04\/16\/el-presidente-anuncio-que-los-shoppings-estaran-cerrados-por-15-dias-en-el-amba\/"},"modified":"2021-04-16T09:16:19","modified_gmt":"2021-04-16T09:16:19","slug":"el-presidente-anuncio-que-los-shoppings-estaran-cerrados-por-15-dias-en-el-amba","status":"publish","type":"post","link":"http:\/\/nuevacordoba.net\/index.php\/2021\/04\/16\/el-presidente-anuncio-que-los-shoppings-estaran-cerrados-por-15-dias-en-el-amba\/","title":{"rendered":"El Presidente anunci\u00f3 que los shoppings estar\u00e1n cerrados por 15 d\u00edas en el AMBA"},"content":{"rendered":"<div><img src=\"http:\/\/nuevacordoba.net\/wp-content\/uploads\/2021\/04\/el-presidente-anuncio-que-los-shoppings-estaran-cerrados-por-15-dias-en-el-amba.jpg\" class=\"ff-og-image-inserted\"><\/div>\n<section readability=\"35\">\n<p>El presidente Alberto Fern\u00e1ndez anunci\u00f3 este jueves que los shoppings van a estar cerrados por 15 d\u00edas, en paralelo a las otras medidas restrictivas anunciadas ayer para disminuir los contagios de coronavirus, en el marco de la segunda ola en el pa\u00eds.<\/p>\n<p>En di\u00e1logo con Radio 10, el mandatario fue taxativo al afirmar que \u00ablos shoppings van a estar cerrados\u00bb.<\/p>\n<p>Tambi\u00e9n coment\u00f3 que \u00abllama la atenci\u00f3n los que se vio el fin de semana en Unicenter\u00bb y que fue \u00abrealmente preocupante\u00bb.<\/p>\n<p>Se refiri\u00f3 as\u00ed a las largas colas y aglomeraciones en ese centro comercial que se vieron en TV debido a la liquidaci\u00f3n por cierre de la tienda Falabella, que deja su local en Mart\u00ednez.<\/p>\n<p>El Presidente tambi\u00e9n recalc\u00f3 que \u00abdespu\u00e9s dicen que son los adolescentes\u00bb los que no respetan medidas de distanciamiento social pero \u00ablos adolescentes no van a los shoppings\u00bb sino que \u00aben su mayor\u00eda es gente adulta\u00bb.<\/p>\n<p>\u00abEsa plaza de comida que vi repleta, no eran adolescentes\u00bb, a\u00f1adi\u00f3 Fern\u00e1ndez.<\/p>\n<p>Tambi\u00e9n asever\u00f3 que se hace \u00abcargo\u00bb de las medidas anunciadas ayer para contener la segunda ola de coronavirus y ratific\u00f3 que \u00ablas fuerzas federales van a hacer cumplirlas\u00bb.<\/p>\n<p>\u00abLas medidas la tom\u00e9 yo y me hago cargo yo y las fuerzas federales van a hacer cumplir esto\u00bb, dijo Fern\u00e1ndez en la entrevista, donde sostuvo que las nuevas restricciones no las habl\u00f3 con el jefe de Gobierno porte\u00f1o, Horacio Rodr\u00edguez Larreta.<\/p>\n<\/section>\n<h2>Temas Relacionados<\/h2>\n","protected":false},"excerpt":{"rendered":"<p>El presidente Alberto Fern\u00e1ndez anunci\u00f3 este jueves que los shoppings van a estar cerrados por 15 d\u00edas, en paralelo a las otras medidas restrictivas anunciadas ayer para disminuir los contagios de coronavirus, en el marco de la segunda ola en el pa\u00eds. En di\u00e1logo con Radio 10, el mandatario fue taxativo al afirmar que \u00ablos [&hellip;]<\/p>\n","protected":false},"author":1,"featured_media":3306,"comment_status":"closed","ping_status":"closed","sticky":false,"template":"","format":"standard","meta":[],"categories":[12],"tags":[],"_links":{"self":[{"href":"http:\/\/nuevacordoba.net\/index.php\/wp-json\/wp\/v2\/posts\/3305"}],"collection":[{"href":"http:\/\/nuevacordoba.net\/index.php\/wp-json\/wp\/v2\/posts"}],"about":[{"href":"http:\/\/nuevacordoba.net\/index.php\/wp-json\/wp\/v2\/types\/post"}],"author":[{"embeddable":true,"href":"http:\/\/nuevacordoba.net\/index.php\/wp-json\/wp\/v2\/users\/1"}],"replies":[{"embeddable":true,"href":"http:\/\/nuevacordoba.net\/index.php\/wp-json\/wp\/v2\/comments?post=3305"}],"version-history":[{"count":0,"href":"http:\/\/nuevacordoba.net\/index.php\/wp-json\/wp\/v2\/posts\/3305\/revisions"}],"wp:featuredmedia":[{"embeddable":true,"href":"http:\/\/nuevacordoba.net\/index.php\/wp-json\/wp\/v2\/media\/3306"}],"wp:attachment":[{"href":"http:\/\/nuevacordoba.net\/index.php\/wp-json\/wp\/v2\/media?parent=3305"}],"wp:term":[{"taxonomy":"category","embeddable":true,"href":"http:\/\/nuevacordoba.net\/index.php\/wp-json\/wp\/v2\/categories?post=3305"},{"taxonomy":"post_tag","embeddable":true,"href":"http:\/\/nuevacordoba.net\/index.php\/wp-json\/wp\/v2\/tags?post=3305"}],"curies":[{"name":"wp","href":"https:\/\/api.w.org\/{rel}","templated":true}]}}