{"id":33236,"date":"2023-06-11T21:35:25","date_gmt":"2023-06-11T21:35:25","guid":{"rendered":"https:\/\/www.bbc.com\/mundo\/noticias-america-latina-65869230"},"modified":"2023-06-11T21:35:25","modified_gmt":"2023-06-11T21:35:25","slug":"la-selva-no-era-la-amenaza-la-selva-los-salvo-como-pudieron-sobrevivir-los-4-ninos-que-pasaron-40-dias-en-la-amazonia-colombiana","status":"publish","type":"post","link":"http:\/\/nuevacordoba.net\/index.php\/2023\/06\/11\/la-selva-no-era-la-amenaza-la-selva-los-salvo-como-pudieron-sobrevivir-los-4-ninos-que-pasaron-40-dias-en-la-amazonia-colombiana\/","title":{"rendered":"\u201cLa selva no era la amenaza, la selva los salv\u00f3\u201d: \u00bfc\u00f3mo pudieron sobrevivir los 4 ni\u00f1os que pasaron 40 d\u00edas en la Amazon\u00eda colombiana?"},"content":{"rendered":"<div dir=\"ltr\" class=\"e1j2237y6 bbc-q4ibpr ebmt73l0\">\n<div class=\"bbc-1atl7vu euvj3t14\">\n<ul role=\"list\" class=\"bbc-k0l9bd euvj3t12\">\n<li role=\"listitem\" class=\"bbc-1a3w4ok euvj3t11\">Daniel Pardo<\/li>\n<li role=\"listitem\" class=\"bbc-1p92jtu euvj3t10\">Corresponsal de BBC Mundo en Colombia<\/li>\n<\/ul>\n<\/div>\n<\/div>\n<p><time datetime=\"2023-06-10\" class=\"bbc-1dafq0j e1mklfmt0\">10 junio 2023<\/time><\/p>\n<div dir=\"ltr\" class=\"bbc-1ka88fa ebmt73l0\">\n<figure class=\"bbc-1qdcvv9 e1aczekt0\">\n<div dir=\"ltr\" class=\"bbc-172p16q ebmt73l0\">\n<div dir=\"ltr\" class=\"bbc-189y18v ebmt73l0\" readability=\"6.5\">\n<div data-e2e=\"image-placeholder\" class=\"bbc-997y1y eihqrxw0\" readability=\"8\"><img loading=\"lazy\" sizes=\"(min-width: 1008px) 645px, 100vw\" srcset=\"http:\/\/nuevacordoba.net\/wp-content\/uploads\/2023\/06\/la-selva-no-era-la-amenaza-la-selva-los-salvo-como-pudieron-sobrevivir-los-4-ninos-que-pasaron-40-dias-en-la-amazonia-colombiana-9.jpg 240w, http:\/\/nuevacordoba.net\/wp-content\/uploads\/2023\/06\/la-selva-no-era-la-amenaza-la-selva-los-salvo-como-pudieron-sobrevivir-los-4-ninos-que-pasaron-40-dias-en-la-amazonia-colombiana-10.jpg 320w, http:\/\/nuevacordoba.net\/wp-content\/uploads\/2023\/06\/la-selva-no-era-la-amenaza-la-selva-los-salvo-como-pudieron-sobrevivir-los-4-ninos-que-pasaron-40-dias-en-la-amazonia-colombiana-11.jpg 480w, http:\/\/nuevacordoba.net\/wp-content\/uploads\/2023\/06\/la-selva-no-era-la-amenaza-la-selva-los-salvo-como-pudieron-sobrevivir-los-4-ninos-que-pasaron-40-dias-en-la-amazonia-colombiana-12.jpg 624w, http:\/\/nuevacordoba.net\/wp-content\/uploads\/2023\/06\/la-selva-no-era-la-amenaza-la-selva-los-salvo-como-pudieron-sobrevivir-los-4-ninos-que-pasaron-40-dias-en-la-amazonia-colombiana-13.jpg 800w\" src=\"http:\/\/nuevacordoba.net\/wp-content\/uploads\/2023\/06\/la-selva-no-era-la-amenaza-la-selva-los-salvo-como-pudieron-sobrevivir-los-4-ninos-que-pasaron-40-dias-en-la-amazonia-colombiana.jpg\" alt=\"Militares se toman fotos con los menores considerados perdidos en la selva de colombia\" width=\"976\" height=\"549\" class=\"e3vrtyk0 bbc-rb7xa0 e1mo64ex0\"><\/p>\n<p role=\"text\" class=\"bbc-1s1cxbv ewbcsnk0\"><span class=\"bbc-m04vo2\">Fuente de la imagen, <\/span><span lang=\"en-GB\">Reuters<\/span><\/p>\n<\/div>\n<\/div>\n<div dir=\"ltr\" class=\"bbc-3edg7g ebmt73l0\" readability=\"6\"><figcaption dir=\"ltr\" class=\"bbc-rhuvwm e6i104o0\" readability=\"2\"><span class=\"bbc-m04vo2\">Pie de foto, <\/span><\/p>\n<p>Rufino insiste en que no se debe presionar a los menores para que cuenten lo que pas\u00f3.<\/p>\n<\/figcaption><\/div>\n<\/div>\n<\/figure>\n<\/div>\n<div dir=\"ltr\" class=\"bbc-19j92fr ebmt73l0\" readability=\"11\">\n<p dir=\"ltr\" class=\"bbc-hhl7in e17g058b0\"><b>El caso que para muchos puede ser un milagro, para otros es un evento usual, y no por eso sencillo, de la vida en la selva. <\/b><\/p>\n<\/div>\n<div dir=\"ltr\" class=\"bbc-19j92fr ebmt73l0\" readability=\"9\">\n<p dir=\"ltr\" class=\"bbc-hhl7in e17g058b0\">Cuatro ni\u00f1os ind\u00edgenas del sureste de Colombia estuvieron <b>40 d\u00edas a la deriva <\/b>en una de las regiones menos exploradas, m\u00e1s tupidas y agrestes del mundo. <\/p>\n<\/div>\n<div dir=\"ltr\" class=\"bbc-19j92fr ebmt73l0\" readability=\"11\">\n<p dir=\"ltr\" class=\"bbc-hhl7in e17g058b0\">El 1 de mayo, los menores de 14, 9, 4 y un a\u00f1o de edad sobrevivieron al choque de una avioneta en la que viajaban con su madre y otros dos adultos que murieron. <\/p>\n<\/div>\n<div dir=\"ltr\" class=\"bbc-19j92fr ebmt73l0\" readability=\"8\">\n<p dir=\"ltr\" class=\"bbc-hhl7in e17g058b0\">El viernes fueron encontrados por el ej\u00e9rcito tras una impresionante b\u00fasqueda. El s\u00e1bado fueron trasladados a Bogot\u00e1 y reciben tratamiento en el Hospital Militar. <\/p>\n<\/div>\n<div dir=\"ltr\" class=\"bbc-19j92fr ebmt73l0\" readability=\"13\">\n<p dir=\"ltr\" class=\"bbc-hhl7in e17g058b0\">Los medios colombianos hablan de \u00abmilagro\u00bb, \u00abrescate\u00bb, de \u00abhero\u00edsmo\u00bb del ej\u00e9rcito. Pero para<b> Alex Rufino<\/b>, un ind\u00edgena ticuna experto en cuidados de la selva, ese lenguaje <b>manifiesta una ignorancia del mundo ind\u00edgena<\/b>. <\/p>\n<\/div>\n<div dir=\"ltr\" class=\"bbc-19j92fr ebmt73l0\" readability=\"11\">\n<p dir=\"ltr\" class=\"bbc-hhl7in e17g058b0\">M\u00e1s que perdidos, dice, los ni\u00f1os estaban en su entorno, bajo el cuidado de la selva y la sabidur\u00eda de a\u00f1os de poblaciones ind\u00edgenas en contacto con la naturaleza. <\/p>\n<\/div>\n<div dir=\"ltr\" class=\"bbc-1ka88fa ebmt73l0\">\n<figure class=\"bbc-1qdcvv9 e1aczekt0\">\n<div dir=\"ltr\" class=\"bbc-172p16q ebmt73l0\">\n<div dir=\"ltr\" class=\"bbc-189y18v ebmt73l0\" readability=\"6.5\">\n<div data-e2e=\"image-placeholder\" class=\"bbc-997y1y eihqrxw0\" readability=\"8\"><noscript><img loading=\"lazy\" sizes=\"(min-width: 1008px) 645px, 100vw\" srcset=\"http:\/\/nuevacordoba.net\/wp-content\/uploads\/2023\/06\/la-selva-no-era-la-amenaza-la-selva-los-salvo-como-pudieron-sobrevivir-los-4-ninos-que-pasaron-40-dias-en-la-amazonia-colombiana-14.jpg 240w, http:\/\/nuevacordoba.net\/wp-content\/uploads\/2023\/06\/la-selva-no-era-la-amenaza-la-selva-los-salvo-como-pudieron-sobrevivir-los-4-ninos-que-pasaron-40-dias-en-la-amazonia-colombiana-15.jpg 320w, http:\/\/nuevacordoba.net\/wp-content\/uploads\/2023\/06\/la-selva-no-era-la-amenaza-la-selva-los-salvo-como-pudieron-sobrevivir-los-4-ninos-que-pasaron-40-dias-en-la-amazonia-colombiana-16.jpg 480w, http:\/\/nuevacordoba.net\/wp-content\/uploads\/2023\/06\/la-selva-no-era-la-amenaza-la-selva-los-salvo-como-pudieron-sobrevivir-los-4-ninos-que-pasaron-40-dias-en-la-amazonia-colombiana-17.jpg 624w, http:\/\/nuevacordoba.net\/wp-content\/uploads\/2023\/06\/la-selva-no-era-la-amenaza-la-selva-los-salvo-como-pudieron-sobrevivir-los-4-ninos-que-pasaron-40-dias-en-la-amazonia-colombiana-18.jpg 800w\" src=\"http:\/\/nuevacordoba.net\/wp-content\/uploads\/2023\/06\/la-selva-no-era-la-amenaza-la-selva-los-salvo-como-pudieron-sobrevivir-los-4-ninos-que-pasaron-40-dias-en-la-amazonia-colombiana-1.jpg\" alt=\"Alex Rufino\" width=\"976\" height=\"549\" class=\"e3vrtyk0 bbc-rb7xa0 e1mo64ex0\"><\/noscript><\/p>\n<p role=\"text\" class=\"bbc-1s1cxbv ewbcsnk0\"><span class=\"bbc-m04vo2\">Fuente de la imagen, <\/span><span lang=\"en-GB\">Archivo particular<\/span><\/p>\n<\/div>\n<\/div>\n<div dir=\"ltr\" class=\"bbc-3edg7g ebmt73l0\" readability=\"6\"><figcaption dir=\"ltr\" class=\"bbc-rhuvwm e6i104o0\" readability=\"2\"><span class=\"bbc-m04vo2\">Pie de foto, <\/span><\/p>\n<p>Alex Rufino da cursos a ni\u00f1os sobre el cuidado y la vida en la selva.<\/p>\n<\/figcaption><\/div>\n<\/div>\n<\/figure>\n<\/div>\n<div dir=\"ltr\" class=\"bbc-19j92fr ebmt73l0\" readability=\"9\">\n<p dir=\"ltr\" class=\"bbc-hhl7in e17g058b0\">El fot\u00f3grafo y profesor de la Universidad Nacional admite que durante estos 40 d\u00edas los ni\u00f1os fueron vulnerables: el alimento es escaso y la relaci\u00f3n con los animales puede ser tan complementaria como fatal. <\/p>\n<\/div>\n<div dir=\"ltr\" class=\"bbc-19j92fr ebmt73l0\" readability=\"8\">\n<p dir=\"ltr\" class=\"bbc-hhl7in e17g058b0\">Pero tambi\u00e9n estaban en sinton\u00eda con la naturaleza, asegura. \u00abProtegidos por la selva\u00bb <\/p>\n<\/div>\n<div dir=\"ltr\" class=\"bbc-19j92fr ebmt73l0\" readability=\"9\">\n<p dir=\"ltr\" class=\"bbc-hhl7in e17g058b0\">Justo despu\u00e9s de dar una clase para ni\u00f1os sobre la Amazon\u00eda, este s\u00e1bado Rufino habl\u00f3 con BBC Mundo v\u00eda telef\u00f3nica de su lectura del caso. <\/p>\n<\/div>\n<div dir=\"ltr\" class=\"bbc-1ka88fa ebmt73l0\">\n<figure class=\"bbc-1qdcvv9 e1aczekt0\">\n<div dir=\"ltr\" class=\"bbc-172p16q ebmt73l0\">\n<div dir=\"ltr\" class=\"bbc-189y18v ebmt73l0\">\n<div data-e2e=\"image-placeholder\" class=\"bbc-997y1y eihqrxw0\"><noscript><img loading=\"lazy\" sizes=\"(min-width: 1008px) 645px, 100vw\" srcset=\"http:\/\/nuevacordoba.net\/wp-content\/uploads\/2023\/06\/la-selva-no-era-la-amenaza-la-selva-los-salvo-como-pudieron-sobrevivir-los-4-ninos-que-pasaron-40-dias-en-la-amazonia-colombiana-19.jpg 240w, http:\/\/nuevacordoba.net\/wp-content\/uploads\/2023\/06\/la-selva-no-era-la-amenaza-la-selva-los-salvo-como-pudieron-sobrevivir-los-4-ninos-que-pasaron-40-dias-en-la-amazonia-colombiana-20.jpg 320w, http:\/\/nuevacordoba.net\/wp-content\/uploads\/2023\/06\/la-selva-no-era-la-amenaza-la-selva-los-salvo-como-pudieron-sobrevivir-los-4-ninos-que-pasaron-40-dias-en-la-amazonia-colombiana-21.jpg 464w\" src=\"http:\/\/nuevacordoba.net\/wp-content\/uploads\/2023\/06\/la-selva-no-era-la-amenaza-la-selva-los-salvo-como-pudieron-sobrevivir-los-4-ninos-que-pasaron-40-dias-en-la-amazonia-colombiana-2.jpg\" alt=\"L\u00ednea\" width=\"464\" height=\"2\" class=\"e3vrtyk0 bbc-rb7xa0 e1mo64ex0\"><\/noscript><\/div>\n<\/div>\n<\/div>\n<\/figure>\n<\/div>\n<div dir=\"ltr\" class=\"bbc-19j92fr ebmt73l0\" readability=\"7\">\n<p dir=\"ltr\" class=\"bbc-hhl7in e17g058b0\"><b>\u00bfC\u00f3mo lograron sortear la selva? <\/b><\/p>\n<\/div>\n<div dir=\"ltr\" class=\"bbc-19j92fr ebmt73l0\" readability=\"11\">\n<p dir=\"ltr\" class=\"bbc-hhl7in e17g058b0\">Los ni\u00f1os, por intuici\u00f3n, aprenden mucho de sus padres. Cuando van a cazar, a recolectar frutas. Su observaci\u00f3n es fundamental. Van aprendiendo lo que les puede servir y lo que no. <\/p>\n<\/div>\n<div dir=\"ltr\" class=\"bbc-19j92fr ebmt73l0\" readability=\"10\">\n<p dir=\"ltr\" class=\"bbc-hhl7in e17g058b0\">A veces se enferman por probar cosas que no deber\u00edan, pero ah\u00ed es donde est\u00e1n los hermanos mayores, que los ayudan a determinar qu\u00e9 es perjudicial. <\/p>\n<\/div>\n<div dir=\"ltr\" class=\"bbc-19j92fr ebmt73l0\" readability=\"11\">\n<p dir=\"ltr\" class=\"bbc-hhl7in e17g058b0\">Cada \u00e1rbol, cada planta, cada animal indica d\u00f3nde estamos, qu\u00e9 hay disponible y cu\u00e1les son las amenazas. Y los ni\u00f1os saben interpretar eso. <\/p>\n<\/div>\n<div dir=\"ltr\" class=\"bbc-19j92fr ebmt73l0\" readability=\"19\">\n<p dir=\"ltr\" class=\"bbc-hhl7in e17g058b0\">Adem\u00e1s de su aprendizaje, se ayudan de los animales. Por ejemplo, de los micos, que como se alimentan parecido a nosotros, con muchas frutas dulces, sirven de gu\u00eda. Hay una convivencia entre nosotros y ellos, que, como est\u00e1n en los \u00e1rboles, van tirando alimento al piso. El reto es adaptarse a su movimiento, que es r\u00e1pido. <\/p>\n<\/div>\n<div dir=\"ltr\" class=\"bbc-1ka88fa ebmt73l0\">\n<figure class=\"bbc-1qdcvv9 e1aczekt0\">\n<div dir=\"ltr\" class=\"bbc-172p16q ebmt73l0\">\n<div dir=\"ltr\" class=\"bbc-189y18v ebmt73l0\" readability=\"6.5\">\n<div data-e2e=\"image-placeholder\" class=\"bbc-997y1y eihqrxw0\" readability=\"8\"><noscript><img loading=\"lazy\" sizes=\"(min-width: 1008px) 645px, 100vw\" srcset=\"http:\/\/nuevacordoba.net\/wp-content\/uploads\/2023\/06\/la-selva-no-era-la-amenaza-la-selva-los-salvo-como-pudieron-sobrevivir-los-4-ninos-que-pasaron-40-dias-en-la-amazonia-colombiana-22.jpg 240w, http:\/\/nuevacordoba.net\/wp-content\/uploads\/2023\/06\/la-selva-no-era-la-amenaza-la-selva-los-salvo-como-pudieron-sobrevivir-los-4-ninos-que-pasaron-40-dias-en-la-amazonia-colombiana-23.jpg 320w, http:\/\/nuevacordoba.net\/wp-content\/uploads\/2023\/06\/la-selva-no-era-la-amenaza-la-selva-los-salvo-como-pudieron-sobrevivir-los-4-ninos-que-pasaron-40-dias-en-la-amazonia-colombiana-24.jpg 480w, http:\/\/nuevacordoba.net\/wp-content\/uploads\/2023\/06\/la-selva-no-era-la-amenaza-la-selva-los-salvo-como-pudieron-sobrevivir-los-4-ninos-que-pasaron-40-dias-en-la-amazonia-colombiana-25.jpg 624w, http:\/\/nuevacordoba.net\/wp-content\/uploads\/2023\/06\/la-selva-no-era-la-amenaza-la-selva-los-salvo-como-pudieron-sobrevivir-los-4-ninos-que-pasaron-40-dias-en-la-amazonia-colombiana-26.jpg 800w\" src=\"http:\/\/nuevacordoba.net\/wp-content\/uploads\/2023\/06\/la-selva-no-era-la-amenaza-la-selva-los-salvo-como-pudieron-sobrevivir-los-4-ninos-que-pasaron-40-dias-en-la-amazonia-colombiana-3.jpg\" alt=\"Menores encontrados en la selva de colombia son transportados en camilla al hospital\" width=\"976\" height=\"549\" class=\"e3vrtyk0 bbc-rb7xa0 e1mo64ex0\"><\/noscript><\/p>\n<p role=\"text\" class=\"bbc-1s1cxbv ewbcsnk0\"><span class=\"bbc-m04vo2\">Fuente de la imagen, <\/span><span lang=\"en-GB\">Reuters<\/span><\/p>\n<\/div>\n<\/div>\n<div dir=\"ltr\" class=\"bbc-3edg7g ebmt73l0\" readability=\"6.5\"><figcaption dir=\"ltr\" class=\"bbc-rhuvwm e6i104o0\" readability=\"3\"><span class=\"bbc-m04vo2\">Pie de foto, <\/span><\/p>\n<p>Los menores presentaban signos de desnutrici\u00f3n. Fueron trasladados a un hospital para recibir tratamiento m\u00e9dico.<\/p>\n<\/figcaption><\/div>\n<\/div>\n<\/figure>\n<\/div>\n<div dir=\"ltr\" class=\"bbc-19j92fr ebmt73l0\" readability=\"13\">\n<p dir=\"ltr\" class=\"bbc-hhl7in e17g058b0\">No se trata de imitarlos, sino seguir y observar su paso para encontrar la comida. El quiebre de una rama, por ejemplo, es un indicio del camino a seguir. Su sonido y su paso da alertas de los animales (del jaguar, de la boa). <\/p>\n<\/div>\n<div dir=\"ltr\" class=\"bbc-19j92fr ebmt73l0\" readability=\"7\">\n<p dir=\"ltr\" class=\"bbc-hhl7in e17g058b0\">En esa relaci\u00f3n con el mico podemos camuflarnos y protegernos. <\/p>\n<\/div>\n<div dir=\"ltr\" class=\"bbc-19j92fr ebmt73l0\" readability=\"8\">\n<p dir=\"ltr\" class=\"bbc-hhl7in e17g058b0\"><b>El ej\u00e9rcito ha dicho que parte de la dificultad para encontrarlos fue que los ni\u00f1os estaban en movimiento. \u00bfPor qu\u00e9 lo hac\u00edan? <\/b><\/p>\n<\/div>\n<div dir=\"ltr\" class=\"bbc-19j92fr ebmt73l0\" readability=\"8\">\n<p dir=\"ltr\" class=\"bbc-hhl7in e17g058b0\">Porque uno en la selva no puede quedarse quieto. Por instinto, te mueves. <\/p>\n<\/div>\n<div dir=\"ltr\" class=\"bbc-19j92fr ebmt73l0\" readability=\"9\">\n<p dir=\"ltr\" class=\"bbc-hhl7in e17g058b0\">Porque en la selva nosotros no estamos pendientes de salir, sino de encontrar comida y cosas que nos permitan pasar mejor la noche. <\/p>\n<\/div>\n<div dir=\"ltr\" class=\"bbc-19j92fr ebmt73l0\" readability=\"7\">\n<p dir=\"ltr\" class=\"bbc-hhl7in e17g058b0\"><b>\u00bfC\u00f3mo describir\u00eda la selva en la que estaban?<\/b><\/p>\n<\/div>\n<div dir=\"ltr\" class=\"bbc-19j92fr ebmt73l0\" readability=\"13\">\n<p dir=\"ltr\" class=\"bbc-hhl7in e17g058b0\">Es una selva muy oscura, muy densa, donde est\u00e1n los \u00e1rboles m\u00e1s grandes de la regi\u00f3n. Es una zona que no ha sido explorada. Las poblaciones son peque\u00f1as, y est\u00e1n al lado del rio, no en la selva. <\/p>\n<\/div>\n<div dir=\"ltr\" class=\"bbc-19j92fr ebmt73l0\" readability=\"9\">\n<p dir=\"ltr\" class=\"bbc-hhl7in e17g058b0\">Hay fr\u00edo, zancudos, humedad. <\/p>\n<\/div>\n<div dir=\"ltr\" class=\"bbc-19j92fr ebmt73l0\" readability=\"12\">\n<p dir=\"ltr\" class=\"bbc-hhl7in e17g058b0\">Es peligroso, porque es el corredor del jaguar, de la anaconda, de la serpiente verrugosa, una de las venenosas m\u00e1s grandes de Am\u00e9rica. <\/p>\n<\/div>\n<div class=\"bbc-sffzb7 e1hrqbfn0\">\n<div dir=\"ltr\" class=\"bbc-1ka88fa ebmt73l0\">\n<figure class=\"bbc-1qdcvv9 e1aczekt0\">\n<div dir=\"ltr\" class=\"bbc-172p16q ebmt73l0\">\n<div dir=\"ltr\" class=\"bbc-189y18v ebmt73l0\" readability=\"6.5\">\n<div data-e2e=\"image-placeholder\" class=\"bbc-997y1y eihqrxw0\" readability=\"8\"><noscript><img loading=\"lazy\" sizes=\"(min-width: 1008px) 645px, 100vw\" srcset=\"http:\/\/nuevacordoba.net\/wp-content\/uploads\/2023\/06\/la-selva-no-era-la-amenaza-la-selva-los-salvo-como-pudieron-sobrevivir-los-4-ninos-que-pasaron-40-dias-en-la-amazonia-colombiana-27.jpg 240w, http:\/\/nuevacordoba.net\/wp-content\/uploads\/2023\/06\/la-selva-no-era-la-amenaza-la-selva-los-salvo-como-pudieron-sobrevivir-los-4-ninos-que-pasaron-40-dias-en-la-amazonia-colombiana-28.jpg 320w, http:\/\/nuevacordoba.net\/wp-content\/uploads\/2023\/06\/la-selva-no-era-la-amenaza-la-selva-los-salvo-como-pudieron-sobrevivir-los-4-ninos-que-pasaron-40-dias-en-la-amazonia-colombiana-29.jpg 480w, http:\/\/nuevacordoba.net\/wp-content\/uploads\/2023\/06\/la-selva-no-era-la-amenaza-la-selva-los-salvo-como-pudieron-sobrevivir-los-4-ninos-que-pasaron-40-dias-en-la-amazonia-colombiana-30.jpg 624w, http:\/\/nuevacordoba.net\/wp-content\/uploads\/2023\/06\/la-selva-no-era-la-amenaza-la-selva-los-salvo-como-pudieron-sobrevivir-los-4-ninos-que-pasaron-40-dias-en-la-amazonia-colombiana-31.jpg 800w\" src=\"http:\/\/nuevacordoba.net\/wp-content\/uploads\/2023\/06\/la-selva-no-era-la-amenaza-la-selva-los-salvo-como-pudieron-sobrevivir-los-4-ninos-que-pasaron-40-dias-en-la-amazonia-colombiana-4.jpg\" alt=\"Los cuatro ni\u00f1os est\u00e1n en el hospital militar ubicado en Bogot\u00e1.\" width=\"976\" height=\"549\" class=\"e3vrtyk0 bbc-rb7xa0 e1mo64ex0\"><\/noscript><\/p>\n<p role=\"text\" class=\"bbc-1s1cxbv ewbcsnk0\"><span class=\"bbc-m04vo2\">Fuente de la imagen, <\/span><span lang=\"en-GB\">Reuters<\/span><\/p>\n<\/div>\n<\/div>\n<div dir=\"ltr\" class=\"bbc-3edg7g ebmt73l0\" readability=\"6\"><figcaption dir=\"ltr\" class=\"bbc-rhuvwm e6i104o0\" readability=\"2\"><span class=\"bbc-m04vo2\">Pie de foto, <\/span><\/p>\n<p>Los cuatro ni\u00f1os est\u00e1n en el hospital militar ubicado en Bogot\u00e1.<\/p>\n<\/figcaption><\/div>\n<\/div>\n<\/figure>\n<\/div>\n<\/div>\n<div dir=\"ltr\" class=\"bbc-1ka88fa ebmt73l0\">\n<figure class=\"bbc-1qdcvv9 e1aczekt0\">\n<div dir=\"ltr\" class=\"bbc-172p16q ebmt73l0\">\n<div dir=\"ltr\" class=\"bbc-189y18v ebmt73l0\" readability=\"6.5\">\n<div data-e2e=\"image-placeholder\" class=\"bbc-997y1y eihqrxw0\" readability=\"8\"><noscript><img loading=\"lazy\" sizes=\"(min-width: 1008px) 645px, 100vw\" srcset=\"http:\/\/nuevacordoba.net\/wp-content\/uploads\/2023\/06\/la-selva-no-era-la-amenaza-la-selva-los-salvo-como-pudieron-sobrevivir-los-4-ninos-que-pasaron-40-dias-en-la-amazonia-colombiana-32.jpg 240w, http:\/\/nuevacordoba.net\/wp-content\/uploads\/2023\/06\/la-selva-no-era-la-amenaza-la-selva-los-salvo-como-pudieron-sobrevivir-los-4-ninos-que-pasaron-40-dias-en-la-amazonia-colombiana-33.jpg 320w, http:\/\/nuevacordoba.net\/wp-content\/uploads\/2023\/06\/la-selva-no-era-la-amenaza-la-selva-los-salvo-como-pudieron-sobrevivir-los-4-ninos-que-pasaron-40-dias-en-la-amazonia-colombiana-34.jpg 480w, http:\/\/nuevacordoba.net\/wp-content\/uploads\/2023\/06\/la-selva-no-era-la-amenaza-la-selva-los-salvo-como-pudieron-sobrevivir-los-4-ninos-que-pasaron-40-dias-en-la-amazonia-colombiana-35.jpg 624w, http:\/\/nuevacordoba.net\/wp-content\/uploads\/2023\/06\/la-selva-no-era-la-amenaza-la-selva-los-salvo-como-pudieron-sobrevivir-los-4-ninos-que-pasaron-40-dias-en-la-amazonia-colombiana-36.jpg 800w\" src=\"http:\/\/nuevacordoba.net\/wp-content\/uploads\/2023\/06\/la-selva-no-era-la-amenaza-la-selva-los-salvo-como-pudieron-sobrevivir-los-4-ninos-que-pasaron-40-dias-en-la-amazonia-colombiana-5.jpg\" alt=\"El presidente colombiano Gustavo Petro visita el hospital al que fueron llevados los menores rescatados de la selva.\" width=\"976\" height=\"549\" class=\"e3vrtyk0 bbc-rb7xa0 e1mo64ex0\"><\/noscript><\/p>\n<p role=\"text\" class=\"bbc-1s1cxbv ewbcsnk0\"><span class=\"bbc-m04vo2\">Fuente de la imagen, <\/span><span lang=\"en-GB\">Reuters<\/span><\/p>\n<\/div>\n<\/div>\n<div dir=\"ltr\" class=\"bbc-3edg7g ebmt73l0\" readability=\"8\"><figcaption dir=\"ltr\" class=\"bbc-rhuvwm e6i104o0\" readability=\"6\"><span class=\"bbc-m04vo2\">Pie de foto, <\/span><\/p>\n<p>Rufino se\u00f1ala que usar la palabra \u00abmilagro\u00bb para describir la aparici\u00f3n de los ni\u00f1os, como han hecho los medios y los oficiales del gobierno, es emplear una narrativa de los tiempos coloniales para mirar a la poblaci\u00f3n ind\u00edgena.<\/p>\n<\/figcaption><\/div>\n<\/div>\n<\/figure>\n<\/div>\n<div dir=\"ltr\" class=\"bbc-19j92fr ebmt73l0\" readability=\"13\">\n<p dir=\"ltr\" class=\"bbc-hhl7in e17g058b0\">Pero nosotros no lo vemos desde el miedo, o desde el peligro, sino desde el respeto. Cada cent\u00edmetro de la selva tiene una espiritualidad que no puedes evadir. Cualquier movimiento implica un di\u00e1logo con el cham\u00e1n, con el espacio. Si no, te puede afectar tu salud o tu seguridad. <\/p>\n<\/div>\n<div dir=\"ltr\" class=\"bbc-19j92fr ebmt73l0\" readability=\"15\">\n<p dir=\"ltr\" class=\"bbc-hhl7in e17g058b0\">Cada cosa, cada \u00e1rbol, es un ser que puede dar ense\u00f1anza, un v\u00ednculo que puede dar a cambio medicina y comida y agua. Por ejemplo, los \u00e1rboles tienen la funci\u00f3n de proteger mientras duermes: son el gran ancestro, el gran protector. Te dan cobijo, te abrazan. <\/p>\n<\/div>\n<div dir=\"ltr\" class=\"bbc-19j92fr ebmt73l0\" readability=\"7\">\n<p dir=\"ltr\" class=\"bbc-hhl7in e17g058b0\"><b>\u00bfQu\u00e9 t\u00e9cnicas pudieron haber usado los ni\u00f1os para arregl\u00e1rselas en la selva? <\/b><\/p>\n<\/div>\n<div dir=\"ltr\" class=\"bbc-19j92fr ebmt73l0\" readability=\"9\">\n<p dir=\"ltr\" class=\"bbc-hhl7in e17g058b0\">Ellos con seguridad encontraron muchas hojas h\u00famedas y peque\u00f1os riachuelos, de los que no necesariamente se puede beber. <\/p>\n<\/div>\n<div dir=\"ltr\" class=\"bbc-19j92fr ebmt73l0\" readability=\"11\">\n<p dir=\"ltr\" class=\"bbc-hhl7in e17g058b0\">Pero hay hojas que permiten purificar el agua, pero otras que son venenosas. Hay que cogerlas de cierta manera, lavarlas de cierta manera y luego de un rato, usarlas para recoger agua. <\/p>\n<\/div>\n<div dir=\"ltr\" class=\"bbc-19j92fr ebmt73l0\" readability=\"8\">\n<p dir=\"ltr\" class=\"bbc-hhl7in e17g058b0\">Tambi\u00e9n pudieron usar t\u00e9cnicas de limpiarse el cuerpo con hojas que sirven para que los zancudos e insectos no te ataquen tan fuerte. <\/p>\n<\/div>\n<div dir=\"ltr\" class=\"bbc-19j92fr ebmt73l0\" readability=\"10\">\n<p dir=\"ltr\" class=\"bbc-hhl7in e17g058b0\">Seguro encontraron una peque\u00f1a mata que permite limpiar los pies para evitar que las serpientes los vean o los piquen. A esa edad, los 14, ya se tienen ese tipo de sabidur\u00edas claras. <\/p>\n<\/div>\n<div dir=\"ltr\" class=\"bbc-19j92fr ebmt73l0\" readability=\"8\">\n<p dir=\"ltr\" class=\"bbc-hhl7in e17g058b0\">Es posible que hayan tenido que comer alg\u00fan tipo de gusano. Desde una hormiga hasta un ave es comida. Lo que deja detr\u00e1s un jaguar es otra opci\u00f3n. <\/p>\n<\/div>\n<div dir=\"ltr\" class=\"bbc-19j92fr ebmt73l0\" readability=\"13\">\n<p dir=\"ltr\" class=\"bbc-hhl7in e17g058b0\">Y sobre todo creo que comieron frutas, como manzanillas, unas pepas rojitas dulces que en esta \u00e9poca est\u00e1n en abundancia. Esas ayudan a no deshidratarse y dan energ\u00eda. Tambi\u00e9n hay polvos que sirven igual que el mambe de coca, un remplazo que da calor\u00edas, que calienta el cuerpo. <\/p>\n<\/div>\n<div dir=\"ltr\" class=\"bbc-1ka88fa ebmt73l0\">\n<figure class=\"bbc-1qdcvv9 e1aczekt0\">\n<div dir=\"ltr\" class=\"bbc-172p16q ebmt73l0\">\n<div dir=\"ltr\" class=\"bbc-189y18v ebmt73l0\" readability=\"6.5\">\n<div data-e2e=\"image-placeholder\" class=\"bbc-997y1y eihqrxw0\" readability=\"8\"><noscript><img loading=\"lazy\" sizes=\"(min-width: 1008px) 645px, 100vw\" srcset=\"http:\/\/nuevacordoba.net\/wp-content\/uploads\/2023\/06\/la-selva-no-era-la-amenaza-la-selva-los-salvo-como-pudieron-sobrevivir-los-4-ninos-que-pasaron-40-dias-en-la-amazonia-colombiana-37.jpg 240w, http:\/\/nuevacordoba.net\/wp-content\/uploads\/2023\/06\/la-selva-no-era-la-amenaza-la-selva-los-salvo-como-pudieron-sobrevivir-los-4-ninos-que-pasaron-40-dias-en-la-amazonia-colombiana-38.jpg 320w, http:\/\/nuevacordoba.net\/wp-content\/uploads\/2023\/06\/la-selva-no-era-la-amenaza-la-selva-los-salvo-como-pudieron-sobrevivir-los-4-ninos-que-pasaron-40-dias-en-la-amazonia-colombiana-39.jpg 480w, http:\/\/nuevacordoba.net\/wp-content\/uploads\/2023\/06\/la-selva-no-era-la-amenaza-la-selva-los-salvo-como-pudieron-sobrevivir-los-4-ninos-que-pasaron-40-dias-en-la-amazonia-colombiana-40.jpg 624w, http:\/\/nuevacordoba.net\/wp-content\/uploads\/2023\/06\/la-selva-no-era-la-amenaza-la-selva-los-salvo-como-pudieron-sobrevivir-los-4-ninos-que-pasaron-40-dias-en-la-amazonia-colombiana-41.jpg 800w\" src=\"http:\/\/nuevacordoba.net\/wp-content\/uploads\/2023\/06\/la-selva-no-era-la-amenaza-la-selva-los-salvo-como-pudieron-sobrevivir-los-4-ninos-que-pasaron-40-dias-en-la-amazonia-colombiana-6.jpg\" alt=\"Alex Rufino\" width=\"976\" height=\"549\" class=\"e3vrtyk0 bbc-rb7xa0 e1mo64ex0\"><\/noscript><\/p>\n<p role=\"text\" class=\"bbc-1s1cxbv ewbcsnk0\"><span class=\"bbc-m04vo2\">Fuente de la imagen, <\/span><span lang=\"en-GB\">Archivo particular<\/span><\/p>\n<\/div>\n<\/div>\n<div dir=\"ltr\" class=\"bbc-3edg7g ebmt73l0\" readability=\"7\"><figcaption dir=\"ltr\" class=\"bbc-rhuvwm e6i104o0\" readability=\"4\"><span class=\"bbc-m04vo2\">Pie de foto, <\/span><\/p>\n<p>Rufino estudi\u00f3 administraci\u00f3n de empresas, es fot\u00f3grafo y ense\u00f1a y divulga el conocimiento sobre la cosmovisi\u00f3n y organizaci\u00f3n ind\u00edgena en la selva amaz\u00f3nica.<\/p>\n<\/figcaption><\/div>\n<\/div>\n<\/figure>\n<\/div>\n<div dir=\"ltr\" class=\"bbc-19j92fr ebmt73l0\" readability=\"9\">\n<p dir=\"ltr\" class=\"bbc-hhl7in e17g058b0\">En la selva uno no se da cuenta que est\u00e1 perdiendo peso: siempre tiene la idea de que est\u00e1 bien. Solo cuando te encuentras gente de fuera te das cuenta de que fuiste vulnerable. Uno nunca piensa que se va a morir: se concentra en avanzar. <\/p>\n<\/div>\n<div dir=\"ltr\" class=\"bbc-19j92fr ebmt73l0\" readability=\"7\">\n<p dir=\"ltr\" class=\"bbc-hhl7in e17g058b0\"><b>\u00bfCu\u00e1n com\u00fan es que un grupo de ind\u00edgenas est\u00e9 en esta situaci\u00f3n en la selva? <\/b><\/p>\n<\/div>\n<div dir=\"ltr\" class=\"bbc-19j92fr ebmt73l0\" readability=\"11\">\n<p dir=\"ltr\" class=\"bbc-hhl7in e17g058b0\">Es com\u00fan, s\u00ed, hasta cada 10 d\u00edas en promedio cierta cantidad de gente se quedan a la deriva, porque van a buscar frutas o a cazar. <\/p>\n<\/div>\n<div dir=\"ltr\" class=\"bbc-19j92fr ebmt73l0\" readability=\"15\">\n<p dir=\"ltr\" class=\"bbc-hhl7in e17g058b0\">No es que se pierdan, porque est\u00e1n en su entorno, pero s\u00ed est\u00e1n a la deriva, sin saber que van a regresar a su resguardo. Y eso es o porque no se sabe el camino, o porque los due\u00f1os de ese espacio, los esp\u00edritus de la selva, deciden que no es el momento de volver. <\/p>\n<\/div>\n<div dir=\"ltr\" class=\"bbc-19j92fr ebmt73l0\" readability=\"11\">\n<p dir=\"ltr\" class=\"bbc-hhl7in e17g058b0\">Y esa es la p\u00e9rdida m\u00e1s compleja, porque si te sacan de la selva a la fuerza, los esp\u00edritus pueden aparecer de otras maneras. Tu vida y tu salida dependen de la instancia del proceso que est\u00e1s viviendo con la selva. Salir no siempre es lo que hay que hacer. <\/p>\n<\/div>\n<div dir=\"ltr\" class=\"bbc-19j92fr ebmt73l0\" readability=\"11\">\n<p dir=\"ltr\" class=\"bbc-hhl7in e17g058b0\">Si estos ni\u00f1os se perdieron porque los esp\u00edritus lo quisieron, y no pasaron por un proceso con el cham\u00e1n, y si no reciben el tratamiento que su cultura exige, a\u00fan est\u00e1n en amenaza. <\/p>\n<\/div>\n<div dir=\"ltr\" class=\"bbc-19j92fr ebmt73l0\" readability=\"7\">\n<p dir=\"ltr\" class=\"bbc-hhl7in e17g058b0\"><b>\u00bfQu\u00e9 opina de la narrativa seg\u00fan la cual esto fue un milagro? <\/b><\/p>\n<\/div>\n<div dir=\"ltr\" class=\"bbc-19j92fr ebmt73l0\" readability=\"12\">\n<p dir=\"ltr\" class=\"bbc-hhl7in e17g058b0\">A los territorios ind\u00edgenas siempre se las ha mirado con una narrativa heredada de la conquista, de la religi\u00f3n cat\u00f3lica, pero nosotros no hablamos de milagros, sino de la conexi\u00f3n espiritual con la naturaleza. <\/p>\n<\/div>\n<div dir=\"ltr\" class=\"bbc-1ka88fa ebmt73l0\">\n<figure class=\"bbc-1qdcvv9 e1aczekt0\">\n<div dir=\"ltr\" class=\"bbc-172p16q ebmt73l0\">\n<div dir=\"ltr\" class=\"bbc-189y18v ebmt73l0\" readability=\"6.5\">\n<div data-e2e=\"image-placeholder\" class=\"bbc-997y1y eihqrxw0\" readability=\"8\"><noscript><img loading=\"lazy\" sizes=\"(min-width: 1008px) 645px, 100vw\" srcset=\"http:\/\/nuevacordoba.net\/wp-content\/uploads\/2023\/06\/la-selva-no-era-la-amenaza-la-selva-los-salvo-como-pudieron-sobrevivir-los-4-ninos-que-pasaron-40-dias-en-la-amazonia-colombiana-42.jpg 240w, http:\/\/nuevacordoba.net\/wp-content\/uploads\/2023\/06\/la-selva-no-era-la-amenaza-la-selva-los-salvo-como-pudieron-sobrevivir-los-4-ninos-que-pasaron-40-dias-en-la-amazonia-colombiana-43.jpg 320w, http:\/\/nuevacordoba.net\/wp-content\/uploads\/2023\/06\/la-selva-no-era-la-amenaza-la-selva-los-salvo-como-pudieron-sobrevivir-los-4-ninos-que-pasaron-40-dias-en-la-amazonia-colombiana-44.jpg 480w, http:\/\/nuevacordoba.net\/wp-content\/uploads\/2023\/06\/la-selva-no-era-la-amenaza-la-selva-los-salvo-como-pudieron-sobrevivir-los-4-ninos-que-pasaron-40-dias-en-la-amazonia-colombiana-45.jpg 624w, http:\/\/nuevacordoba.net\/wp-content\/uploads\/2023\/06\/la-selva-no-era-la-amenaza-la-selva-los-salvo-como-pudieron-sobrevivir-los-4-ninos-que-pasaron-40-dias-en-la-amazonia-colombiana-46.jpg 800w\" src=\"http:\/\/nuevacordoba.net\/wp-content\/uploads\/2023\/06\/la-selva-no-era-la-amenaza-la-selva-los-salvo-como-pudieron-sobrevivir-los-4-ninos-que-pasaron-40-dias-en-la-amazonia-colombiana-7.jpg\" alt=\"Un miembro de la comunidad ind\u00edgena Taita en la base a\u00e9rea militar de CATAM, en Colombia, el d\u00eda en que fueron rescatados los menores perdidos en la selva.\" width=\"976\" height=\"549\" class=\"e3vrtyk0 bbc-rb7xa0 e1mo64ex0\"><\/noscript><\/p>\n<p role=\"text\" class=\"bbc-1s1cxbv ewbcsnk0\"><span class=\"bbc-m04vo2\">Fuente de la imagen, <\/span><span lang=\"en-GB\">Reuters<\/span><\/p>\n<\/div>\n<\/div>\n<div dir=\"ltr\" class=\"bbc-3edg7g ebmt73l0\" readability=\"7.5\"><figcaption dir=\"ltr\" class=\"bbc-rhuvwm e6i104o0\" readability=\"5\"><span class=\"bbc-m04vo2\">Pie de foto, <\/span><\/p>\n<p>Un miembro de la comunidad ind\u00edgena Taita en la base a\u00e9rea militar de CATAM, en Colombia, el d\u00eda en que fueron rescatados los menores perdidos en la selva.<\/p>\n<\/figcaption><\/div>\n<\/div>\n<\/figure>\n<\/div>\n<div dir=\"ltr\" class=\"bbc-19j92fr ebmt73l0\" readability=\"10\">\n<p dir=\"ltr\" class=\"bbc-hhl7in e17g058b0\">Es la palabra que vende, pero yo hablar\u00eda m\u00e1s del abrazo de la madre que es la selva, la madre que te cuida. <\/p>\n<\/div>\n<div dir=\"ltr\" class=\"bbc-19j92fr ebmt73l0\" readability=\"12\">\n<p dir=\"ltr\" class=\"bbc-hhl7in e17g058b0\">Es dif\u00edcil de entender esto, lo s\u00e9, pero esta es una buena oportunidad para que la sociedad, los seres humanos, aprendan de las distintas cosmovisiones que hay en los territorios. <\/p>\n<\/div>\n<div dir=\"ltr\" class=\"bbc-19j92fr ebmt73l0\" readability=\"13\">\n<p dir=\"ltr\" class=\"bbc-hhl7in e17g058b0\">M\u00e1s que un milagro, hay que entender que en la selva hay seres que protegen, que acompa\u00f1an. La selva no es solo lo verde, sino que hay energ\u00edas milenarias con las cuales las poblaciones se relacionan, aprenden y se ayudan. <\/p>\n<\/div>\n<div dir=\"ltr\" class=\"bbc-19j92fr ebmt73l0\" readability=\"13\">\n<p dir=\"ltr\" class=\"bbc-hhl7in e17g058b0\">El aprendizaje de estos 40 d\u00edas nunca se les va a olvidar a los ni\u00f1os. Ellos son la cara visible de lo que es ser ni\u00f1o en la selva. Sin el accidente del avi\u00f3n, nadie voltea a mirar c\u00f3mo viven los ni\u00f1os en la selva, c\u00f3mo se relacionan con \u00e9sta, c\u00f3mo mueren o sobreviven seg\u00fan el proceso que est\u00e9n viviendo. <\/p>\n<\/div>\n<div dir=\"ltr\" class=\"bbc-19j92fr ebmt73l0\" readability=\"10\">\n<p dir=\"ltr\" class=\"bbc-hhl7in e17g058b0\">La misma madre, que se convirti\u00f3 en esp\u00edritu tras el accidente, los protegi\u00f3. Y solo ahora va a empezar a descansar. <\/p>\n<\/div>\n<div dir=\"ltr\" class=\"bbc-19j92fr ebmt73l0\" readability=\"7\">\n<p dir=\"ltr\" class=\"bbc-hhl7in e17g058b0\"><b>\u00bfY qu\u00e9 opina de la idea de que los ni\u00f1os estaban perdidos? <\/b><\/p>\n<\/div>\n<div dir=\"ltr\" class=\"bbc-19j92fr ebmt73l0\" readability=\"11\">\n<p dir=\"ltr\" class=\"bbc-hhl7in e17g058b0\">Pues estaban perdidos en el sentido de que no hab\u00edan encontrado su lugar, donde est\u00e1 su familia. Pero no, los ni\u00f1os no estaban perdidos porque estaban en su entorno, que conocen y saben manejar. <\/p>\n<\/div>\n<div dir=\"ltr\" class=\"bbc-19j92fr ebmt73l0\" readability=\"13\">\n<p dir=\"ltr\" class=\"bbc-hhl7in e17g058b0\">Hablar de que estaban perdidos es asumir, equivocadamente, que estaban en una selva sin cuidados, en una supuesta tragedia, pero para nosotros no es as\u00ed: ellos est\u00e1n en su \u00e1mbito, en su lugar. <\/p>\n<\/div>\n<div dir=\"ltr\" class=\"bbc-1ka88fa ebmt73l0\">\n<figure class=\"bbc-1qdcvv9 e1aczekt0\">\n<div dir=\"ltr\" class=\"bbc-172p16q ebmt73l0\">\n<div dir=\"ltr\" class=\"bbc-189y18v ebmt73l0\" readability=\"6.5\">\n<div data-e2e=\"image-placeholder\" class=\"bbc-997y1y eihqrxw0\" readability=\"8\"><noscript><img loading=\"lazy\" sizes=\"(min-width: 1008px) 645px, 100vw\" srcset=\"http:\/\/nuevacordoba.net\/wp-content\/uploads\/2023\/06\/la-selva-no-era-la-amenaza-la-selva-los-salvo-como-pudieron-sobrevivir-los-4-ninos-que-pasaron-40-dias-en-la-amazonia-colombiana-47.jpg 240w, http:\/\/nuevacordoba.net\/wp-content\/uploads\/2023\/06\/la-selva-no-era-la-amenaza-la-selva-los-salvo-como-pudieron-sobrevivir-los-4-ninos-que-pasaron-40-dias-en-la-amazonia-colombiana-48.jpg 320w, http:\/\/nuevacordoba.net\/wp-content\/uploads\/2023\/06\/la-selva-no-era-la-amenaza-la-selva-los-salvo-como-pudieron-sobrevivir-los-4-ninos-que-pasaron-40-dias-en-la-amazonia-colombiana-49.jpg 480w, http:\/\/nuevacordoba.net\/wp-content\/uploads\/2023\/06\/la-selva-no-era-la-amenaza-la-selva-los-salvo-como-pudieron-sobrevivir-los-4-ninos-que-pasaron-40-dias-en-la-amazonia-colombiana-50.jpg 624w, http:\/\/nuevacordoba.net\/wp-content\/uploads\/2023\/06\/la-selva-no-era-la-amenaza-la-selva-los-salvo-como-pudieron-sobrevivir-los-4-ninos-que-pasaron-40-dias-en-la-amazonia-colombiana-51.jpg 800w\" src=\"http:\/\/nuevacordoba.net\/wp-content\/uploads\/2023\/06\/la-selva-no-era-la-amenaza-la-selva-los-salvo-como-pudieron-sobrevivir-los-4-ninos-que-pasaron-40-dias-en-la-amazonia-colombiana-8.jpg\" alt=\"Fidencio Valencia, el abuelo de los ni\u00f1os sobrevivientes del accidente de avi\u00f3n en la selva de Colombia.\" width=\"976\" height=\"549\" class=\"e3vrtyk0 bbc-rb7xa0 e1mo64ex0\"><\/noscript><\/p>\n<p role=\"text\" class=\"bbc-1s1cxbv ewbcsnk0\"><span class=\"bbc-m04vo2\">Fuente de la imagen, <\/span><span lang=\"en-GB\">Reuters<\/span><\/p>\n<\/div>\n<\/div>\n<div dir=\"ltr\" class=\"bbc-3edg7g ebmt73l0\" readability=\"7.5\"><figcaption dir=\"ltr\" class=\"bbc-rhuvwm e6i104o0\" readability=\"5\"><span class=\"bbc-m04vo2\">Pie de foto, <\/span><\/p>\n<p>Fidencio Valencia, el abuelo de los ni\u00f1os sobrevivientes del accidente, agradeci\u00f3 por las oraciones y el apoyo en el proceso de b\u00fasqueda.<\/p>\n<\/figcaption><\/div>\n<\/div>\n<\/figure>\n<\/div>\n<div dir=\"ltr\" class=\"bbc-19j92fr ebmt73l0\" readability=\"16\">\n<p dir=\"ltr\" class=\"bbc-hhl7in e17g058b0\">Por ejemplo, la lluvia: se puede pensar que eso los afecta, pero en realidad los protege, te ba\u00f1a, te limpia. Y tambi\u00e9n: la lluvia impide que los encuentres, porque encontrarlos es, de alguna manera, romper el curso natural de la selva. <\/p>\n<\/div>\n<div dir=\"ltr\" class=\"bbc-19j92fr ebmt73l0\" readability=\"7\">\n<p dir=\"ltr\" class=\"bbc-hhl7in e17g058b0\"><b>\u00bfCree qu<\/b><b>e<\/b><b> en la lectura de todo este caso hay cierta incomprensi\u00f3n de lo ind\u00edgena? <\/b><\/p>\n<\/div>\n<div dir=\"ltr\" class=\"bbc-19j92fr ebmt73l0\" readability=\"10\">\n<p dir=\"ltr\" class=\"bbc-hhl7in e17g058b0\">Totalmente. Desde la narrativa misma del milagro se evidencia una ignorancia. Porque m\u00e1s all\u00e1 de la inmediatez, hay que entender c\u00f3mo funciona el territorio. Los mismos abuelos hablaron de los duendes que los pudieron ayudar. <\/p>\n<\/div>\n<div dir=\"ltr\" class=\"bbc-19j92fr ebmt73l0\" readability=\"10\">\n<p dir=\"ltr\" class=\"bbc-hhl7in e17g058b0\">Se habla m\u00e1s del ej\u00e9rcito, de la institucionalidad, de los h\u00e9roes que supuestamente los salvaron. Pero en realidad para nosotros la selva no era la amenaza: fue la misma selva quien los salv\u00f3. <\/p>\n<\/div>\n<div dir=\"ltr\" class=\"bbc-1ka88fa ebmt73l0\">\n<figure class=\"bbc-1qdcvv9 e1aczekt0\">\n<div dir=\"ltr\" class=\"bbc-172p16q ebmt73l0\">\n<div dir=\"ltr\" class=\"bbc-189y18v ebmt73l0\" readability=\"6.5\">\n<div data-e2e=\"image-placeholder\" class=\"bbc-997y1y eihqrxw0\" readability=\"8\"><noscript><img loading=\"lazy\" sizes=\"(min-width: 1008px) 645px, 100vw\" srcset=\"http:\/\/nuevacordoba.net\/wp-content\/uploads\/2023\/06\/la-selva-no-era-la-amenaza-la-selva-los-salvo-como-pudieron-sobrevivir-los-4-ninos-que-pasaron-40-dias-en-la-amazonia-colombiana-9.jpg 240w, http:\/\/nuevacordoba.net\/wp-content\/uploads\/2023\/06\/la-selva-no-era-la-amenaza-la-selva-los-salvo-como-pudieron-sobrevivir-los-4-ninos-que-pasaron-40-dias-en-la-amazonia-colombiana-10.jpg 320w, http:\/\/nuevacordoba.net\/wp-content\/uploads\/2023\/06\/la-selva-no-era-la-amenaza-la-selva-los-salvo-como-pudieron-sobrevivir-los-4-ninos-que-pasaron-40-dias-en-la-amazonia-colombiana-11.jpg 480w, http:\/\/nuevacordoba.net\/wp-content\/uploads\/2023\/06\/la-selva-no-era-la-amenaza-la-selva-los-salvo-como-pudieron-sobrevivir-los-4-ninos-que-pasaron-40-dias-en-la-amazonia-colombiana-12.jpg 624w, http:\/\/nuevacordoba.net\/wp-content\/uploads\/2023\/06\/la-selva-no-era-la-amenaza-la-selva-los-salvo-como-pudieron-sobrevivir-los-4-ninos-que-pasaron-40-dias-en-la-amazonia-colombiana-13.jpg 800w\" src=\"http:\/\/nuevacordoba.net\/wp-content\/uploads\/2023\/06\/la-selva-no-era-la-amenaza-la-selva-los-salvo-como-pudieron-sobrevivir-los-4-ninos-que-pasaron-40-dias-en-la-amazonia-colombiana.jpg\" alt=\"Militares se toman fotos con los menores considerados perdidos en la selva de colombia\" width=\"976\" height=\"549\" class=\"e3vrtyk0 bbc-rb7xa0 e1mo64ex0\"><\/noscript><\/p>\n<p role=\"text\" class=\"bbc-1s1cxbv ewbcsnk0\"><span class=\"bbc-m04vo2\">Fuente de la imagen, <\/span><span lang=\"en-GB\">Reuters<\/span><\/p>\n<\/div>\n<\/div>\n<div dir=\"ltr\" class=\"bbc-3edg7g ebmt73l0\" readability=\"6\"><figcaption dir=\"ltr\" class=\"bbc-rhuvwm e6i104o0\" readability=\"2\"><span class=\"bbc-m04vo2\">Pie de foto, <\/span><\/p>\n<p>Rufino insiste en que no se debe presionar a los menores para que cuenten lo que pas\u00f3.<\/p>\n<\/figcaption><\/div>\n<\/div>\n<\/figure>\n<\/div>\n<div dir=\"ltr\" class=\"bbc-19j92fr ebmt73l0\" readability=\"13\">\n<p dir=\"ltr\" class=\"bbc-hhl7in e17g058b0\">Ojal\u00e1 a los ni\u00f1os les garanticen la dignidad que se merecen, el respeto de su territorio y su cultura. Este es un territorio que est\u00e1 muy golpeado por grupos armados, miner\u00eda, etc\u00e9tera, y uno espera que estos ni\u00f1os est\u00e9n bien. <\/p>\n<\/div>\n<div dir=\"ltr\" class=\"bbc-19j92fr ebmt73l0\" readability=\"7\">\n<p dir=\"ltr\" class=\"bbc-hhl7in e17g058b0\">No hay que presionarlos para que nos cuenten lo que les pas\u00f3. <\/p>\n<\/div>\n<div dir=\"ltr\" class=\"bbc-19j92fr ebmt73l0\" readability=\"7\">\n<p dir=\"ltr\" class=\"bbc-hhl7in e17g058b0\"><b>\u00bfUsted cree que los ni\u00f1os siguen en peligro? <\/b><\/p>\n<\/div>\n<div dir=\"ltr\" class=\"bbc-19j92fr ebmt73l0\" readability=\"15\">\n<p dir=\"ltr\" class=\"bbc-hhl7in e17g058b0\">Claro. Es m\u00e1s, creo que tienen m\u00e1s peligro ahora que estando en la selva. Porque est\u00e1n afuera, por los medios, por la misma mirada de la sociedad que juzga, que habla de milagro, que los presiona a ser algo que tal vez no son, a recibir tratamientos que tal vez no necesitan. <\/p>\n<\/div>\n<div dir=\"ltr\" class=\"bbc-19j92fr ebmt73l0\" readability=\"7\">\n<p dir=\"ltr\" class=\"bbc-hhl7in e17g058b0\">Es fundamental que se respete el curso natural que les destin\u00f3 la selva. <\/p>\n<\/div>\n<div dir=\"ltr\" class=\"bbc-1ka88fa ebmt73l0\">\n<figure class=\"bbc-1qdcvv9 e1aczekt0\">\n<div dir=\"ltr\" class=\"bbc-172p16q ebmt73l0\">\n<div dir=\"ltr\" class=\"bbc-189y18v ebmt73l0\">\n<div data-e2e=\"image-placeholder\" class=\"bbc-997y1y eihqrxw0\"><noscript><img loading=\"lazy\" sizes=\"(min-width: 1008px) 645px, 100vw\" srcset=\"http:\/\/nuevacordoba.net\/wp-content\/uploads\/2023\/06\/la-selva-no-era-la-amenaza-la-selva-los-salvo-como-pudieron-sobrevivir-los-4-ninos-que-pasaron-40-dias-en-la-amazonia-colombiana-19.jpg 240w, http:\/\/nuevacordoba.net\/wp-content\/uploads\/2023\/06\/la-selva-no-era-la-amenaza-la-selva-los-salvo-como-pudieron-sobrevivir-los-4-ninos-que-pasaron-40-dias-en-la-amazonia-colombiana-20.jpg 320w, http:\/\/nuevacordoba.net\/wp-content\/uploads\/2023\/06\/la-selva-no-era-la-amenaza-la-selva-los-salvo-como-pudieron-sobrevivir-los-4-ninos-que-pasaron-40-dias-en-la-amazonia-colombiana-21.jpg 464w\" src=\"http:\/\/nuevacordoba.net\/wp-content\/uploads\/2023\/06\/la-selva-no-era-la-amenaza-la-selva-los-salvo-como-pudieron-sobrevivir-los-4-ninos-que-pasaron-40-dias-en-la-amazonia-colombiana-2.jpg\" alt=\"L\u00ednea\" width=\"464\" height=\"2\" class=\"e3vrtyk0 bbc-rb7xa0 e1mo64ex0\"><\/noscript><\/div>\n<\/div>\n<\/div>\n<\/figure>\n<\/div>\n<div dir=\"ltr\" class=\"bbc-19j92fr ebmt73l0\" readability=\"8\">\n<p dir=\"ltr\" class=\"bbc-hhl7in e17g058b0\"><i class=\"bbc-h1y5j7 eih42320\">Recuerda que <\/i><i class=\"bbc-h1y5j7 eih42320\">puedes recibir notificaciones de BBC Mundo. Descarga la nueva versi\u00f3n de nuestra app y act\u00edvalas para no perderte nuestro mejor contenido.<\/i><\/p>\n<\/div>\n","protected":false},"excerpt":{"rendered":"<p>Daniel Pardo Corresponsal de BBC Mundo en Colombia 10 junio 2023 Fuente de la imagen, Reuters Pie de foto, Rufino insiste en que no se debe presionar a los menores para que cuenten lo que pas\u00f3. El caso que para muchos puede ser un milagro, para otros es un evento usual, y no por eso [&hellip;]<\/p>\n","protected":false},"author":1,"featured_media":33237,"comment_status":"closed","ping_status":"closed","sticky":false,"template":"","format":"standard","meta":[],"categories":[13],"tags":[],"_links":{"self":[{"href":"http:\/\/nuevacordoba.net\/index.php\/wp-json\/wp\/v2\/posts\/33236"}],"collection":[{"href":"http:\/\/nuevacordoba.net\/index.php\/wp-json\/wp\/v2\/posts"}],"about":[{"href":"http:\/\/nuevacordoba.net\/index.php\/wp-json\/wp\/v2\/types\/post"}],"author":[{"embeddable":true,"href":"http:\/\/nuevacordoba.net\/index.php\/wp-json\/wp\/v2\/users\/1"}],"replies":[{"embeddable":true,"href":"http:\/\/nuevacordoba.net\/index.php\/wp-json\/wp\/v2\/comments?post=33236"}],"version-history":[{"count":0,"href":"http:\/\/nuevacordoba.net\/index.php\/wp-json\/wp\/v2\/posts\/33236\/revisions"}],"wp:featuredmedia":[{"embeddable":true,"href":"http:\/\/nuevacordoba.net\/index.php\/wp-json\/wp\/v2\/media\/33237"}],"wp:attachment":[{"href":"http:\/\/nuevacordoba.net\/index.php\/wp-json\/wp\/v2\/media?parent=33236"}],"wp:term":[{"taxonomy":"category","embeddable":true,"href":"http:\/\/nuevacordoba.net\/index.php\/wp-json\/wp\/v2\/categories?post=33236"},{"taxonomy":"post_tag","embeddable":true,"href":"http:\/\/nuevacordoba.net\/index.php\/wp-json\/wp\/v2\/tags?post=33236"}],"curies":[{"name":"wp","href":"https:\/\/api.w.org\/{rel}","templated":true}]}}