{"id":33262,"date":"2023-06-11T23:46:51","date_gmt":"2023-06-11T23:46:51","guid":{"rendered":"https:\/\/www.ole.com.ar\/futbol-ascenso\/ascenso-almirante-brown_0_vrQCrT2MGg.html"},"modified":"2023-06-11T23:46:51","modified_gmt":"2023-06-11T23:46:51","slug":"otro-tecnico-echado-en-la-primera-nacional","status":"publish","type":"post","link":"http:\/\/nuevacordoba.net\/index.php\/2023\/06\/11\/otro-tecnico-echado-en-la-primera-nacional\/","title":{"rendered":"Otro t\u00e9cnico echado en la Primera Nacional"},"content":{"rendered":"<p><time class=\"createDate\" datetime=\"2023-06-11T20:46:51-03:00\">11\/06\/2023 20:46hs.<\/time><time class=\"modificatedDate\" datetime=\"2023\/06\/11T21:08:06-03:00\"> Actualizado al 11\/06\/2023 21:08hs.<\/time><\/p>\n<div id=\"storyBody\">\n<div class=\"custom-text \" readability=\"35.083333333333\">\n<p>Ven\u00eda estando en ojo de la tormenta en las \u00faltimas fechas. Pese a ser uno de los animadores de la Zona A de la <a href=\"https:\/\/www.ole.com.ar\/futbol-ascenso\/%5Bobject%20Object%5D\" rel=\"noopener noreferrer\" target=\"_blank\">Primera Nacional<\/a>,<strong> <\/strong><a href=\"https:\/\/www.ole.com.ar\/futbol-ascenso\/%5Bobject%20Object%5D\" rel=\"noopener noreferrer\" target=\"_blank\"><strong>Alejandro Orfila<\/strong><\/a> ven\u00eda siendo cuestionado en <a href=\"https:\/\/www.ole.com.ar\/futbol-ascenso\/%5Bobject%20Object%5D\" rel=\"noopener noreferrer\" target=\"_blank\">Almirante Brown<\/a>. Y despu\u00e9s de la dura derrota con San Telmo, el entrenador <strong>dej\u00f3 su cargo por decisi\u00f3n de la dirigencia<\/strong>. As\u00ed, luego del inicio de la segunda ronda del campeonato, el club deber\u00e1 salir a buscarle un reemplazante para enderezar el rumbo y seguir batallando en lo m\u00e1s alto.<\/p>\n<\/div>\n<div class=\"sc-a7166897-0 exHLBh\" readability=\"6.5\">\n<section readability=\"3\"><picture><img alt=\"La lista de River, con una baja inesperada para visitar a Banfield\" src=\"http:\/\/nuevacordoba.net\/wp-content\/uploads\/2023\/06\/otro-tecnico-echado-en-la-primera-nacional.jpg\" width=\"29\" height=\"29\" decoding=\"async\" data-nimg=\"future\" loading=\"lazy\"><\/picture>\n<p><span>Mir\u00e1 tambi\u00e9n<\/span><\/p>\n<hr>\n<h3>La lista de River, con una baja inesperada para visitar a Banfield<\/h3>\n<\/p>\n<\/section>\n<\/div>\n<div class=\"sc-a7166897-0 exHLBh\" readability=\"6\">\n<section readability=\"2\"><picture><img alt=\"Uruguay venci\u00f3 a Italia y grit\u00f3 campe\u00f3n \" src=\"http:\/\/nuevacordoba.net\/wp-content\/uploads\/2023\/06\/otro-tecnico-echado-en-la-primera-nacional-1.jpg\" width=\"29\" height=\"29\" decoding=\"async\" data-nimg=\"future\" loading=\"lazy\"><\/picture>\n<p><span>Mir\u00e1 tambi\u00e9n<\/span><\/p>\n<hr>\n<h3>Uruguay venci\u00f3 a Italia y grit\u00f3 campe\u00f3n<br \/>\n<\/h3>\n<\/p>\n<\/section>\n<\/div>\n<div class=\"custom-text \" readability=\"39\">\n<p>La Fragata hab\u00eda comenzado ganando el encuentro de la \u00faltima jornada ante el Candombero. El gol de Lautaro C\u00e9sar a los siete minutos del primer tiempo hizo ilusionar a todos en Isidro Casanova. Sin embargo, los jugadores volvieron a fallar, fueron superados con facilidad y terminaron perdiendo por 3-1, con goles de Agust\u00edn Stacanto, Jonathan Paiz y Erik Bodencer.<\/p>\n<\/div>\n<div class=\"custom-text \" readability=\"35.243670886076\">\n<p>\u00ab<strong>El Club <\/strong><a href=\"https:\/\/www.ole.com.ar\/futbol-ascenso\/%5Bobject%20Object%5D\" rel=\"noopener noreferrer\" target=\"_blank\"><strong>Almirante Brown<\/strong><\/a><strong> informa que Alejandro Orfila no continuar\u00e1 en el cargo de entrenador del plantel profesional<\/strong>. Le agradecemos por lo brindado y remarcamos el respeto, el compromiso y los valores hacia nuestra instituci\u00f3n\u00bb, explicaron desde la instituci\u00f3n a trav\u00e9s de un comunicado publicado este domingo.<\/p>\n<\/div>\n<div class=\"sc-a7166897-0 exHLBh\" readability=\"6\">\n<section readability=\"2\"><picture><img alt=\"El nene que conmovi\u00f3 a Messi y Scaloni cumpli\u00f3 otro sue\u00f1o en Boca\" src=\"http:\/\/nuevacordoba.net\/wp-content\/uploads\/2023\/06\/otro-tecnico-echado-en-la-primera-nacional-2.jpg\" width=\"29\" height=\"29\" decoding=\"async\" data-nimg=\"future\" loading=\"lazy\"><\/picture>\n<p><span>Mir\u00e1 tambi\u00e9n<\/span><\/p>\n<hr>\n<h3>El nene que conmovi\u00f3 a Messi y Scaloni cumpli\u00f3 otro sue\u00f1o en Boca<\/h3>\n<\/p>\n<\/section>\n<\/div>\n<div class=\"sc-a7166897-0 exHLBh\" readability=\"6\">\n<section readability=\"2\"><picture><img alt=\"La transformaci\u00f3n de Chicago con Montenegro\" src=\"http:\/\/nuevacordoba.net\/wp-content\/uploads\/2023\/06\/otro-tecnico-echado-en-la-primera-nacional-3.jpg\" width=\"29\" height=\"29\" decoding=\"async\" data-nimg=\"future\" loading=\"lazy\"><\/picture>\n<p><span>Mir\u00e1 tambi\u00e9n<\/span><\/p>\n<hr>\n<h3>La transformaci\u00f3n de Chicago con Montenegro<\/h3>\n<\/p>\n<\/section>\n<\/div>\n<div class=\"custom-text \" readability=\"40.960824742268\">\n<p><strong>La Fragata empez\u00f3 esta temporada siendo uno de los protagonistas, aunque con el correr de las jornadas fue perdiendo frescura y entr\u00f3 en una irregularidad que lo fue alejando de <\/strong><a href=\"https:\/\/www.ole.com.ar\/futbol-ascenso\/%5Bobject%20Object%5D\" rel=\"noopener noreferrer\" target=\"_blank\"><strong>Agropecuario<\/strong><\/a>, el \u00fanico l\u00edder del grupo. En los \u00faltimos diez encuentro, Almirante apenas logr\u00f3 superar a All Boys y a San Mart\u00edn de Tucum\u00e1n. \u00bfLuego? Cosech\u00f3 empates con Gimnasia de Mendoza, Mor\u00f3n, Defensores de Belgrano y Temperley; y cay\u00f3 con Guemes, Estudiantes de R\u00edo Cuarto, Chicago y Telmo.<\/p>\n<\/div>\n<div class=\"custom-text \" readability=\"40.635\">\n<p><strong>El Chano, nacido en Montevideo, tuvo un paso fugaz durante 2022 por dos clubes de la categor\u00eda: Atlanta y Mor\u00f3n.<\/strong> En el Bohemio, dur\u00f3 apenas seis partidos. Y en el Gallito, comand\u00f3 11 encuentros. Adem\u00e1s dirigi\u00f3 en clubes como Comunicaciones, <a href=\"https:\/\/www.ole.com.ar\/futbol-ascenso\/%5Bobject%20Object%5D\" rel=\"noopener noreferrer\" target=\"_blank\">Ferro<\/a>, <a href=\"https:\/\/www.ole.com.ar\/futbol-ascenso\/%5Bobject%20Object%5D\" rel=\"noopener noreferrer\" target=\"_blank\">Belgrano <\/a>y Defensor Sporting de Uruguay. En 2019 tuvo su primer paso por el club de Villa Crespo, all\u00ed logr\u00f3 el ascenso a la segunda categor\u00eda.<\/p>\n<\/div>\n<div class=\"sc-a7166897-0 exHLBh\" readability=\"6\">\n<section readability=\"2\"><picture><img alt=\"Los siete campeones Sub 20 de Uruguay citados por Bielsa\" src=\"http:\/\/nuevacordoba.net\/wp-content\/uploads\/2023\/06\/otro-tecnico-echado-en-la-primera-nacional-4.jpg\" width=\"29\" height=\"29\" decoding=\"async\" data-nimg=\"future\" loading=\"lazy\"><\/picture>\n<p><span>Mir\u00e1 tambi\u00e9n<\/span><\/p>\n<hr>\n<h3>Los siete campeones Sub 20 de Uruguay citados por Bielsa<\/h3>\n<\/p>\n<\/section>\n<\/div>\n<div class=\"sc-a7166897-0 exHLBh\" readability=\"6.5\">\n<section readability=\"3\"><picture><img alt=\"C\u00f3mo qued\u00f3 la tabla hist\u00f3rica de campeones de Mundial Sub 20 tras el t\u00edtulo de Uruguay\" src=\"http:\/\/nuevacordoba.net\/wp-content\/uploads\/2023\/06\/otro-tecnico-echado-en-la-primera-nacional-5.jpg\" width=\"29\" height=\"29\" decoding=\"async\" data-nimg=\"future\" loading=\"lazy\"><\/picture>\n<p><span>Mir\u00e1 tambi\u00e9n<\/span><\/p>\n<hr>\n<h3>C\u00f3mo qued\u00f3 la tabla hist\u00f3rica de campeones de Mundial Sub 20 tras el t\u00edtulo de Uruguay<\/h3>\n<\/p>\n<\/section>\n<\/div>\n<\/div>\n","protected":false},"excerpt":{"rendered":"<p>11\/06\/2023 20:46hs. Actualizado al 11\/06\/2023 21:08hs. Ven\u00eda estando en ojo de la tormenta en las \u00faltimas fechas. Pese a ser uno de los animadores de la Zona A de la Primera Nacional, Alejandro Orfila ven\u00eda siendo cuestionado en Almirante Brown. Y despu\u00e9s de la dura derrota con San Telmo, el entrenador dej\u00f3 su cargo por [&hellip;]<\/p>\n","protected":false},"author":1,"featured_media":33263,"comment_status":"closed","ping_status":"closed","sticky":false,"template":"","format":"standard","meta":[],"categories":[10],"tags":[],"_links":{"self":[{"href":"http:\/\/nuevacordoba.net\/index.php\/wp-json\/wp\/v2\/posts\/33262"}],"collection":[{"href":"http:\/\/nuevacordoba.net\/index.php\/wp-json\/wp\/v2\/posts"}],"about":[{"href":"http:\/\/nuevacordoba.net\/index.php\/wp-json\/wp\/v2\/types\/post"}],"author":[{"embeddable":true,"href":"http:\/\/nuevacordoba.net\/index.php\/wp-json\/wp\/v2\/users\/1"}],"replies":[{"embeddable":true,"href":"http:\/\/nuevacordoba.net\/index.php\/wp-json\/wp\/v2\/comments?post=33262"}],"version-history":[{"count":0,"href":"http:\/\/nuevacordoba.net\/index.php\/wp-json\/wp\/v2\/posts\/33262\/revisions"}],"wp:featuredmedia":[{"embeddable":true,"href":"http:\/\/nuevacordoba.net\/index.php\/wp-json\/wp\/v2\/media\/33263"}],"wp:attachment":[{"href":"http:\/\/nuevacordoba.net\/index.php\/wp-json\/wp\/v2\/media?parent=33262"}],"wp:term":[{"taxonomy":"category","embeddable":true,"href":"http:\/\/nuevacordoba.net\/index.php\/wp-json\/wp\/v2\/categories?post=33262"},{"taxonomy":"post_tag","embeddable":true,"href":"http:\/\/nuevacordoba.net\/index.php\/wp-json\/wp\/v2\/tags?post=33262"}],"curies":[{"name":"wp","href":"https:\/\/api.w.org\/{rel}","templated":true}]}}