{"id":33290,"date":"2023-06-11T23:38:57","date_gmt":"2023-06-11T23:38:57","guid":{"rendered":"https:\/\/www.ole.com.ar\/futbol-ascenso\/ascenso-chicago_0_Cdn15UK1tJ.html"},"modified":"2023-06-11T23:38:57","modified_gmt":"2023-06-11T23:38:57","slug":"la-transformacion-de-chicago-con-montenegro","status":"publish","type":"post","link":"http:\/\/nuevacordoba.net\/index.php\/2023\/06\/11\/la-transformacion-de-chicago-con-montenegro\/","title":{"rendered":"La transformaci\u00f3n de Chicago con Montenegro"},"content":{"rendered":"<p><time class=\"createDate\" datetime=\"2023-06-11T20:38:57-03:00\">11\/06\/2023 20:38hs.<\/time><time class=\"modificatedDate\" datetime=\"2023\/06\/11T20:38:57-03:00\"><\/time><\/p>\n<div id=\"storyBody\">\n<p><h2>EL RECIBIMIENTO ANTE ALL BOYS<\/h2>\n<\/p>\n<div class=\"sc-7ce6049-0 dwIKul\">\n<div class=\"sc-7ce6049-1 bdcBBS videoText\" id=\"contentTitleundefinedXvMBlK6h\" readability=\"6\"><svg fill=\"#ffffff\"><symbol id=\"play\" viewBox=\"0 0 512 512\"><path d=\"M512 256C512 397.4 397.4 512 256 512C114.6 512 0 397.4 0 256C0 114.6 114.6 0 256 0C397.4 0 512 114.6 512 256zM176 168V344C176 352.7 180.7 360.7 188.3 364.9C195.8 369.2 205.1 369 212.5 364.5L356.5 276.5C363.6 272.1 368 264.4 368 256C368 247.6 363.6 239.9 356.5 235.5L212.5 147.5C205.1 142.1 195.8 142.8 188.3 147.1C180.7 151.3 176 159.3 176 168V168z\" \/><\/symbol><use xlink:href=\"#play\" \/><\/svg><\/p>\n<div class=\"right\" readability=\"7\">\n<p>Nueva Chicago<!-- --> &#8211;<!-- --> <span>11-6-2023<\/span><\/p>\n<h2 class=\"title-vid\">Gran recibimineto de Chicago <\/h2>\n<\/div>\n<\/div>\n<p><span class=\"back\" id=\"spanBackundefinedXvMBlK6h\"><\/span><\/div>\n<div class=\"sc-e7b891c4-0 jPbnQF\"><img alt=\"Andr\u00e9s Montenegro asumi\u00f3 hace menos de un mes y le cambi\u00f3 la cara al club. (Foto: Prensa Chicago)\" src=\"http:\/\/nuevacordoba.net\/wp-content\/uploads\/2023\/06\/la-transformacion-de-chicago-con-montenegro.jpg\" width=\"72\" height=\"10\" decoding=\"async\" data-nimg=\"future\" loading=\"lazy\"><span class=\"epigraphe\">Andr\u00e9s Montenegro asumi\u00f3 hace menos de un mes y le cambi\u00f3 la cara al club. (Foto: Prensa Chicago)<\/span><\/div>\n<div class=\"sc-a7166897-0 exHLBh\" readability=\"6\">\n<section readability=\"2\"><picture><img alt=\"Los siete campeones Sub 20 de Uruguay citados por Bielsa\" src=\"http:\/\/nuevacordoba.net\/wp-content\/uploads\/2023\/06\/la-transformacion-de-chicago-con-montenegro-1.jpg\" width=\"29\" height=\"29\" decoding=\"async\" data-nimg=\"future\" loading=\"lazy\"><\/picture>\n<p><span>Mir\u00e1 tambi\u00e9n<\/span><\/p>\n<hr>\n<h3>Los siete campeones Sub 20 de Uruguay citados por Bielsa<\/h3>\n<\/p>\n<\/section>\n<\/div>\n<div class=\"custom-text \" readability=\"13\">\n<p><strong>En los \u00faltimos a\u00f1os, el Torito se hab\u00eda acostumbrado a luchar por mantener la categor\u00eda.<\/strong> Las malas campa\u00f1as se sucedieron, la crisis econ\u00f3mica e institucional golpearon fuertemente al aspecto futbol\u00edstico. El club se encontraba en un pozo depresivo del que no pod\u00eda salir. Y si bien los inconvenientes se siguen presentando, <strong>el Lobo le cambi\u00f3 la cara a un grupo de futbolistas con poca jerarqu\u00eda aunque con mucha hambre de gloria.<\/strong><\/p>\n<\/div>\n<div class=\"custom-text \" readability=\"16.683870967742\">\n<p>Montenegro, a los 45 a\u00f1os, retorn\u00f3 a <a href=\"https:\/\/www.ole.com.ar\/futbol-ascenso\/%5Bobject%20Object%5D\" rel=\"noopener noreferrer\" target=\"_blank\">Chicago <\/a>aunque en este caso como t\u00e9cnico. <strong>En la temporada 2013-2014, hab\u00eda sido el goleador del equipo que <\/strong><a href=\"https:\/\/www.ole.com.ar\/futbol-ascenso\/%5Bobject%20Object%5D\" rel=\"noopener noreferrer\" target=\"_blank\"><strong>Pablo Guede<\/strong><\/a><strong> llev\u00f3 a la vieja B Nacional<\/strong> y que ser\u00eda la previa al ascenso a Primera. Luego de un gran recorrido por el f\u00fatbol de Ascenso, el Lobo se hizo cargo de <a href=\"https:\/\/www.ole.com.ar\/futbol-ascenso\/%5Bobject%20Object%5D\" rel=\"noopener noreferrer\" target=\"_blank\">Flandria<\/a>, donde estuvo cuatro a\u00f1os y lo subi\u00f3 a la PN. <strong>A inicios de este 2023, tom\u00f3 las riendas de <\/strong><a href=\"https:\/\/www.ole.com.ar\/futbol-ascenso\/%5Bobject%20Object%5D\" rel=\"noopener noreferrer\" target=\"_blank\"><strong>Acassuso<\/strong><\/a><strong>, en la B, donde dur\u00f3 apenas 11 partidos.<\/strong><\/p>\n<\/div>\n<div class=\"sc-e7b891c4-0 jPbnQF\"><img alt=\"La fiesta del Torito luego de la victoria ante All Boys. (Foto: Prensa Chicago)\" src=\"http:\/\/nuevacordoba.net\/wp-content\/uploads\/2023\/06\/la-transformacion-de-chicago-con-montenegro-2.jpg\" width=\"72\" height=\"10\" decoding=\"async\" data-nimg=\"future\" loading=\"lazy\"><span class=\"epigraphe\">La fiesta del Torito luego de la victoria ante All Boys. (Foto: Prensa Chicago)<\/span><\/div>\n<div class=\"custom-text \" readability=\"13.462414578588\">\n<p><strong>Con un ciclo irregular de Tom\u00e1s Arrotea, la dirigencia apost\u00f3 por Andr\u00e9s y \u00e9l les devolvi\u00f3 la confianza a los popes y, fundamentalmente, a los jugadores.<\/strong> No le pes\u00f3 debutar en el derbi contra <a href=\"https:\/\/www.ole.com.ar\/futbol-ascenso\/%5Bobject%20Object%5D\" rel=\"noopener noreferrer\" target=\"_blank\">Almirante Brown<\/a>, tampoco golear 3-0 como local. Y tras el 0-0 con <a href=\"https:\/\/www.ole.com.ar\/futbol-ascenso\/%5Bobject%20Object%5D\" rel=\"noopener noreferrer\" target=\"_blank\">Defensores de Belgrano<\/a>, el Torito sum\u00f3 otras dos victorias contundentes: 2-0 a Estudiantes de R\u00edo Cuarto y mismo resultado en el Supercl\u00e1sico del Ascenso frente a <a href=\"https:\/\/www.ole.com.ar\/futbol-ascenso\/%5Bobject%20Object%5D\" rel=\"noopener noreferrer\" target=\"_blank\">All Boys<\/a>.<\/p>\n<\/div>\n<div class=\"custom-text \" readability=\"10\">\n<p><strong>Desde su arribo, CANCH sac\u00f3 el 83% de los puntos, se mentaliz\u00f3 de otra manera y se ilusiona con dar batalla hasta el final.<\/strong><\/p>\n<\/div>\n<div class=\"sc-e7b891c4-0 jPbnQF\"><img alt=\"La fiesta del Torito luego de la victoria ante All Boys. (Foto: Prensa Chicago)\" src=\"http:\/\/nuevacordoba.net\/wp-content\/uploads\/2023\/06\/la-transformacion-de-chicago-con-montenegro-3.jpg\" width=\"72\" height=\"10\" decoding=\"async\" data-nimg=\"future\" loading=\"lazy\"><span class=\"epigraphe\">La fiesta del Torito luego de la victoria ante All Boys. (Foto: Prensa Chicago)<\/span><\/div>\n<\/div>\n","protected":false},"excerpt":{"rendered":"<p>11\/06\/2023 20:38hs. EL RECIBIMIENTO ANTE ALL BOYS Nueva Chicago &#8211; 11-6-2023 Gran recibimineto de Chicago Andr\u00e9s Montenegro asumi\u00f3 hace menos de un mes y le cambi\u00f3 la cara al club. (Foto: Prensa Chicago) Mir\u00e1 tambi\u00e9n Los siete campeones Sub 20 de Uruguay citados por Bielsa En los \u00faltimos a\u00f1os, el Torito se hab\u00eda acostumbrado a [&hellip;]<\/p>\n","protected":false},"author":1,"featured_media":33291,"comment_status":"closed","ping_status":"closed","sticky":false,"template":"","format":"standard","meta":[],"categories":[10],"tags":[],"_links":{"self":[{"href":"http:\/\/nuevacordoba.net\/index.php\/wp-json\/wp\/v2\/posts\/33290"}],"collection":[{"href":"http:\/\/nuevacordoba.net\/index.php\/wp-json\/wp\/v2\/posts"}],"about":[{"href":"http:\/\/nuevacordoba.net\/index.php\/wp-json\/wp\/v2\/types\/post"}],"author":[{"embeddable":true,"href":"http:\/\/nuevacordoba.net\/index.php\/wp-json\/wp\/v2\/users\/1"}],"replies":[{"embeddable":true,"href":"http:\/\/nuevacordoba.net\/index.php\/wp-json\/wp\/v2\/comments?post=33290"}],"version-history":[{"count":0,"href":"http:\/\/nuevacordoba.net\/index.php\/wp-json\/wp\/v2\/posts\/33290\/revisions"}],"wp:featuredmedia":[{"embeddable":true,"href":"http:\/\/nuevacordoba.net\/index.php\/wp-json\/wp\/v2\/media\/33291"}],"wp:attachment":[{"href":"http:\/\/nuevacordoba.net\/index.php\/wp-json\/wp\/v2\/media?parent=33290"}],"wp:term":[{"taxonomy":"category","embeddable":true,"href":"http:\/\/nuevacordoba.net\/index.php\/wp-json\/wp\/v2\/categories?post=33290"},{"taxonomy":"post_tag","embeddable":true,"href":"http:\/\/nuevacordoba.net\/index.php\/wp-json\/wp\/v2\/tags?post=33290"}],"curies":[{"name":"wp","href":"https:\/\/api.w.org\/{rel}","templated":true}]}}