{"id":33300,"date":"2023-06-14T13:48:58","date_gmt":"2023-06-14T13:48:58","guid":{"rendered":"https:\/\/puntoapunto.com.ar\/?p=346694"},"modified":"2023-06-14T13:48:58","modified_gmt":"2023-06-14T13:48:58","slug":"bloque-de-cemento-de-9-kilos-los-empresarios-cordobeses-que-se-sumaron","status":"publish","type":"post","link":"http:\/\/nuevacordoba.net\/index.php\/2023\/06\/14\/bloque-de-cemento-de-9-kilos-los-empresarios-cordobeses-que-se-sumaron\/","title":{"rendered":"Bloque de cemento de 9 kilos: los empresarios cordobeses que se sumaron"},"content":{"rendered":"<div class=\"g g-37\">\n<div class=\"g-single a-29\"><a class=\"gofollow\" data-track=\"MjksMzcsMSw2MA==\" href=\"https:\/\/www.harmoniechateau.com.ar\/\" target=\"_blank\" rel=\"noopener\"><img class=\"lazyload\" src=\"http:\/\/nuevacordoba.net\/wp-content\/uploads\/2023\/06\/bloque-de-cemento-de-9-kilos-los-empresarios-cordobeses-que-se-sumaron.jpg\"><\/a><\/div>\n<\/div>\n<p>&nbsp;\n<\/p>\n<p>Una curiosa carta lleg\u00f3 a las Comisiones de Hacienda y Presupuesto del Senado y de la C\u00e1mara de Diputados de la Naci\u00f3n. Estaba tallada en un bloque de cemento de 9 kilos. Y la envi\u00f3 un grupo de 850 empresarios de todo el pa\u00eds con la intenci\u00f3n de reclamar por el costo fiscal y la gravosa mochila que implica sostener al Estado.\n<\/p>\n<p>Justamente, para representar \u00abel peso del Estado\u00bb es que se decidi\u00f3 tallar el mensaje en un bloque de cemento.\n<\/p>\n<p>La carta puede leerse en el sitio <a href=\"https:\/\/www.elpesodelestado.com\/\">El Peso del Estado<\/a> y entre otros mensajes plantea:\n<\/p>\n<p>\u00abAl analizar la presi\u00f3n fiscal formal sobre las empresas, medido en porcentaje sobre la utilidad neta, la Argentina lidera el ranking mundial con un promedio de 106%, en comparaci\u00f3n con los promedios mundial del 40,5% y sudamericano del 50,3% (desde 34% en Chile al 83,7% en Bolivia, con el resto de los pa\u00edses en valores intermedios; dato del Banco Mundial en su informe de 2020 Business Ready)\u00bb.\n<\/p>\n<p><img loading=\"lazy\" decoding=\"async\" alt width=\"1024\" height=\"524\" data-sizes=\"(max-width: 1024px) 100vw, 1024px\" class=\"aligncenter wp-image-346706 size-large lazyload\" src=\"http:\/\/nuevacordoba.net\/wp-content\/uploads\/2023\/06\/bloque-de-cemento-de-9-kilos-los-empresarios-cordobeses-que-se-sumaron-1.jpg\" srcset=\"http:\/\/nuevacordoba.net\/wp-content\/uploads\/2023\/06\/bloque-de-cemento-de-9-kilos-los-empresarios-cordobeses-que-se-sumaron-1.jpg 1024w, http:\/\/nuevacordoba.net\/wp-content\/uploads\/2023\/06\/bloque-de-cemento-de-9-kilos-los-empresarios-cordobeses-que-se-sumaron-2.jpg 300w, http:\/\/nuevacordoba.net\/wp-content\/uploads\/2023\/06\/bloque-de-cemento-de-9-kilos-los-empresarios-cordobeses-que-se-sumaron-3.jpg 768w, http:\/\/nuevacordoba.net\/wp-content\/uploads\/2023\/06\/bloque-de-cemento-de-9-kilos-los-empresarios-cordobeses-que-se-sumaron-4.jpg 750w, http:\/\/nuevacordoba.net\/wp-content\/uploads\/2023\/06\/bloque-de-cemento-de-9-kilos-los-empresarios-cordobeses-que-se-sumaron-5.jpg 1140w, http:\/\/nuevacordoba.net\/wp-content\/uploads\/2023\/06\/bloque-de-cemento-de-9-kilos-los-empresarios-cordobeses-que-se-sumaron-6.jpg 1253w\"><\/p>\n<p>\u00abPara que las empresas argentinas puedan competir y generar las exportaciones que tanto necesita Argentina para equilibrar su balanza comercial, necesitan condiciones similares a las de sus vecinos de la regi\u00f3n. El sector privado argentino tiene la mejor oportunidad de crecimiento, desarrollo y generaci\u00f3n de empleo en d\u00e9cadas debido a tres razones principales:\n<\/p>\n<p><strong>En primer lugar,<\/strong> contamos con un stock de capital humano con gran potencial, lo que se refleja en los unicornios que tenemos, en las exportaciones de u$s 8 mil millones de la econom\u00eda del conocimiento y en miles de startups que se crean para dar servicios al mundo.\n<\/p>\n<p><strong>En segundo lugar<\/strong>, somos un pa\u00eds privilegiado en recursos naturales. Hoy en d\u00eda, el mundo demanda alimentos y energ\u00eda a precios con muy buenos m\u00e1rgenes (si eliminamos las retenciones).\n<\/p>\n<p><strong>En tercer lugar,<\/strong> el sector privado tiene m\u00e1s de u$s 300.000 millones en activos financieros en d\u00f3lares, siendo el pasivo financiero bajo (la totalidad de la deuda del sector privado con el sistema financiero representa solo el 8% del PBI).\n<\/p>\n<p>\u00abUn presupuesto equilibrado para 2024, consensuado y votado en el Congreso de la Naci\u00f3n por las fuerzas pol\u00edticas mayoritarias, es un paso ineludible para comenzar a restablecer la confianza en Argentina por parte de inversores nacionales y extranjeros y aprovechar las oportunidades que brinda nuestro pa\u00eds en agronegocios, energ\u00eda, miner\u00eda, desarrollo de software, turismo, entre otras actividades que atraen la inversi\u00f3n privada y generan empleo en el sector formal de la econom\u00eda\u00bb\n<\/p>\n<p>\u00abPor estos motivos instamos a los miembros de las Comisiones de Presupuesto y Hacienda de Diputados y Senadores a que, de modo inmediato, con patriotismo, generosidad y dejando de lado intereses sectoriales o partidarios, se aboquen a consensuar un Presupuesto 2024 que permita lograr un equilibrio fiscal\u00bb.\n<\/p>\n<p><strong>Cordobeses que firmaron<\/strong>. La carta fue firmada por 850 empresarios. De ese total, cerca de 120 son de C\u00f3rdoba. Algunos de ellos son:\n<\/p>\n<p>-H\u00e9ctor Abdala\n<\/p>\n<p>-Victoria Ach\u00e1val Rodr\u00edguez\n<\/p>\n<p>-Marcos Alladio\n<\/p>\n<p>-Agust\u00edn \u00c1lvarez\n<\/p>\n<p>-Alberto Asensio\n<\/p>\n<p>-Silvio Asinari\n<\/p>\n<p>-Andr\u00e9s B\u00e1csay\n<\/p>\n<p>-Marcos Barembaum\n<\/p>\n<p>-Alejandro Becerra\n<\/p>\n<p>-Esteban Berelejis\n<\/p>\n<p>-Mar\u00eda Alejandra Bertolino\n<\/p>\n<p>-Jorge Bettolli\n<\/p>\n<p>-Mariel del Valle Bollati\n<\/p>\n<p>-Gustavo Brachetta\n<\/p>\n<p>-Mar\u00eda Gabriela Bravino\n<\/p>\n<p>-Germ\u00e1n Britos\n<\/p>\n<p>-Carlos Bula\n<\/p>\n<p>-Luis Cagliari\n<\/p>\n<p>-Mar\u00eda Sara Castellanos\n<\/p>\n<p>-Santiago Castellanos\n<\/p>\n<p>-Marcelo Chasseing\n<\/p>\n<p>-Ra\u00fal Copello\n<\/p>\n<p>-Carlos Cosentino\n<\/p>\n<p>-H\u00e9ctor Hugo David\n<\/p>\n<p>-Rafael de El\u00edas\n<\/p>\n<p>-Gabriel De Raedemaeker\n<\/p>\n<p>-Erik Debarre\n<\/p>\n<p>-Jos\u00e9 Alberto D\u00edaz\n<\/p>\n<p>-Armando Donato\n<\/p>\n<p>-Nilda Ferrer\n<\/p>\n<p>-Ignacio Ferrer\n<\/p>\n<p>-Juan Gallar\u00e1\n<\/p>\n<p>-Erardo Gallo\n<\/p>\n<p>-Guillermo Gastardelli\n<\/p>\n<p>-Isa\u00edas Goldman\n<\/p>\n<p>-N\u00e9stor Gostanian\n<\/p>\n<p>-Christian Hermann\n<\/p>\n<p>-Ra\u00fal Hermida\n<\/p>\n<p>-Arturo L\u00f3pez Sivilat\n<\/p>\n<p>-Gregorio D\u00edaz Lucero\n<\/p>\n<p>-Luis Macario\n<\/p>\n<p>-Ignacio Malvasio\n<\/p>\n<p>-Manuel Marco de Goycoechea\n<\/p>\n<p>-C\u00e9sar Mart\u00ednez\n<\/p>\n<p>-Pablo Mart\u00ednez\n<\/p>\n<p>-Aldo Micelli\n<\/p>\n<p>-Miguel \u00c1ngel Micolini\n<\/p>\n<p>-Mar\u00eda Rosa Miguel\n<\/p>\n<p>-Mar\u00eda Fernanda Molina\n<\/p>\n<p>-Gustavo Muzzio\n<\/p>\n<p>-Juan Manuel Obrvan\n<\/p>\n<p>-Walter Ochat\n<\/p>\n<p>-Lucas Olmedo\n<\/p>\n<p>-Anal\u00eda Pantanetti\n<\/p>\n<p>-Jorge Peretti\n<\/p>\n<p>-Luis y Vanesa Picat\n<\/p>\n<p>-Miguel Pussetto\n<\/p>\n<p>-Juan Carlos Rabbat\n<\/p>\n<p>-Pablo Revol C\u00e1ceres\n<\/p>\n<p>-Fernando Reyna\n<\/p>\n<p>-Agust\u00edn y Jorge Roberi\n<\/p>\n<p>-Mart\u00edn Roca\n<\/p>\n<p>-Graciela Roggio\n<\/p>\n<p>-Sergio Roggio\n<\/p>\n<p>-Arturo Romero Cammisa\n<\/p>\n<p>-Manuel Ron\n<\/p>\n<p>-Bibiana Rosa\n<\/p>\n<p>-Javier Rotondo\n<\/p>\n<p>-Oscar Lucas Santiago\n<\/p>\n<p>-Ignacio Silvestro\n<\/p>\n<p>-Mar\u00eda Cristina Svanella\n<\/p>\n<p>-Manuel Tagle\n<\/p>\n<p>-Guillermo Tillard\n<\/p>\n<p>-Marcelo Tonoli de Maussion\n<\/p>\n<p>-Gustavo Urrets Zaval\u00eda\n<\/p>\n<p>-Francisco Vaccaro\n<\/p>\n<p>-Luis V\u00e9lez Ferrer\n<\/p>\n<p>-Guillermo Vitelli\n<\/p>\n<p>-Juan Walker\n<\/p>\n<p>-Patricio Watson\n<\/p>\n<p>-Alejandro Weiss\n<\/p>\n<p>&nbsp;\n<\/p>\n<p>Cr\u00e9dito foto home: Clar\u00edn.\n<\/p>\n<div class=\"g g-38\">\n<div class=\"g-dyn a-12 c-1\"><a class=\"gofollow\" data-track=\"MTIsMzgsMSw2MA==\" href=\"https:\/\/api.whatsapp.com\/send\/?phone=3518562462&amp;text&amp;type=phone_number&amp;app_absent=0\"><img class=\"lazyload\" src=\"http:\/\/nuevacordoba.net\/wp-content\/uploads\/2023\/06\/bloque-de-cemento-de-9-kilos-los-empresarios-cordobeses-que-se-sumaron.png\"><\/a><\/div>\n<\/div>\n","protected":false},"excerpt":{"rendered":"<p>&nbsp; Una curiosa carta lleg\u00f3 a las Comisiones de Hacienda y Presupuesto del Senado y de la C\u00e1mara de Diputados de la Naci\u00f3n. Estaba tallada en un bloque de cemento de 9 kilos. Y la envi\u00f3 un grupo de 850 empresarios de todo el pa\u00eds con la intenci\u00f3n de reclamar por el costo fiscal y [&hellip;]<\/p>\n","protected":false},"author":1,"featured_media":33301,"comment_status":"open","ping_status":"closed","sticky":false,"template":"","format":"standard","meta":[],"categories":[12,14],"tags":[],"_links":{"self":[{"href":"http:\/\/nuevacordoba.net\/index.php\/wp-json\/wp\/v2\/posts\/33300"}],"collection":[{"href":"http:\/\/nuevacordoba.net\/index.php\/wp-json\/wp\/v2\/posts"}],"about":[{"href":"http:\/\/nuevacordoba.net\/index.php\/wp-json\/wp\/v2\/types\/post"}],"author":[{"embeddable":true,"href":"http:\/\/nuevacordoba.net\/index.php\/wp-json\/wp\/v2\/users\/1"}],"replies":[{"embeddable":true,"href":"http:\/\/nuevacordoba.net\/index.php\/wp-json\/wp\/v2\/comments?post=33300"}],"version-history":[{"count":0,"href":"http:\/\/nuevacordoba.net\/index.php\/wp-json\/wp\/v2\/posts\/33300\/revisions"}],"wp:featuredmedia":[{"embeddable":true,"href":"http:\/\/nuevacordoba.net\/index.php\/wp-json\/wp\/v2\/media\/33301"}],"wp:attachment":[{"href":"http:\/\/nuevacordoba.net\/index.php\/wp-json\/wp\/v2\/media?parent=33300"}],"wp:term":[{"taxonomy":"category","embeddable":true,"href":"http:\/\/nuevacordoba.net\/index.php\/wp-json\/wp\/v2\/categories?post=33300"},{"taxonomy":"post_tag","embeddable":true,"href":"http:\/\/nuevacordoba.net\/index.php\/wp-json\/wp\/v2\/tags?post=33300"}],"curies":[{"name":"wp","href":"https:\/\/api.w.org\/{rel}","templated":true}]}}