{"id":33304,"date":"2023-06-14T14:33:08","date_gmt":"2023-06-14T14:33:08","guid":{"rendered":"https:\/\/prensa.cba.gov.ar\/?p=556125"},"modified":"2023-06-14T14:33:08","modified_gmt":"2023-06-14T14:33:08","slug":"abrio-la-convocatoria-para-la-7-edicion-de-la-feria-del-centro","status":"publish","type":"post","link":"http:\/\/nuevacordoba.net\/index.php\/2023\/06\/14\/abrio-la-convocatoria-para-la-7-edicion-de-la-feria-del-centro\/","title":{"rendered":"Abri\u00f3 la convocatoria para la 7\u00b0 edici\u00f3n de la Feria del Centro"},"content":{"rendered":"<ul>\n<li><strong>El evento se realizar\u00e1 el 19, 20 y 21 de agosto en la ciudad de Rosario, Santa Fe.<\/strong><\/li>\n<li><strong>Tendr\u00e1 espacio para 120 dise\u00f1adores y\/o emprendedores de Santa Fe, C\u00f3rdoba y Entre R\u00edos.<\/strong><\/li>\n<li><strong>Hay tiempo hasta el hasta el 5 de julio para inscribirse.<\/strong><\/li>\n<\/ul>\n<p>Abri\u00f3 la convocator\u00eda para la <strong>7\u00b0 edici\u00f3n de la Feria del Centro<\/strong>, que estar\u00e1 especializada en dise\u00f1o y<strong>&nbsp;<\/strong>tendr\u00e1 espacio para 120 dise\u00f1adores y\/o emprendedores. Se desarrollar\u00e1 de manera presencial los d\u00edas 19, 20 y 21 de agosto en la ciudad de Rosario, Santa Fe. El acto inaugural, en tanto, se realizar\u00e1 el viernes 18 de agosto.<\/p>\n<p>Se trata de una iniciativa organizada por los organismos de Cultura de los gobiernos provinciales de Santa Fe, C\u00f3rdoba y Entre R\u00edos, adem\u00e1s de contar con el apoyo del Consejo Federal de Inversiones.<\/p>\n<p>El evento re\u00fane a dise\u00f1adores, productores y gestores culturales de la Regi\u00f3n Centro del pa\u00eds, con el objetivo de facilitar, articular y difundir la actividad cultural creativa producida en la regi\u00f3n fomentando la profesionalizaci\u00f3n, la circulaci\u00f3n y comercializaci\u00f3n de bienes culturales con valor agregado.<\/p>\n<h4 class=\"wp-block-heading\">C\u00f3mo participar<\/h4>\n<p>El llamado para participar se extiende hasta el 5 de julio y est\u00e1 dirigido a dise\u00f1adores de indumentaria, accesorios o complementos (entre los que se incluye joyer\u00eda y orfebrer\u00eda), objetos utilitarios o decorativos, arte impreso y dise\u00f1adores de productos sustentables y biodegradables.<\/p>\n<figure class=\"wp-block-image alignleft size-full is-resized\"><img decoding=\"async\" loading=\"lazy\" src=\"http:\/\/nuevacordoba.net\/wp-content\/uploads\/2023\/06\/abrio-la-convocatoria-para-la-7-edicion-de-la-feria-del-centro.png\" alt class=\"wp-image-556130\" width=\"328\" height=\"409\"><\/figure>\n<p>La convocatoria es abierta y gratuita. Podr\u00e1n participar personas f\u00edsicas de la Provincia de C\u00f3rdoba que formen parte del sector Dise\u00f1o de las industrias creativas. Deber\u00e1n ser mayores de 18 a\u00f1os, cordobeses o con una residencia comprobable en la provincia de no menos de 3 a\u00f1os.<\/p>\n<p>Se seleccionar\u00e1n 40 (cuarenta) dise\u00f1adoras\/es cordobeses, de acuerdo a las bases de la convocatoria, con la siguiente clasificaci\u00f3n:<\/p>\n<ul>\n<li>Indumentaria<\/li>\n<li>Accesorios o complementos (dentro de este grupo, se seleccionar\u00e1n dise\u00f1adores de joyer\u00eda)<\/li>\n<li>Objetos utilitarios o decorativos (dentro de este grupo, se seleccionar\u00e1n dise\u00f1adores de arte impreso)<\/li>\n<\/ul>\n<p>En la selecci\u00f3n se ponderar\u00e1n los dise\u00f1os de productos sustentables, a partir del reciclado de materiales.<\/p>\n<p>La postulaci\u00f3n para participar en la <strong>7\u00b0<\/strong> edici\u00f3n de Feria del Centro Rosario 2023 se realiza completando el siguiente formulario: <a href=\"https:\/\/docs.google.com\/forms\/d\/1FjLmxe1kGdBwOSxdrEaBwpvT1I9sivp6AyIkMKoCDfc\/edit\" target=\"_blank\" rel=\"noreferrer noopener\">https:\/\/docs.google.com\/forms\/d\/1FjLmxe1kGdBwOSxdrEaBwpvT1I9sivp6AyIkMKoCDfc\/edit<\/a><\/p>\n<p><strong>Bases y condiciones,<\/strong> <a href=\"http:\/\/chrome-extension:\/\/efaidnbmnnnibpcajpcglclefindmkaj\/https:\/\/cultura.cba.gov.ar\/wp-content\/uploads\/2023\/06\/1-BASES-Convocatoria-VII-Feria-del-Centro-Rosario-2023.pdf\" target=\"_blank\" rel=\"noreferrer noopener\"><strong>AQU\u00cd.<\/strong><\/a><\/p>\n<p>La 7\u00b0 edici\u00f3n de la Feria del Centro se realizar\u00e1 en el Galp\u00f3n 17, Franja del r\u00edo (Av. de los Inmigrantes S\/N, Parque Nacional a la Bandera de la ciudad de Rosario).<\/p>\n","protected":false},"excerpt":{"rendered":"<p>El evento se realizar\u00e1 el 19, 20 y 21 de agosto en la ciudad de Rosario, Santa Fe. Tendr\u00e1 espacio para 120 dise\u00f1adores y\/o emprendedores de Santa Fe, C\u00f3rdoba y Entre R\u00edos. Hay tiempo hasta el hasta el 5 de julio para inscribirse. Abri\u00f3 la convocator\u00eda para la 7\u00b0 edici\u00f3n de la Feria del Centro, [&hellip;]<\/p>\n","protected":false},"author":1,"featured_media":33305,"comment_status":"closed","ping_status":"closed","sticky":false,"template":"","format":"standard","meta":[],"categories":[14],"tags":[],"_links":{"self":[{"href":"http:\/\/nuevacordoba.net\/index.php\/wp-json\/wp\/v2\/posts\/33304"}],"collection":[{"href":"http:\/\/nuevacordoba.net\/index.php\/wp-json\/wp\/v2\/posts"}],"about":[{"href":"http:\/\/nuevacordoba.net\/index.php\/wp-json\/wp\/v2\/types\/post"}],"author":[{"embeddable":true,"href":"http:\/\/nuevacordoba.net\/index.php\/wp-json\/wp\/v2\/users\/1"}],"replies":[{"embeddable":true,"href":"http:\/\/nuevacordoba.net\/index.php\/wp-json\/wp\/v2\/comments?post=33304"}],"version-history":[{"count":0,"href":"http:\/\/nuevacordoba.net\/index.php\/wp-json\/wp\/v2\/posts\/33304\/revisions"}],"wp:featuredmedia":[{"embeddable":true,"href":"http:\/\/nuevacordoba.net\/index.php\/wp-json\/wp\/v2\/media\/33305"}],"wp:attachment":[{"href":"http:\/\/nuevacordoba.net\/index.php\/wp-json\/wp\/v2\/media?parent=33304"}],"wp:term":[{"taxonomy":"category","embeddable":true,"href":"http:\/\/nuevacordoba.net\/index.php\/wp-json\/wp\/v2\/categories?post=33304"},{"taxonomy":"post_tag","embeddable":true,"href":"http:\/\/nuevacordoba.net\/index.php\/wp-json\/wp\/v2\/tags?post=33304"}],"curies":[{"name":"wp","href":"https:\/\/api.w.org\/{rel}","templated":true}]}}