{"id":33308,"date":"2023-06-14T17:15:13","date_gmt":"2023-06-14T17:15:13","guid":{"rendered":"https:\/\/www.bbc.com\/mundo\/noticias-america-latina-65899580"},"modified":"2023-06-14T17:15:13","modified_gmt":"2023-06-14T17:15:13","slug":"los-contrastes-de-colombia-que-revela-la-historia-de-los-ninos-indigenas-que-estuvieron-perdidos-en-la-selva","status":"publish","type":"post","link":"http:\/\/nuevacordoba.net\/index.php\/2023\/06\/14\/los-contrastes-de-colombia-que-revela-la-historia-de-los-ninos-indigenas-que-estuvieron-perdidos-en-la-selva\/","title":{"rendered":"Los contrastes de Colombia que revela la historia de los ni\u00f1os ind\u00edgenas que estuvieron perdidos en la selva"},"content":{"rendered":"<div dir=\"ltr\" class=\"e1j2237y6 bbc-q4ibpr ebmt73l0\">\n<div class=\"bbc-1atl7vu euvj3t14\">\n<ul role=\"list\" class=\"bbc-k0l9bd euvj3t12\">\n<li role=\"listitem\" class=\"bbc-1a3w4ok euvj3t11\">Daniel Pardo<\/li>\n<li role=\"listitem\" class=\"bbc-1p92jtu euvj3t10\">Corresponsal de BBC Mundo en Colombia<\/li>\n<\/ul>\n<\/div>\n<\/div>\n<p><time datetime=\"2023-06-14\" class=\"bbc-1dafq0j e1mklfmt0\">6 horas<\/time><\/p>\n<div dir=\"ltr\" class=\"bbc-1ka88fa ebmt73l0\">\n<figure class=\"bbc-1qdcvv9 e1aczekt0\">\n<div dir=\"ltr\" class=\"bbc-172p16q ebmt73l0\">\n<div dir=\"ltr\" class=\"bbc-189y18v ebmt73l0\" readability=\"6.5\">\n<div data-e2e=\"image-placeholder\" class=\"bbc-997y1y eihqrxw0\" readability=\"8\"><img loading=\"lazy\" sizes=\"(min-width: 1008px) 645px, 100vw\" srcset=\"http:\/\/nuevacordoba.net\/wp-content\/uploads\/2023\/06\/los-contrastes-de-colombia-que-revela-la-historia-de-los-ninos-indigenas-que-estuvieron-perdidos-en-la-selva-9.jpg 240w, http:\/\/nuevacordoba.net\/wp-content\/uploads\/2023\/06\/los-contrastes-de-colombia-que-revela-la-historia-de-los-ninos-indigenas-que-estuvieron-perdidos-en-la-selva-10.jpg 320w, http:\/\/nuevacordoba.net\/wp-content\/uploads\/2023\/06\/los-contrastes-de-colombia-que-revela-la-historia-de-los-ninos-indigenas-que-estuvieron-perdidos-en-la-selva-11.jpg 480w, http:\/\/nuevacordoba.net\/wp-content\/uploads\/2023\/06\/los-contrastes-de-colombia-que-revela-la-historia-de-los-ninos-indigenas-que-estuvieron-perdidos-en-la-selva-12.jpg 624w, http:\/\/nuevacordoba.net\/wp-content\/uploads\/2023\/06\/los-contrastes-de-colombia-que-revela-la-historia-de-los-ninos-indigenas-que-estuvieron-perdidos-en-la-selva-13.jpg 800w\" src=\"http:\/\/nuevacordoba.net\/wp-content\/uploads\/2023\/06\/los-contrastes-de-colombia-que-revela-la-historia-de-los-ninos-indigenas-que-estuvieron-perdidos-en-la-selva.jpg\" alt=\"Indigena en Colombia\" width=\"976\" height=\"549\" class=\"e3vrtyk0 bbc-rb7xa0 e1mo64ex0\"><\/p>\n<p role=\"text\" class=\"bbc-1s1cxbv ewbcsnk0\"><span class=\"bbc-m04vo2\">Fuente de la imagen, <\/span><span lang=\"en-GB\">Getty Images<\/span><\/p>\n<\/div>\n<\/div>\n<div dir=\"ltr\" class=\"bbc-3edg7g ebmt73l0\" readability=\"7\"><figcaption dir=\"ltr\" class=\"bbc-rhuvwm e6i104o0\" readability=\"4\"><span class=\"bbc-m04vo2\">Pie de foto, <\/span><\/p>\n<p>Los ind\u00edgenas son, con los afrodescendientes, las poblaciones m\u00e1s pobres de Colombia.<\/p>\n<\/figcaption><\/div>\n<\/div>\n<\/figure>\n<\/div>\n<div dir=\"ltr\" class=\"bbc-19j92fr ebmt73l0\" readability=\"10\">\n<p dir=\"ltr\" class=\"bbc-hhl7in e17g058b0\"><b>Cuando me par\u00e9 al frente del Hospital Militar de Bogot\u00e1, donde est\u00e1n los cuatro ni\u00f1os ind\u00edgenas rescatados tras 40 d\u00edas en la selva, me pregunt\u00e9 qu\u00e9 est\u00e1bamos haciendo. <\/b><\/p>\n<\/div>\n<div dir=\"ltr\" class=\"bbc-19j92fr ebmt73l0\" readability=\"9\">\n<p dir=\"ltr\" class=\"bbc-hhl7in e17g058b0\">\u00bfQu\u00e9 estamos buscando todos estos medios, todas estas c\u00e1maras, todos estos micr\u00f3fonos? <\/p>\n<\/div>\n<div dir=\"ltr\" class=\"bbc-19j92fr ebmt73l0\" readability=\"10\">\n<p dir=\"ltr\" class=\"bbc-hhl7in e17g058b0\">En la pr\u00e1ctica, est\u00e1bamos esperando que un militar o miembro de la familia saliera a dar declaraciones, cualesquiera que \u00e9stas fueran.<\/p>\n<\/div>\n<div dir=\"ltr\" class=\"bbc-19j92fr ebmt73l0\" readability=\"13\">\n<p dir=\"ltr\" class=\"bbc-hhl7in e17g058b0\">Tenemos urgencia por entender c\u00f3mo pudo ser que cuatro ni\u00f1os de 13, 9, 4 y 1 a\u00f1os de edad sobrevivieran 40 d\u00edas en una de las selvas m\u00e1s remotas, h\u00famedas y salvajes del mundo, despu\u00e9s de un accidente que mat\u00f3 a su madre y a otros dos adultos. <\/p>\n<\/div>\n<div dir=\"ltr\" class=\"bbc-19j92fr ebmt73l0\" readability=\"12\">\n<p dir=\"ltr\" class=\"bbc-hhl7in e17g058b0\">Qu\u00e9 comieron, c\u00f3mo se relacionaron entre ellos, c\u00f3mo se defendieron de los animales, la oscuridad, la lluvia incesante.<\/p>\n<\/div>\n<div dir=\"ltr\" class=\"bbc-19j92fr ebmt73l0\" readability=\"10\">\n<p dir=\"ltr\" class=\"bbc-hhl7in e17g058b0\">A medida que he investigado esta historia<b> he descubierto que hay mucho que <\/b><b>probablemente <\/b><b>n<\/b><b>unca<\/b><b> vamos a saber. <\/b><b>Pero m<\/b><b>ucho<\/b><b> es,<\/b><b> tambi\u00e9n, lo que podemos entender de Colombia. <\/b><\/p>\n<\/div>\n<div dir=\"ltr\" class=\"bbc-19j92fr ebmt73l0\" readability=\"14\">\n<p dir=\"ltr\" class=\"bbc-hhl7in e17g058b0\">Son ni\u00f1os, para empezar, que crecieron en un mundo particular, mediado por los efectos del colonialismo y el conflicto armado. Hijos de una familia dividida, enfrentada. Pertenecientes a los uitoto, una comunidad que ha estado al borde de la extinci\u00f3n varias veces.<\/p>\n<\/div>\n<div dir=\"ltr\" class=\"bbc-19j92fr ebmt73l0\" readability=\"8\">\n<p dir=\"ltr\" class=\"bbc-hhl7in e17g058b0\">Ni\u00f1os que apenas est\u00e1n aprendiendo espa\u00f1ol. Y nosotros queremos que nos cuenten con lujo de detalles cada d\u00eda de su paso por la selva.<\/p>\n<\/div>\n<div dir=\"ltr\" class=\"bbc-19j92fr ebmt73l0\" readability=\"12\">\n<p dir=\"ltr\" class=\"bbc-hhl7in e17g058b0\">\u00abYo s\u00e9 que es dif\u00edcil de entender que fue la selva quien los salv\u00f3\u00bb, me dijo Alex Rufino, un experto en supervivencia en la Amazon\u00eda, sobre los saberes ancestrales de relaci\u00f3n con la naturaleza que pudieron haberle sido \u00fatiles a los ni\u00f1os. <\/p>\n<\/div>\n<div dir=\"ltr\" class=\"bbc-19j92fr ebmt73l0\" readability=\"13\">\n<p dir=\"ltr\" class=\"bbc-hhl7in e17g058b0\">Tambi\u00e9n habl\u00e9 con soldados del ej\u00e9rcito. Me contaron que se lesionaron, que los picaron las garrapatas, que se cayeron, que sufrieron como nunca en una selva tan h\u00fameda que el fuego no prende, tan densa que las br\u00fajulas se descalibran.<\/p>\n<\/div>\n<div dir=\"ltr\" class=\"bbc-1ka88fa ebmt73l0\">\n<figure class=\"bbc-1qdcvv9 e1aczekt0\">\n<div dir=\"ltr\" class=\"bbc-172p16q ebmt73l0\">\n<div dir=\"ltr\" class=\"bbc-189y18v ebmt73l0\" readability=\"6.5\">\n<div data-e2e=\"image-placeholder\" class=\"bbc-997y1y eihqrxw0\" readability=\"8\"><noscript><img loading=\"lazy\" sizes=\"(min-width: 1008px) 645px, 100vw\" srcset=\"http:\/\/nuevacordoba.net\/wp-content\/uploads\/2023\/06\/los-contrastes-de-colombia-que-revela-la-historia-de-los-ninos-indigenas-que-estuvieron-perdidos-en-la-selva-14.jpg 240w, http:\/\/nuevacordoba.net\/wp-content\/uploads\/2023\/06\/los-contrastes-de-colombia-que-revela-la-historia-de-los-ninos-indigenas-que-estuvieron-perdidos-en-la-selva-15.jpg 320w, http:\/\/nuevacordoba.net\/wp-content\/uploads\/2023\/06\/los-contrastes-de-colombia-que-revela-la-historia-de-los-ninos-indigenas-que-estuvieron-perdidos-en-la-selva-16.jpg 480w, http:\/\/nuevacordoba.net\/wp-content\/uploads\/2023\/06\/los-contrastes-de-colombia-que-revela-la-historia-de-los-ninos-indigenas-que-estuvieron-perdidos-en-la-selva-17.jpg 624w, http:\/\/nuevacordoba.net\/wp-content\/uploads\/2023\/06\/los-contrastes-de-colombia-que-revela-la-historia-de-los-ninos-indigenas-que-estuvieron-perdidos-en-la-selva-18.jpg 800w\" src=\"http:\/\/nuevacordoba.net\/wp-content\/uploads\/2023\/06\/los-contrastes-de-colombia-que-revela-la-historia-de-los-ninos-indigenas-que-estuvieron-perdidos-en-la-selva-1.jpg\" alt=\"Militares se toman fotos con los menores considerados perdidos en la selva de colombia\" width=\"976\" height=\"549\" class=\"e3vrtyk0 bbc-rb7xa0 e1mo64ex0\"><\/noscript><\/p>\n<p role=\"text\" class=\"bbc-1s1cxbv ewbcsnk0\"><span class=\"bbc-m04vo2\">Fuente de la imagen, <\/span><span lang=\"en-GB\">Reuters<\/span><\/p>\n<\/div>\n<\/div>\n<div dir=\"ltr\" class=\"bbc-3edg7g ebmt73l0\" readability=\"6\"><figcaption dir=\"ltr\" class=\"bbc-rhuvwm e6i104o0\" readability=\"2\"><span class=\"bbc-m04vo2\">Pie de foto, <\/span><\/p>\n<p>Una in\u00e9dita alianza entre militares e ind\u00edgenas encontr\u00f3 a los ni\u00f1os.<\/p>\n<\/figcaption><\/div>\n<\/div>\n<\/figure>\n<\/div>\n<div dir=\"ltr\" class=\"bbc-19j92fr ebmt73l0\" readability=\"17\">\n<p dir=\"ltr\" class=\"bbc-hhl7in e17g058b0\">Luego, Fabi\u00e1n Mulcue, un ind\u00edgena de otra regi\u00f3n, el Cauca, que estuvo en el operativo, me dijo que no entend\u00eda c\u00f3mo pudo ser que 200 soldados del ej\u00e9rcito m\u00e1s avanzado de Am\u00e9rica Latina, ayudados por otros 100 guardias ind\u00edgenas, no lograran encontrarlos en 40 d\u00edas. O lo que es m\u00e1s interesante: que los hubieran encontrado en un lugar donde ya hab\u00edan buscado. <\/p>\n<\/div>\n<div dir=\"ltr\" class=\"bbc-19j92fr ebmt73l0\" readability=\"14\">\n<p dir=\"ltr\" class=\"bbc-hhl7in e17g058b0\">La raz\u00f3n, me dijo, es que, seg\u00fan los abuelos uitoto, los duendes de la selva los estaban escondiendo. \u00bfQu\u00e9 duendes?, le pregunt\u00e9. Y respondi\u00f3 con toda certeza que en la selva hay esp\u00edritus que se encarnan en personas y animales. <\/p>\n<\/div>\n<div dir=\"ltr\" class=\"bbc-19j92fr ebmt73l0\" readability=\"11\">\n<p dir=\"ltr\" class=\"bbc-hhl7in e17g058b0\">Hay algo de nuestra lectura occidental y urbana de Colombia, de la necesidad de que todo encaje en una narrativa hollywoodesca, que nos aleja de lo que realmente pas\u00f3. Que nos pone de frente a un pa\u00eds de contrastes.<\/p>\n<\/div>\n<div dir=\"ltr\" class=\"bbc-19j92fr ebmt73l0\" readability=\"7\">\n<p dir=\"ltr\" class=\"bbc-hhl7in e17g058b0\">Pero hay algo tambi\u00e9n de esta historia que ofrece pistas sobre este pa\u00eds. <\/p>\n<\/div>\n<div dir=\"ltr\" class=\"bbc-1ka88fa ebmt73l0\">\n<figure class=\"bbc-1qdcvv9 e1aczekt0\">\n<div dir=\"ltr\" class=\"bbc-172p16q ebmt73l0\">\n<div dir=\"ltr\" class=\"bbc-189y18v ebmt73l0\" readability=\"6.5\">\n<div data-e2e=\"image-placeholder\" class=\"bbc-997y1y eihqrxw0\" readability=\"8\"><noscript><img loading=\"lazy\" sizes=\"(min-width: 1008px) 645px, 100vw\" srcset=\"http:\/\/nuevacordoba.net\/wp-content\/uploads\/2023\/06\/los-contrastes-de-colombia-que-revela-la-historia-de-los-ninos-indigenas-que-estuvieron-perdidos-en-la-selva-19.jpg 240w, http:\/\/nuevacordoba.net\/wp-content\/uploads\/2023\/06\/los-contrastes-de-colombia-que-revela-la-historia-de-los-ninos-indigenas-que-estuvieron-perdidos-en-la-selva-20.jpg 320w, http:\/\/nuevacordoba.net\/wp-content\/uploads\/2023\/06\/los-contrastes-de-colombia-que-revela-la-historia-de-los-ninos-indigenas-que-estuvieron-perdidos-en-la-selva-21.jpg 480w, http:\/\/nuevacordoba.net\/wp-content\/uploads\/2023\/06\/los-contrastes-de-colombia-que-revela-la-historia-de-los-ninos-indigenas-que-estuvieron-perdidos-en-la-selva-22.jpg 624w, http:\/\/nuevacordoba.net\/wp-content\/uploads\/2023\/06\/los-contrastes-de-colombia-que-revela-la-historia-de-los-ninos-indigenas-que-estuvieron-perdidos-en-la-selva-2.jpg 640w\" src=\"http:\/\/nuevacordoba.net\/wp-content\/uploads\/2023\/06\/los-contrastes-de-colombia-que-revela-la-historia-de-los-ninos-indigenas-que-estuvieron-perdidos-en-la-selva-2.jpg\" alt=\"Colombia\" width=\"640\" height=\"360\" class=\"e3vrtyk0 bbc-rb7xa0 e1mo64ex0\"><\/noscript><\/p>\n<p role=\"text\" class=\"bbc-1s1cxbv ewbcsnk0\"><span class=\"bbc-m04vo2\">Fuente de la imagen, <\/span><span lang=\"en-GB\">Reuters<\/span><\/p>\n<\/div>\n<\/div>\n<div dir=\"ltr\" class=\"bbc-3edg7g ebmt73l0\" readability=\"6\"><figcaption dir=\"ltr\" class=\"bbc-rhuvwm e6i104o0\" readability=\"2\"><span class=\"bbc-m04vo2\">Pie de foto, <\/span><\/p>\n<p>Un ind\u00edgena con un mimembro de los servicios sociales de Colombia tras el rescate de los ni\u00f1os.<\/p>\n<\/figcaption><\/div>\n<\/div>\n<\/figure>\n<\/div>\n<p><h2 id=\"Una-geograf\u00eda-privilegiada-y-condenada-\" tabindex=\"-1\" class=\"bbc-1f03ibc eglt09e0\">Una geograf\u00eda privilegiada y condenada <\/h2>\n<\/p>\n<div dir=\"ltr\" class=\"bbc-19j92fr ebmt73l0\" readability=\"10\">\n<p dir=\"ltr\" class=\"bbc-hhl7in e17g058b0\">Una primera es que los colombianos seguimos sin entender la manera profunda en que la geograf\u00eda, y la ignorancia sobre la misma, nos marca. <\/p>\n<\/div>\n<div dir=\"ltr\" class=\"bbc-19j92fr ebmt73l0\" readability=\"12\">\n<p dir=\"ltr\" class=\"bbc-hhl7in e17g058b0\">No es que sea f\u00e1cil. El territorio est\u00e1 atravesado por tres cordilleras colosales. Hay desiertos, sabanas, litorales de dos oc\u00e9anos y, por supuesto, varios tipos de selva. <\/p>\n<\/div>\n<div dir=\"ltr\" class=\"bbc-19j92fr ebmt73l0\" readability=\"8\">\n<p dir=\"ltr\" class=\"bbc-hhl7in e17g058b0\">Dec\u00eda Mulcue que \u00ab<b>mirar esa selva desde el aire es como mirar el cielo, porque es infinita<\/b>\u00ab. <\/p>\n<\/div>\n<div dir=\"ltr\" class=\"bbc-19j92fr ebmt73l0\" readability=\"9\">\n<p dir=\"ltr\" class=\"bbc-hhl7in e17g058b0\">Colombia es el pa\u00eds m\u00e1s biodiverso del mundo por metro cuadrado. Mucho de lo que compone al mundo est\u00e1 aqu\u00ed, todo ape\u00f1uscado. <\/p>\n<\/div>\n<div dir=\"ltr\" class=\"bbc-1ka88fa ebmt73l0\">\n<figure class=\"bbc-1qdcvv9 e1aczekt0\">\n<div dir=\"ltr\" class=\"bbc-172p16q ebmt73l0\">\n<div dir=\"ltr\" class=\"bbc-189y18v ebmt73l0\" readability=\"6.5\">\n<div data-e2e=\"image-placeholder\" class=\"bbc-997y1y eihqrxw0\" readability=\"8\"><noscript><img loading=\"lazy\" sizes=\"(min-width: 1008px) 645px, 100vw\" srcset=\"http:\/\/nuevacordoba.net\/wp-content\/uploads\/2023\/06\/los-contrastes-de-colombia-que-revela-la-historia-de-los-ninos-indigenas-que-estuvieron-perdidos-en-la-selva-23.jpg 240w, http:\/\/nuevacordoba.net\/wp-content\/uploads\/2023\/06\/los-contrastes-de-colombia-que-revela-la-historia-de-los-ninos-indigenas-que-estuvieron-perdidos-en-la-selva-24.jpg 320w, http:\/\/nuevacordoba.net\/wp-content\/uploads\/2023\/06\/los-contrastes-de-colombia-que-revela-la-historia-de-los-ninos-indigenas-que-estuvieron-perdidos-en-la-selva-25.jpg 480w, http:\/\/nuevacordoba.net\/wp-content\/uploads\/2023\/06\/los-contrastes-de-colombia-que-revela-la-historia-de-los-ninos-indigenas-que-estuvieron-perdidos-en-la-selva-26.jpg 624w, http:\/\/nuevacordoba.net\/wp-content\/uploads\/2023\/06\/los-contrastes-de-colombia-que-revela-la-historia-de-los-ninos-indigenas-que-estuvieron-perdidos-en-la-selva-27.jpg 800w\" src=\"http:\/\/nuevacordoba.net\/wp-content\/uploads\/2023\/06\/los-contrastes-de-colombia-que-revela-la-historia-de-los-ninos-indigenas-que-estuvieron-perdidos-en-la-selva-3.jpg\" alt=\"El pap\u00e1 de los ni\u00f1os y la prensa al frente del hospital militar.\" width=\"976\" height=\"549\" class=\"e3vrtyk0 bbc-rb7xa0 e1mo64ex0\"><\/noscript><\/p>\n<p role=\"text\" class=\"bbc-1s1cxbv ewbcsnk0\"><span class=\"bbc-m04vo2\">Fuente de la imagen, <\/span><span lang=\"en-GB\">Getty Images<\/span><\/p>\n<\/div>\n<\/div>\n<div dir=\"ltr\" class=\"bbc-3edg7g ebmt73l0\" readability=\"6\"><figcaption dir=\"ltr\" class=\"bbc-rhuvwm e6i104o0\" readability=\"2\"><span class=\"bbc-m04vo2\">Pie de foto, <\/span><\/p>\n<p>El pap\u00e1 de los ni\u00f1os y la prensa coincidieron al frente del Hospital Militar.<\/p>\n<\/figcaption><\/div>\n<\/div>\n<\/figure>\n<\/div>\n<div dir=\"ltr\" class=\"bbc-19j92fr ebmt73l0\" readability=\"11\">\n<p dir=\"ltr\" class=\"bbc-hhl7in e17g058b0\">Hay, por supuesto, decenas de estudiosos de la geograf\u00eda colombiana, entidades estatales que buscan salvaguardarla y artistas y cineastas preocupados por darla a conocer. <\/p>\n<\/div>\n<div dir=\"ltr\" class=\"bbc-19j92fr ebmt73l0\" readability=\"13\">\n<p dir=\"ltr\" class=\"bbc-hhl7in e17g058b0\">Pero, en t\u00e9rminos generales, el desarrollo en Colombia se ha dado de espaldas a estos territorios. En ellos vive la gente m\u00e1s pobre, su conexi\u00f3n con el resto del pa\u00eds es precaria -si no mortal- y la presencia estatal es insuficiente, para ventaja de los grupos armados. <\/p>\n<\/div>\n<div dir=\"ltr\" class=\"bbc-19j92fr ebmt73l0\" readability=\"8\">\n<p dir=\"ltr\" class=\"bbc-hhl7in e17g058b0\">Hasta hace poco los gobernantes colombianos vieron la biodiversidad como un obst\u00e1culo m\u00e1s que como un recurso para el desarrollo. Sus efectos se ven hoy. <\/p>\n<\/div>\n<div dir=\"ltr\" class=\"bbc-19j92fr ebmt73l0\" readability=\"15\">\n<p dir=\"ltr\" class=\"bbc-hhl7in e17g058b0\">Por eso no entendemos esta selva. Por eso los colombianos somos tan ignorantes de esta historia como cualquier extranjero. Por eso<b> les exigimos a los ni\u00f1os explicaciones concretas, mundanas, apegadas a nuestras comodidades y cosmovisiones<\/b>, cuando para ellos, como me dijo Rufino, \u00abperderse en la selva es una actividad com\u00fan\u00bb. <\/p>\n<\/div>\n<div dir=\"ltr\" class=\"bbc-1ka88fa ebmt73l0\">\n<figure class=\"bbc-1qdcvv9 e1aczekt0\">\n<div dir=\"ltr\" class=\"bbc-172p16q ebmt73l0\">\n<div dir=\"ltr\" class=\"bbc-189y18v ebmt73l0\" readability=\"6.5\">\n<div data-e2e=\"image-placeholder\" class=\"bbc-997y1y eihqrxw0\" readability=\"8\"><noscript><img loading=\"lazy\" sizes=\"(min-width: 1008px) 645px, 100vw\" srcset=\"http:\/\/nuevacordoba.net\/wp-content\/uploads\/2023\/06\/los-contrastes-de-colombia-que-revela-la-historia-de-los-ninos-indigenas-que-estuvieron-perdidos-en-la-selva-28.jpg 240w, http:\/\/nuevacordoba.net\/wp-content\/uploads\/2023\/06\/los-contrastes-de-colombia-que-revela-la-historia-de-los-ninos-indigenas-que-estuvieron-perdidos-en-la-selva-29.jpg 320w, http:\/\/nuevacordoba.net\/wp-content\/uploads\/2023\/06\/los-contrastes-de-colombia-que-revela-la-historia-de-los-ninos-indigenas-que-estuvieron-perdidos-en-la-selva-30.jpg 480w, http:\/\/nuevacordoba.net\/wp-content\/uploads\/2023\/06\/los-contrastes-de-colombia-que-revela-la-historia-de-los-ninos-indigenas-que-estuvieron-perdidos-en-la-selva-31.jpg 624w, http:\/\/nuevacordoba.net\/wp-content\/uploads\/2023\/06\/los-contrastes-de-colombia-que-revela-la-historia-de-los-ninos-indigenas-que-estuvieron-perdidos-en-la-selva-32.jpg 800w\" src=\"http:\/\/nuevacordoba.net\/wp-content\/uploads\/2023\/06\/los-contrastes-de-colombia-que-revela-la-historia-de-los-ninos-indigenas-que-estuvieron-perdidos-en-la-selva-4.jpg\" alt=\"Geograf\u00eda de Colombia\" width=\"976\" height=\"549\" class=\"e3vrtyk0 bbc-rb7xa0 e1mo64ex0\"><\/noscript><\/p>\n<p role=\"text\" class=\"bbc-1s1cxbv ewbcsnk0\"><span class=\"bbc-m04vo2\">Fuente de la imagen, <\/span><span lang=\"en-GB\">Getty Images<\/span><\/p>\n<\/div>\n<\/div>\n<div dir=\"ltr\" class=\"bbc-3edg7g ebmt73l0\" readability=\"7.5\"><figcaption dir=\"ltr\" class=\"bbc-rhuvwm e6i104o0\" readability=\"5\"><span class=\"bbc-m04vo2\">Pie de foto, <\/span><\/p>\n<p>Ser\u00e1 hermosa, pero la geograf\u00eda de Colombia es, tambi\u00e9n, temible.<\/p>\n<\/figcaption><\/div>\n<\/div>\n<\/figure>\n<\/div>\n<p><h2 id=\"La-diversidad-cultural-que-no-se-defiende-\" tabindex=\"-1\" class=\"bbc-1f03ibc eglt09e0\">La diversidad cultural que no se defiende <\/h2>\n<\/p>\n<div dir=\"ltr\" class=\"bbc-19j92fr ebmt73l0\" readability=\"8\">\n<p dir=\"ltr\" class=\"bbc-hhl7in e17g058b0\">El caso tambi\u00e9n pone a los colombianos frente a otro de sus eternos dilemas: la diversidad cultural. <\/p>\n<\/div>\n<div dir=\"ltr\" class=\"bbc-19j92fr ebmt73l0\" readability=\"12\">\n<p dir=\"ltr\" class=\"bbc-hhl7in e17g058b0\">Al ser un pa\u00eds tan fragmentado, cada regi\u00f3n se desarroll\u00f3 como una naci\u00f3n en s\u00ed misma, a veces en oposici\u00f3n a la cultura de al lado. <b>Ac\u00e1 hay tantas etnias como en India<\/b>, pa\u00eds tres veces m\u00e1s grande y 30 veces m\u00e1s poblado.<\/p>\n<\/div>\n<div dir=\"ltr\" class=\"bbc-19j92fr ebmt73l0\" readability=\"13\">\n<p dir=\"ltr\" class=\"bbc-hhl7in e17g058b0\">El car\u00e1cter pluricultural de los colombianos se ha intentado formalizar y respetar de varias maneras, entre ellas una progresista Constituci\u00f3n que quiso, en 1991, casi 200 a\u00f1os despu\u00e9s de la fundaci\u00f3n del pa\u00eds, darles derechos y voz a poblaciones marginadas como los uitoto. <\/p>\n<\/div>\n<div dir=\"ltr\" class=\"bbc-19j92fr ebmt73l0\" readability=\"8\">\n<p dir=\"ltr\" class=\"bbc-hhl7in e17g058b0\">En realidad, estas comunidades siguen exiliadas dentro del territorio nacional. <\/p>\n<\/div>\n<div dir=\"ltr\" class=\"bbc-1ka88fa ebmt73l0\">\n<figure class=\"bbc-1qdcvv9 e1aczekt0\">\n<div dir=\"ltr\" class=\"bbc-172p16q ebmt73l0\">\n<div dir=\"ltr\" class=\"bbc-189y18v ebmt73l0\" readability=\"6.5\">\n<div data-e2e=\"image-placeholder\" class=\"bbc-997y1y eihqrxw0\" readability=\"8\"><noscript><img loading=\"lazy\" sizes=\"(min-width: 1008px) 645px, 100vw\" srcset=\"http:\/\/nuevacordoba.net\/wp-content\/uploads\/2023\/06\/los-contrastes-de-colombia-que-revela-la-historia-de-los-ninos-indigenas-que-estuvieron-perdidos-en-la-selva-33.jpg 240w, http:\/\/nuevacordoba.net\/wp-content\/uploads\/2023\/06\/los-contrastes-de-colombia-que-revela-la-historia-de-los-ninos-indigenas-que-estuvieron-perdidos-en-la-selva-34.jpg 320w, http:\/\/nuevacordoba.net\/wp-content\/uploads\/2023\/06\/los-contrastes-de-colombia-que-revela-la-historia-de-los-ninos-indigenas-que-estuvieron-perdidos-en-la-selva-35.jpg 480w, http:\/\/nuevacordoba.net\/wp-content\/uploads\/2023\/06\/los-contrastes-de-colombia-que-revela-la-historia-de-los-ninos-indigenas-que-estuvieron-perdidos-en-la-selva-36.jpg 624w, http:\/\/nuevacordoba.net\/wp-content\/uploads\/2023\/06\/los-contrastes-de-colombia-que-revela-la-historia-de-los-ninos-indigenas-que-estuvieron-perdidos-en-la-selva-37.jpg 800w\" src=\"http:\/\/nuevacordoba.net\/wp-content\/uploads\/2023\/06\/los-contrastes-de-colombia-que-revela-la-historia-de-los-ninos-indigenas-que-estuvieron-perdidos-en-la-selva-5.jpg\" alt=\"Amazonia colombiana\" width=\"976\" height=\"549\" class=\"e3vrtyk0 bbc-rb7xa0 e1mo64ex0\"><\/noscript><\/p>\n<p role=\"text\" class=\"bbc-1s1cxbv ewbcsnk0\"><span class=\"bbc-m04vo2\">Fuente de la imagen, <\/span><span lang=\"en-GB\">Getty Images<\/span><\/p>\n<\/div>\n<\/div>\n<div dir=\"ltr\" class=\"bbc-3edg7g ebmt73l0\" readability=\"7.5\"><figcaption dir=\"ltr\" class=\"bbc-rhuvwm e6i104o0\" readability=\"5\"><span class=\"bbc-m04vo2\">Pie de foto, <\/span><\/p>\n<p>Seg\u00fan el \u00faltimo censo de poblaci\u00f3n, realizado en 2018, en la Amazon\u00eda colombiana viven 335.260 personas. Hay 64 pueblos ind\u00edgenas y m\u00e1s de 1.300 comunidades.<\/p>\n<\/figcaption><\/div>\n<\/div>\n<\/figure>\n<\/div>\n<div dir=\"ltr\" class=\"bbc-19j92fr ebmt73l0\" readability=\"11\">\n<p dir=\"ltr\" class=\"bbc-hhl7in e17g058b0\">Estos cuatro ni\u00f1os y su madre estaban huyendo de algo en ese avi\u00f3n. No sabemos exactamente de qu\u00e9, si de la violencia familiar o pol\u00edtica, pero emprendieron un viaje para fugarse del mundo al que pertenecen. <\/p>\n<\/div>\n<div dir=\"ltr\" class=\"bbc-19j92fr ebmt73l0\" readability=\"10\">\n<p dir=\"ltr\" class=\"bbc-hhl7in e17g058b0\">Es una historia com\u00fan en el mundo ind\u00edgena, donde las cifras de suicidios han aumentado en a\u00f1os recientes a cuenta del reclutamiento forzado por grupos armados o la necesidad de migrar a la ciudad.<\/p>\n<\/div>\n<div dir=\"ltr\" class=\"bbc-19j92fr ebmt73l0\" readability=\"11\">\n<p dir=\"ltr\" class=\"bbc-hhl7in e17g058b0\"><b>Solo en el Choc\u00f3, en el Pac\u00edfico, 15 ind\u00edgenas se suicidaron en lo que va de este a\u00f1o<\/b>, seg\u00fan cifras oficiales. <\/p>\n<\/div>\n<div dir=\"ltr\" class=\"bbc-19j92fr ebmt73l0\" readability=\"12\">\n<p dir=\"ltr\" class=\"bbc-hhl7in e17g058b0\">Entonces estos cuatro ni\u00f1os estaban intentando salvarse de un entorno violento, marcado por una miner\u00eda que contamina sus r\u00edos de mercurio y una desforestaci\u00f3n que remplaza sus plantas por ganado y palma, y en el camino se encontraron otro de los viejos problemas de Colombia: la incompetencia de la infraestructura del transporte. <\/p>\n<\/div>\n<div dir=\"ltr\" class=\"bbc-19j92fr ebmt73l0\" readability=\"9\">\n<p dir=\"ltr\" class=\"bbc-hhl7in e17g058b0\">Ahora su casa es el Hospital Militar. La custodia la tiene el Bienestar Familiar, una agencia estatal. Medio pa\u00eds se pregunta qu\u00e9 es lo mejor para ellos: qui\u00e9n su mejor custodio.<\/p>\n<\/div>\n<div dir=\"ltr\" class=\"bbc-19j92fr ebmt73l0\" readability=\"11\">\n<p dir=\"ltr\" class=\"bbc-hhl7in e17g058b0\">Nacieron en la selva y el resto de su vida, probablemente, ser\u00e1 en la ciudad, alejados de las costumbres de sus ancestros.<\/p>\n<\/div>\n<div dir=\"ltr\" class=\"bbc-19j92fr ebmt73l0\" readability=\"10\">\n<p dir=\"ltr\" class=\"bbc-hhl7in e17g058b0\">Se les viene un shock cultural que, en este pa\u00eds de desplazados internos, les ocurre todos los d\u00edas a cientos de personas. <\/p>\n<\/div>\n<div class=\"bbc-sffzb7 e1hrqbfn0\">\n<div dir=\"ltr\" class=\"bbc-1ka88fa ebmt73l0\">\n<figure class=\"bbc-1qdcvv9 e1aczekt0\">\n<div dir=\"ltr\" class=\"bbc-172p16q ebmt73l0\">\n<div dir=\"ltr\" class=\"bbc-189y18v ebmt73l0\" readability=\"6.5\">\n<div data-e2e=\"image-placeholder\" class=\"bbc-997y1y eihqrxw0\" readability=\"8\"><noscript><img loading=\"lazy\" sizes=\"(min-width: 1008px) 645px, 100vw\" srcset=\"http:\/\/nuevacordoba.net\/wp-content\/uploads\/2023\/06\/los-contrastes-de-colombia-que-revela-la-historia-de-los-ninos-indigenas-que-estuvieron-perdidos-en-la-selva-38.jpg 240w, http:\/\/nuevacordoba.net\/wp-content\/uploads\/2023\/06\/los-contrastes-de-colombia-que-revela-la-historia-de-los-ninos-indigenas-que-estuvieron-perdidos-en-la-selva-39.jpg 320w, http:\/\/nuevacordoba.net\/wp-content\/uploads\/2023\/06\/los-contrastes-de-colombia-que-revela-la-historia-de-los-ninos-indigenas-que-estuvieron-perdidos-en-la-selva-40.jpg 480w, http:\/\/nuevacordoba.net\/wp-content\/uploads\/2023\/06\/los-contrastes-de-colombia-que-revela-la-historia-de-los-ninos-indigenas-que-estuvieron-perdidos-en-la-selva-41.jpg 624w, http:\/\/nuevacordoba.net\/wp-content\/uploads\/2023\/06\/los-contrastes-de-colombia-que-revela-la-historia-de-los-ninos-indigenas-que-estuvieron-perdidos-en-la-selva-42.jpg 800w\" src=\"http:\/\/nuevacordoba.net\/wp-content\/uploads\/2023\/06\/los-contrastes-de-colombia-que-revela-la-historia-de-los-ninos-indigenas-que-estuvieron-perdidos-en-la-selva-6.jpg\" alt=\"Indigenas en la calle en Colombisa\" width=\"976\" height=\"549\" class=\"e3vrtyk0 bbc-rb7xa0 e1mo64ex0\"><\/noscript><\/p>\n<p role=\"text\" class=\"bbc-1s1cxbv ewbcsnk0\"><span class=\"bbc-m04vo2\">Fuente de la imagen, <\/span><span lang=\"en-GB\">Getty Images<\/span><\/p>\n<\/div>\n<\/div>\n<div dir=\"ltr\" class=\"bbc-3edg7g ebmt73l0\" readability=\"6.5\"><figcaption dir=\"ltr\" class=\"bbc-rhuvwm e6i104o0\" readability=\"3\"><span class=\"bbc-m04vo2\">Pie de foto, <\/span><\/p>\n<p>Muchos grupos ind\u00edgenas en Colombia son forzados a migrar a la ciudad por la violencia. Llegan y deben acampar en la calle.<\/p>\n<\/figcaption><\/div>\n<\/div>\n<\/figure>\n<\/div>\n<\/div>\n<p><h2 id=\"Una-cooperaci\u00f3n-posible-\" tabindex=\"-1\" class=\"bbc-1f03ibc eglt09e0\">Una cooperaci\u00f3n posible <\/h2>\n<\/p>\n<div dir=\"ltr\" class=\"bbc-19j92fr ebmt73l0\" readability=\"8\">\n<p dir=\"ltr\" class=\"bbc-hhl7in e17g058b0\">Pero el caso de los uitoto perdidos pone a los colombianos ante una tercera evidencia: que pueden trabajar juntos. <\/p>\n<\/div>\n<div dir=\"ltr\" class=\"bbc-19j92fr ebmt73l0\" readability=\"11\">\n<p dir=\"ltr\" class=\"bbc-hhl7in e17g058b0\">El operativo de rescate de los ni\u00f1os cont\u00f3 con una alianza hist\u00f3rica: por primera vez, los saberes del Ej\u00e9rcito se articularon con los de la Guardia Ind\u00edgena, una organizaci\u00f3n de car\u00e1cter nacional que re\u00fane decenas de comunidades. <\/p>\n<\/div>\n<div dir=\"ltr\" class=\"bbc-19j92fr ebmt73l0\" readability=\"9\">\n<p dir=\"ltr\" class=\"bbc-hhl7in e17g058b0\">Los soldados aprendieron de plantas y animales; los ind\u00edgenas de planificaci\u00f3n, geolocalizaci\u00f3n y comunicaci\u00f3n. <\/p>\n<\/div>\n<div dir=\"ltr\" class=\"bbc-19j92fr ebmt73l0\" readability=\"11\">\n<p dir=\"ltr\" class=\"bbc-hhl7in e17g058b0\">Durante los \u00faltimos a\u00f1os, la Guardia Ind\u00edgena se adhiri\u00f3 a las protestas sociales. Eran protectores y manifestantes. Alguna vez se enfrentaron a la polic\u00eda; alguna otra, a la poblaci\u00f3n civil opuesta a las protestas. <\/p>\n<\/div>\n<div dir=\"ltr\" class=\"bbc-1ka88fa ebmt73l0\">\n<figure class=\"bbc-1qdcvv9 e1aczekt0\">\n<div dir=\"ltr\" class=\"bbc-172p16q ebmt73l0\">\n<div dir=\"ltr\" class=\"bbc-189y18v ebmt73l0\" readability=\"6.5\">\n<div data-e2e=\"image-placeholder\" class=\"bbc-997y1y eihqrxw0\" readability=\"8\"><noscript><img loading=\"lazy\" sizes=\"(min-width: 1008px) 645px, 100vw\" srcset=\"http:\/\/nuevacordoba.net\/wp-content\/uploads\/2023\/06\/los-contrastes-de-colombia-que-revela-la-historia-de-los-ninos-indigenas-que-estuvieron-perdidos-en-la-selva-43.jpg 240w, http:\/\/nuevacordoba.net\/wp-content\/uploads\/2023\/06\/los-contrastes-de-colombia-que-revela-la-historia-de-los-ninos-indigenas-que-estuvieron-perdidos-en-la-selva-44.jpg 320w, http:\/\/nuevacordoba.net\/wp-content\/uploads\/2023\/06\/los-contrastes-de-colombia-que-revela-la-historia-de-los-ninos-indigenas-que-estuvieron-perdidos-en-la-selva-45.jpg 480w, http:\/\/nuevacordoba.net\/wp-content\/uploads\/2023\/06\/los-contrastes-de-colombia-que-revela-la-historia-de-los-ninos-indigenas-que-estuvieron-perdidos-en-la-selva-46.jpg 624w, http:\/\/nuevacordoba.net\/wp-content\/uploads\/2023\/06\/los-contrastes-de-colombia-que-revela-la-historia-de-los-ninos-indigenas-que-estuvieron-perdidos-en-la-selva-47.jpg 800w\" src=\"http:\/\/nuevacordoba.net\/wp-content\/uploads\/2023\/06\/los-contrastes-de-colombia-que-revela-la-historia-de-los-ninos-indigenas-que-estuvieron-perdidos-en-la-selva-7.jpg\" alt=\"Guardia Indigena\" width=\"976\" height=\"549\" class=\"e3vrtyk0 bbc-rb7xa0 e1mo64ex0\"><\/noscript><\/p>\n<p role=\"text\" class=\"bbc-1s1cxbv ewbcsnk0\"><span class=\"bbc-m04vo2\">Fuente de la imagen, <\/span><span lang=\"en-GB\">Getty Images<\/span><\/p>\n<\/div>\n<\/div>\n<div dir=\"ltr\" class=\"bbc-3edg7g ebmt73l0\" readability=\"7.5\"><figcaption dir=\"ltr\" class=\"bbc-rhuvwm e6i104o0\" readability=\"5\"><span class=\"bbc-m04vo2\">Pie de foto, <\/span><\/p>\n<p>Aunque no tienen armas m\u00e1s que su bast\u00f3n de mando, la Guardia ind\u00edgena se form\u00f3 para defender a las comunidades de la amenaza guerrillera, paramilitar y del Estado.<\/p>\n<\/figcaption><\/div>\n<\/div>\n<\/figure>\n<\/div>\n<div dir=\"ltr\" class=\"bbc-19j92fr ebmt73l0\" readability=\"11\">\n<p dir=\"ltr\" class=\"bbc-hhl7in e17g058b0\">Hay algo del lugar que defienden, la ruralidad, que inevitablemente los pone del lado de las guerrillas, as\u00ed no las apoyen.<\/p>\n<\/div>\n<div dir=\"ltr\" class=\"bbc-19j92fr ebmt73l0\" readability=\"9\">\n<p dir=\"ltr\" class=\"bbc-hhl7in e17g058b0\">Muchos en la derecha los consideran \u00abla columna vertebral de las guerrillas\u00bb, un \u00abgrupo terrorista\u00bb que supuestamente usa los derechos constitucionales como fachada para delinquir. <\/p>\n<\/div>\n<div dir=\"ltr\" class=\"bbc-19j92fr ebmt73l0\" readability=\"10\">\n<p dir=\"ltr\" class=\"bbc-hhl7in e17g058b0\">\u00abPero esta fue una oportunidad para darnos cuenta de que los que piensan as\u00ed son unos pocos\u00bb, me dijo el ind\u00edgena Malcue. \u00ab<b>Les han dicho <\/b><b>[<\/b><b>a los soldados<\/b><b>]<\/b><b> por a\u00f1os que no nos pueden hablar y ahora est\u00e1bamos comiendo juntos<\/b>\u00ab. <\/p>\n<\/div>\n<div dir=\"ltr\" class=\"bbc-19j92fr ebmt73l0\" readability=\"10\">\n<p dir=\"ltr\" class=\"bbc-hhl7in e17g058b0\">Colombia ha estado en guerra 200 a\u00f1os, pero es de los pocos pa\u00edses con apenas un conflicto internacional. El l\u00edo ac\u00e1 ha sido interno, entre locales. <\/p>\n<\/div>\n<div dir=\"ltr\" class=\"bbc-19j92fr ebmt73l0\" readability=\"9\">\n<p dir=\"ltr\" class=\"bbc-hhl7in e17g058b0\">Los colombianos nacieron divididos por naturaleza, luego lo estuvieron por cultura y casi siempre lo han estado por pol\u00edtica. <\/p>\n<\/div>\n<div dir=\"ltr\" class=\"bbc-19j92fr ebmt73l0\" readability=\"9\">\n<p dir=\"ltr\" class=\"bbc-hhl7in e17g058b0\">Los ejemplos se ven en cada rinc\u00f3n, pero pocos tan elocuentes como la diferencia entre el Ej\u00e9rcito y la Guardia Ind\u00edgena. <\/p>\n<\/div>\n<div dir=\"ltr\" class=\"bbc-19j92fr ebmt73l0\" readability=\"8\">\n<p dir=\"ltr\" class=\"bbc-hhl7in e17g058b0\">Ahora ellos<b> desafiaron esta vieja oposici\u00f3n<\/b> para salvar a cuatro ni\u00f1os que cre\u00edan extraviados en la selva. <\/p>\n<\/div>\n<div dir=\"ltr\" class=\"bbc-19j92fr ebmt73l0\" readability=\"10\">\n<p dir=\"ltr\" class=\"bbc-hhl7in e17g058b0\">Se escribi\u00f3 una historia distinta. Era esa, quiz\u00e1s, la que est\u00e1bamos buscando en la entrada del Hospital Militar. <\/p>\n<\/div>\n<div dir=\"ltr\" class=\"bbc-1ka88fa ebmt73l0\">\n<figure class=\"bbc-1qdcvv9 e1aczekt0\">\n<div dir=\"ltr\" class=\"bbc-172p16q ebmt73l0\">\n<div dir=\"ltr\" class=\"bbc-189y18v ebmt73l0\">\n<div data-e2e=\"image-placeholder\" class=\"bbc-997y1y eihqrxw0\"><noscript><img loading=\"lazy\" sizes=\"(min-width: 1008px) 645px, 100vw\" srcset=\"http:\/\/nuevacordoba.net\/wp-content\/uploads\/2023\/06\/los-contrastes-de-colombia-que-revela-la-historia-de-los-ninos-indigenas-que-estuvieron-perdidos-en-la-selva-48.jpg 240w, http:\/\/nuevacordoba.net\/wp-content\/uploads\/2023\/06\/los-contrastes-de-colombia-que-revela-la-historia-de-los-ninos-indigenas-que-estuvieron-perdidos-en-la-selva-49.jpg 320w, http:\/\/nuevacordoba.net\/wp-content\/uploads\/2023\/06\/los-contrastes-de-colombia-que-revela-la-historia-de-los-ninos-indigenas-que-estuvieron-perdidos-en-la-selva-50.jpg 464w\" src=\"http:\/\/nuevacordoba.net\/wp-content\/uploads\/2023\/06\/los-contrastes-de-colombia-que-revela-la-historia-de-los-ninos-indigenas-que-estuvieron-perdidos-en-la-selva-8.jpg\" alt=\"L\u00ednea\" width=\"464\" height=\"2\" class=\"e3vrtyk0 bbc-rb7xa0 e1mo64ex0\"><\/noscript><\/div>\n<\/div>\n<\/div>\n<\/figure>\n<\/div>\n<div dir=\"ltr\" class=\"bbc-19j92fr ebmt73l0\" readability=\"8\">\n<p dir=\"ltr\" class=\"bbc-hhl7in e17g058b0\"><i class=\"bbc-h1y5j7 eih42320\">Recuerda que <\/i><i class=\"bbc-h1y5j7 eih42320\">puedes recibir notificaciones de BBC Mundo. Descarga la nueva versi\u00f3n de nuestra app y act\u00edvalas para no perderte nuestro mejor contenido.<\/i><\/p>\n<\/div>\n","protected":false},"excerpt":{"rendered":"<p>Daniel Pardo Corresponsal de BBC Mundo en Colombia 6 horas Fuente de la imagen, Getty Images Pie de foto, Los ind\u00edgenas son, con los afrodescendientes, las poblaciones m\u00e1s pobres de Colombia. Cuando me par\u00e9 al frente del Hospital Militar de Bogot\u00e1, donde est\u00e1n los cuatro ni\u00f1os ind\u00edgenas rescatados tras 40 d\u00edas en la selva, me [&hellip;]<\/p>\n","protected":false},"author":1,"featured_media":33309,"comment_status":"closed","ping_status":"closed","sticky":false,"template":"","format":"standard","meta":[],"categories":[13],"tags":[],"_links":{"self":[{"href":"http:\/\/nuevacordoba.net\/index.php\/wp-json\/wp\/v2\/posts\/33308"}],"collection":[{"href":"http:\/\/nuevacordoba.net\/index.php\/wp-json\/wp\/v2\/posts"}],"about":[{"href":"http:\/\/nuevacordoba.net\/index.php\/wp-json\/wp\/v2\/types\/post"}],"author":[{"embeddable":true,"href":"http:\/\/nuevacordoba.net\/index.php\/wp-json\/wp\/v2\/users\/1"}],"replies":[{"embeddable":true,"href":"http:\/\/nuevacordoba.net\/index.php\/wp-json\/wp\/v2\/comments?post=33308"}],"version-history":[{"count":0,"href":"http:\/\/nuevacordoba.net\/index.php\/wp-json\/wp\/v2\/posts\/33308\/revisions"}],"wp:featuredmedia":[{"embeddable":true,"href":"http:\/\/nuevacordoba.net\/index.php\/wp-json\/wp\/v2\/media\/33309"}],"wp:attachment":[{"href":"http:\/\/nuevacordoba.net\/index.php\/wp-json\/wp\/v2\/media?parent=33308"}],"wp:term":[{"taxonomy":"category","embeddable":true,"href":"http:\/\/nuevacordoba.net\/index.php\/wp-json\/wp\/v2\/categories?post=33308"},{"taxonomy":"post_tag","embeddable":true,"href":"http:\/\/nuevacordoba.net\/index.php\/wp-json\/wp\/v2\/tags?post=33308"}],"curies":[{"name":"wp","href":"https:\/\/api.w.org\/{rel}","templated":true}]}}