{"id":33312,"date":"2023-06-14T18:37:09","date_gmt":"2023-06-14T18:37:09","guid":{"rendered":"http:\/\/nuevacordoba.net\/index.php\/2023\/06\/14\/la-hora-mas-dolorosa-del-seleccionado-argentino-en-los-mundiales-de-futbol\/"},"modified":"2023-06-14T18:37:09","modified_gmt":"2023-06-14T18:37:09","slug":"la-hora-mas-dolorosa-del-seleccionado-argentino-en-los-mundiales-de-futbol","status":"publish","type":"post","link":"http:\/\/nuevacordoba.net\/index.php\/2023\/06\/14\/la-hora-mas-dolorosa-del-seleccionado-argentino-en-los-mundiales-de-futbol\/","title":{"rendered":"La hora m\u00e1s dolorosa del seleccionado argentino en los Mundiales de f\u00fatbol"},"content":{"rendered":"<figure class=\"mb-3\"><img loading=\"lazy\" data-src=\"http:\/\/nuevacordoba.net\/wp-content\/uploads\/2023\/06\/la-hora-mas-dolorosa-del-seleccionado-argentino-en-los-mundiales-de-futbol.jpg\" src=\"https:\/\/www.telam.com.ar\/assets\/img\/not_image.png\" class=\" lazy \" width=\"100%\" height=\"100%\" alt=\"El Desastre de Suecia \"><figcaption> \u00abEl Desastre de Suecia\u00bb. <\/figcaption><\/figure>\n<p>Cuando todav\u00eda no gozaba del rodaje ni la competencia con otros rivales que no fuesen los estrictos que enfrentaba en el continente, el seleccionado argentino de f\u00fatbol vivi\u00f3 hace 65 a\u00f1os su hora m\u00e1s dolorosa.<\/p>\n<p>Ocurri\u00f3 un 15 de junio de 1958 en la ciudad de Helsinborg. La catastr\u00f3fica derrota en la Copa del Mundo qued\u00f3 inmortalizada como el \u00abDesastre de Suecia\u00bb. Ese 1-6 lacerante propinado por Checoslovaquia, en la primera fase, dej\u00f3 una huella hist\u00f3rica.<\/p>\n<p>Conducido por el DT Guillermo St\u00e1bile, el representativo albiceleste gan\u00f3 sin mayores objeciones el Sudamericano de Lima 1957.<\/p>\n<p>Fue el equipo bautizado como los &#8216;Carasucias&#8217;, con Humberto Maschio, Antonio Angelillo y Enrique Omar S\u00edvori como estandartes.<\/p>\n<p>En las eliminatorias sudamericanas clasificatorias, el equipo argentino dej\u00f3 en el camino a Bolivia y Chile para regresar a una cita ecum\u00e9nica 24 a\u00f1os despu\u00e9s (su anterior paso hab\u00eda sido en Italia 1934, con jugadores amateurs).<\/p>\n<p>Los cracks del Sudamericano en Per\u00fa (Maschio, Angelillo, S\u00edvori) no fueron liberados por sus flamantes equipos italianos, que no les dieron el permiso para participar del Mundial.<\/p>\n<p>El presidente de AFA de aquel entonces, Ra\u00fal Colombo, no ejecut\u00f3 demasiada presi\u00f3n en su rol dirigencial. \u00abNo hay que hacerse m\u00e1s problema, a nosotros nos sobran jugadores\u00bb, dijo. Result\u00f3 el preludio de la hecatombe<\/p>\n<p>Entonces <strong>para el Mundial sueco, el t\u00e9cnico confi\u00f3 en aquellos futbolistas que se destacaban en el plano local. <\/strong>As\u00ed, a pesar de acreditar un bagaje profuso y ser mayores de 30 a\u00f1os, el arquero Amadeo Carrizo y el centrodelantero Angel Labruna, \u00edconos de River PLate, integraron la n\u00f3mina del conjunto argentino.<\/p>\n<p>Tambi\u00e9n estuvieron en la lista el puntero derecho Orestes Omar Corbatta (que deslumbraba en Racing Club), el centrocampista N\u00e9stor &#8216;Pipo&#8217; Rossi (due\u00f1o de las batallas del medio con la camiseta de River) y Norberto Men\u00e9ndez, quien ya asum\u00eda habitualmente la titularidad en la entidad &#8216;millonaria&#8217;.<\/p>\n<p><strong>Checoslovaquia<\/strong>, un seleccionado del que se conoc\u00eda muy poco (como todos aquellos que pertenec\u00edan a la \u00f3rbita socialista en esa \u00e9poca), hab\u00eda entrado al Mundial, tras prevalecer sobre Gales y Alemania Oriental. Y ya <strong>empezaba a moldear el equipo que -posteriormente- se clasificar\u00eda subcampe\u00f3n mundial en Chile 1962.<\/strong><\/p>\n<p>\u00abFuimos con los ojos vendados. No est\u00e1bamos preparados ni f\u00edsica ni t\u00e1cticamente para afrontar tres partidos en una semana\u00bb, consider\u00f3 Labruna m\u00e1s tarde, para dar cuenta de que el tropiezo no constituy\u00f3 \u00abuna mala tarde y nada m\u00e1s\u00bb, como suele esgrimirse en el f\u00fatbol moderno, cuando se da este tipo de resultados.<\/p>\n<p>El propio artillero de River hab\u00eda sido convocado de urgencia, por lesi\u00f3n de Roberto Z\u00e1rate. El goleador, con 39 a\u00f1os, estaba fuera de su peso ideal, con \u00absiete kilos de exceso\u00bb, tal como \u00e9l mismo confes\u00f3.<\/p>\n<p>La primera anormalidad en ese Mundial se dio en el partido debut con Alemania (campe\u00f3n en Suiza 1954), que termin\u00f3 en derrota por 3-1.<\/p>\n<p>La televisi\u00f3n sueca plante\u00f3 que ambas camisetas, de tonos claros, eran parecidas. Entonces se hizo un sorteo, el equipo argentino perdi\u00f3 y debi\u00f3 alistarse con un juego de casacas del Malmo FC, de color amarillo.<\/p>\n<p>Corbatta abri\u00f3 la cuenta a los 2 minutos del partido y parec\u00eda que el equipo de St\u00e1bile consumaba un estreno triunfal. \u00abEste torneo es pan comido\u00bb se hab\u00eda dicho desde el \u00e1mbito dirigencial. Pero los germanos dieron vuelta la historia con dos tantos de Helmut Rahn y uno de Uwe Seeler.<\/p>\n<p>En el segundo encuentro del grupo, el 11 de junio, el conjunto albiceleste encontr\u00f3 una mueca de satisfacci\u00f3n. Le gan\u00f3 por 3-1 a Irlanda del Norte y qued\u00f3 la sensaci\u00f3n de que el debut \u00abs\u00f3lo fue un mal paso\u00bb. El apuntado Corbatta (de penal), Men\u00e9ndez y el volante identificado con Mar del Plata, Ludovico Avio, decoraron la victoria argentina en Halmstad.<\/p>\n<p>Cuatro d\u00edas m\u00e1s tarde, el estadio Olimpia de Helsingborg, result\u00f3 el escenario de la m\u00e1s dura ca\u00edda de un combinado albiceleste a lo largo de la historia.<\/p>\n<p>\u00ab<strong>Hay que decir las cosas como fueron: no sab\u00edamos qui\u00e9nes eran ni c\u00f3mo jugaban. Si lo hubi\u00e9ramos sabido, tal vez perd\u00edamos igual, pero seis no nos hac\u00edan\u00bb, revel\u00f3 Carrizo<\/strong> en posteriores declaraciones a la revista &#8216;El Gr\u00e1fico&#8217;.<\/p>\n<p>Milan Dvorak, Zdenek Zikan (2), Vaclav Hovorska (2) y Jiri Feureisl anotaron para los checos que, pese a la victoria, no lograron pasar de ronda, porque m\u00e1s tarde perdieron un encuentro desempate con Irlanda del Norte (1-2), al igualar ambos en 3 puntos.<\/p>\n<p>El &#8216;Loco&#8217; Corbatta consigui\u00f3 el descuento, penal mediante, cuando el marcador ya era irremontable, con tres goles de desventaja.<\/p>\n<p>\u00abSi ellos hubieran puesto m\u00e1s ganas, nos hac\u00edan 8 o 9\u00bb ampli\u00f3 Amadeo, uno de los jugadores m\u00e1s cuestionados por los simpatizantes argentinos, tras la in\u00e9dita paliza.<\/p>\n<p><strong>El regreso al pa\u00eds result\u00f3 una verdadera traves\u00eda. \u00abLas cr\u00edticas period\u00edsticas exaltaron a la gente. Fuimos recibidos por una lluvia de monedas y otros objetos\u00bb, record\u00f3 Carrizo a T\u00e9lam<\/strong> muchos a\u00f1os m\u00e1s tarde.<\/p>\n<p>\u00abAdem\u00e1s, pareciera hecho a prop\u00f3sito, el avi\u00f3n no aterriz\u00f3 en la pista habitual de (Aeropuerto) Ezeiza sino que lo hizo en un terreno descampado, cerca de una chacra en Monte Grande\u00bb evoc\u00f3 el guardavallas, fallecido en 2020.<\/p>\n<p>\u00abBajamos y tuvimos que ir caminando hasta la terminal. En vez de protegernos, el destrato\u00bb, se quej\u00f3 Amadeo.<\/p>\n<p>\u00ab<strong>La cosa sigui\u00f3 con cada uno de nosotros en el torneo local. Durante ese a\u00f1o (1958) me silbaron y abuchearon en cada una de las canchas que jugu\u00e9 que no fuera la de River.<\/strong> Hasta &#8216;vendepatria&#8217; me gritaron\u00bb, evoc\u00f3.<\/p>\n<p>La derrota, obviamente, trajo sus consecuencias. <strong>St\u00e1bile renunci\u00f3 a su cargo, luego de 19 a\u00f1os,<\/strong> mientras que Colombo tambi\u00e9n fue eyectado de su puesto en AFA, a partir de la \u00abimprovisaci\u00f3n y desorganizaci\u00f3n\u00bb exhibida. <\/p>\n","protected":false},"excerpt":{"rendered":"<p>\u00abEl Desastre de Suecia\u00bb. Cuando todav\u00eda no gozaba del rodaje ni la competencia con otros rivales que no fuesen los estrictos que enfrentaba en el continente, el seleccionado argentino de f\u00fatbol vivi\u00f3 hace 65 a\u00f1os su hora m\u00e1s dolorosa. Ocurri\u00f3 un 15 de junio de 1958 en la ciudad de Helsinborg. La catastr\u00f3fica derrota en [&hellip;]<\/p>\n","protected":false},"author":1,"featured_media":33313,"comment_status":"closed","ping_status":"closed","sticky":false,"template":"","format":"standard","meta":[],"categories":[10],"tags":[],"_links":{"self":[{"href":"http:\/\/nuevacordoba.net\/index.php\/wp-json\/wp\/v2\/posts\/33312"}],"collection":[{"href":"http:\/\/nuevacordoba.net\/index.php\/wp-json\/wp\/v2\/posts"}],"about":[{"href":"http:\/\/nuevacordoba.net\/index.php\/wp-json\/wp\/v2\/types\/post"}],"author":[{"embeddable":true,"href":"http:\/\/nuevacordoba.net\/index.php\/wp-json\/wp\/v2\/users\/1"}],"replies":[{"embeddable":true,"href":"http:\/\/nuevacordoba.net\/index.php\/wp-json\/wp\/v2\/comments?post=33312"}],"version-history":[{"count":0,"href":"http:\/\/nuevacordoba.net\/index.php\/wp-json\/wp\/v2\/posts\/33312\/revisions"}],"wp:featuredmedia":[{"embeddable":true,"href":"http:\/\/nuevacordoba.net\/index.php\/wp-json\/wp\/v2\/media\/33313"}],"wp:attachment":[{"href":"http:\/\/nuevacordoba.net\/index.php\/wp-json\/wp\/v2\/media?parent=33312"}],"wp:term":[{"taxonomy":"category","embeddable":true,"href":"http:\/\/nuevacordoba.net\/index.php\/wp-json\/wp\/v2\/categories?post=33312"},{"taxonomy":"post_tag","embeddable":true,"href":"http:\/\/nuevacordoba.net\/index.php\/wp-json\/wp\/v2\/tags?post=33312"}],"curies":[{"name":"wp","href":"https:\/\/api.w.org\/{rel}","templated":true}]}}