{"id":33326,"date":"2023-06-14T13:17:16","date_gmt":"2023-06-14T13:17:16","guid":{"rendered":"http:\/\/cordobanewsnet.wordpress.com\/2023\/06\/14\/dia-del-padre-y-ola-polar-en-cordoba\/"},"modified":"2023-06-14T13:17:16","modified_gmt":"2023-06-14T13:17:16","slug":"dia-del-padre-y-ola-polar-en-cordoba","status":"publish","type":"post","link":"http:\/\/nuevacordoba.net\/index.php\/2023\/06\/14\/dia-del-padre-y-ola-polar-en-cordoba\/","title":{"rendered":"D\u00eda del padre y ola polar en Cordoba"},"content":{"rendered":"<p><!-- \/featured-media --> <\/p>\n<div class=\"post-content clear\" readability=\"39.986230636833\">\n<p>Lo que se espera para el Fin de semana:<\/p>\n<figure class=\"wp-block-image size-large\"><img data-attachment-id=\"8017\" data-permalink=\"https:\/\/cordobanewsnet.wordpress.com\/2023\/06\/14\/dia-del-padre-y-ola-polar-en-cordoba\/img_7210\/\" data-orig-file=\"http:\/\/nuevacordoba.net\/wp-content\/uploads\/2023\/06\/dia-del-padre-y-ola-polar-en-cordoba.jpg\" data-orig-size=\"791,445\" data-comments-opened=\"1\" data-image-meta=\"{&quot;aperture&quot;:&quot;0&quot;,&quot;credit&quot;:&quot;&quot;,&quot;camera&quot;:&quot;&quot;,&quot;caption&quot;:&quot;&quot;,&quot;created_timestamp&quot;:&quot;0&quot;,&quot;copyright&quot;:&quot;&quot;,&quot;focal_length&quot;:&quot;0&quot;,&quot;iso&quot;:&quot;0&quot;,&quot;shutter_speed&quot;:&quot;0&quot;,&quot;title&quot;:&quot;&quot;,&quot;orientation&quot;:&quot;1&quot;}\" data-image-title=\"img_7210\" data-image-description data-image-caption data-medium-file=\"http:\/\/nuevacordoba.net\/wp-content\/uploads\/2023\/06\/dia-del-padre-y-ola-polar-en-cordoba.jpg?w=300\" data-large-file=\"http:\/\/nuevacordoba.net\/wp-content\/uploads\/2023\/06\/dia-del-padre-y-ola-polar-en-cordoba.jpg?w=736\" src=\"http:\/\/nuevacordoba.net\/wp-content\/uploads\/2023\/06\/dia-del-padre-y-ola-polar-en-cordoba.jpg\" class=\"wp-image-8017\" srcset=\"http:\/\/nuevacordoba.net\/wp-content\/uploads\/2023\/06\/dia-del-padre-y-ola-polar-en-cordoba.jpg 791w, http:\/\/nuevacordoba.net\/wp-content\/uploads\/2023\/06\/dia-del-padre-y-ola-polar-en-cordoba.jpg?w=150 150w, http:\/\/nuevacordoba.net\/wp-content\/uploads\/2023\/06\/dia-del-padre-y-ola-polar-en-cordoba.jpg?w=300 300w, http:\/\/nuevacordoba.net\/wp-content\/uploads\/2023\/06\/dia-del-padre-y-ola-polar-en-cordoba.jpg?w=768 768w\" sizes=\"(max-width: 791px) 100vw, 791px\"><\/figure>\n<p> El alivio se espera reci\u00e9n para el viernes y s\u00e1bado. El viento norte traer\u00e1 aire h\u00famedo y las temperaturas m\u00e1s bajas no caer\u00e1n por debajo de los 3, 5 y 7 grados. Sin embargo, este fen\u00f3meno tambi\u00e9n puede provocar<a href=\"http:\/\/eldoce.tv\/fotos\/sociedad\/neblina-cordoba-drone-el-doce_149677\"> bancos de nieblas y neblinas matinales<\/a>.<\/p>\n<p>El domingo, d\u00eda del padre, todo seguir\u00e1 parecido con m\u00e1ximas de hasta 18 grados. Sin embargo, durante los feriados del lunes y martes las marcas volver\u00edan a bajar. <\/p>\n<div class=\"wordads-ad-wrapper\">\n<div class=\"wordads-ad\">\n<p>Anuncio publicitario<\/p>\n<p><span onclick=\"javascript:__tcfapi( 'showUi' );\">Ajustes de privacidad<\/span><\/p>\n<\/div>\n<\/div>\n<div id=\"jp-post-flair\" class=\"sharedaddy sd-like-enabled sd-sharing-enabled\">\n<div class=\"sharedaddy sd-sharing-enabled\">\n<div class=\"robots-nocontent sd-block sd-social sd-social-icon-text sd-sharing\">\n<h3 class=\"sd-title\">Share this:<\/h3>\n<\/div>\n<\/div>\n<div class=\"sharedaddy sd-block sd-like jetpack-likes-widget-wrapper jetpack-likes-widget-unloaded\" id=\"like-post-wrapper-143108178-8018-648a61aae7874\" data-src=\"\/\/widgets.wp.com\/likes\/index.html?ver=20230309#blog_id=143108178&amp;post_id=8018&amp;origin=cordobanewsnet.wordpress.com&amp;obj_id=143108178-8018-648a61aae7874\" data-name=\"like-post-frame-143108178-8018-648a61aae7874\" data-title=\"Me gusta o Compartir\">\n<h3 class=\"sd-title\">Me gusta esto:<\/h3>\n<p><span class=\"button\"><span>Me gusta<\/span><\/span> <span class=\"loading\">Cargando&#8230;<\/span><\/p>\n<p><span class=\"sd-text-color\"><\/span><\/div>\n<p><h3 class=\"jp-relatedposts-headline\"><em>Relacionado<\/em><\/h3>\n<\/p>\n<\/div><\/div>\n<p><!--\/.post-content--> <\/p>\n<footer class=\"post-meta-container clear\" readability=\"0.77011494252874\">\n<div class=\"entry-author author-avatar-show\" readability=\"14.031746031746\">\n<div class=\"author-avatar\"> <img loading=\"lazy\" alt src=\"http:\/\/nuevacordoba.net\/wp-content\/uploads\/2023\/06\/dia-del-padre-y-ola-polar-en-cordoba-1.jpg\" class=\"avatar avatar-90\" height=\"90\" width=\"90\"> <\/div>\n<p><!-- .author-avatar --> <\/p>\n<p><h2 class=\"author-title\">Publicado por <span class=\"author-name\">angelaponso<\/span><\/h2>\n<\/p>\n<p><!-- .author-heading --> <\/p>\n<p class=\"author-bio\"> <a class=\"author-link\" href=\"https:\/\/cordobanewsnet.wordpress.com\/author\/angelaponso\/\" rel=\"author\"> Ver todas las entradas de angelaponso <\/a> <\/p>\n<p><!-- .author-bio --> <\/div>\n<p><!-- .entry-auhtor --> <\/footer>\n<p> <!-- \/post-meta-container --> <!-- #respond --> <\/p>\n","protected":false},"excerpt":{"rendered":"<p>Lo que se espera para el Fin de semana: El alivio se espera reci\u00e9n para el viernes y s\u00e1bado. El viento norte traer\u00e1 aire h\u00famedo y las temperaturas m\u00e1s bajas no caer\u00e1n por debajo de los 3, 5 y 7 grados. Sin embargo, este fen\u00f3meno tambi\u00e9n puede provocar bancos de nieblas y neblinas matinales. El [&hellip;]<\/p>\n","protected":false},"author":1,"featured_media":33327,"comment_status":"closed","ping_status":"closed","sticky":false,"template":"","format":"standard","meta":[],"categories":[14],"tags":[],"_links":{"self":[{"href":"http:\/\/nuevacordoba.net\/index.php\/wp-json\/wp\/v2\/posts\/33326"}],"collection":[{"href":"http:\/\/nuevacordoba.net\/index.php\/wp-json\/wp\/v2\/posts"}],"about":[{"href":"http:\/\/nuevacordoba.net\/index.php\/wp-json\/wp\/v2\/types\/post"}],"author":[{"embeddable":true,"href":"http:\/\/nuevacordoba.net\/index.php\/wp-json\/wp\/v2\/users\/1"}],"replies":[{"embeddable":true,"href":"http:\/\/nuevacordoba.net\/index.php\/wp-json\/wp\/v2\/comments?post=33326"}],"version-history":[{"count":0,"href":"http:\/\/nuevacordoba.net\/index.php\/wp-json\/wp\/v2\/posts\/33326\/revisions"}],"wp:featuredmedia":[{"embeddable":true,"href":"http:\/\/nuevacordoba.net\/index.php\/wp-json\/wp\/v2\/media\/33327"}],"wp:attachment":[{"href":"http:\/\/nuevacordoba.net\/index.php\/wp-json\/wp\/v2\/media?parent=33326"}],"wp:term":[{"taxonomy":"category","embeddable":true,"href":"http:\/\/nuevacordoba.net\/index.php\/wp-json\/wp\/v2\/categories?post=33326"},{"taxonomy":"post_tag","embeddable":true,"href":"http:\/\/nuevacordoba.net\/index.php\/wp-json\/wp\/v2\/tags?post=33326"}],"curies":[{"name":"wp","href":"https:\/\/api.w.org\/{rel}","templated":true}]}}