{"id":33593,"date":"2023-06-22T23:06:28","date_gmt":"2023-06-22T23:06:28","guid":{"rendered":"http:\/\/nuevacordoba.net\/index.php\/2023\/06\/22\/donizetti-la-genialidad-de-la-opera-en-la-reposicion-de-un-clasico-y-una-obra-olvidada\/"},"modified":"2023-06-22T23:06:28","modified_gmt":"2023-06-22T23:06:28","slug":"donizetti-la-genialidad-de-la-opera-en-la-reposicion-de-un-clasico-y-una-obra-olvidada","status":"publish","type":"post","link":"http:\/\/nuevacordoba.net\/index.php\/2023\/06\/22\/donizetti-la-genialidad-de-la-opera-en-la-reposicion-de-un-clasico-y-una-obra-olvidada\/","title":{"rendered":"Donizetti: la genialidad de la \u00f3pera en la reposici\u00f3n de un cl\u00e1sico y una obra \u00abolvidada\u00bb"},"content":{"rendered":"<figure class=\"mb-3\"><img loading=\"lazy\" data-src=\"http:\/\/nuevacordoba.net\/wp-content\/uploads\/2023\/06\/donizetti-la-genialidad-de-la-opera-en-la-reposicion-de-un-clasico-y-una-obra-olvidada.jpg\" src=\"https:\/\/www.telam.com.ar\/assets\/img\/not_image.png\" class=\" lazy \" width=\"100%\" height=\"100%\" alt=\"Il Campanello fue estrenada por Donizetti el 1 de junio de 1836\"><figcaption> \u00abIl Campanello\u00bb fue estrenada por Donizetti el 1 de junio de 1836. <\/figcaption><\/figure>\n<p><strong>Gaetano Donizetti<\/strong> fue uno de los m\u00e1s grandes y prol\u00edficos compositores de \u00f3pera, cuyas obras han recorrido el mundo entero desde el siglo XIX, dos de las cuales se podr\u00e1n apreciar en los pr\u00f3ximos d\u00edas en Buenos Aires: a partir de este viernes en el Col\u00f3n se repone la olvidada <strong>\u00abAnna Bolena\u00bb<\/strong>, mientras que desde el 29 ser\u00e1 el turno del cl\u00e1sico humoristico <strong>\u00abIl Campanello\u00bb<\/strong> en el Coliseo.<\/p>\n<p>\u00abAnna Bolena\u00bb, que tendr\u00e1 funciones el 23, 25, 27 y 29 de junio en el Teatro Col\u00f3n, fue compuesta por el maestro italiano en 1830 y dejada de lado durante m\u00e1s de 100 a\u00f1os, hasta que la soprano <strong>Maria Callas<\/strong> le volvi\u00f3 a dar vida en 1957 en La Scala de Mil\u00e1n, con direcci\u00f3n de <strong>Luchino Visconti<\/strong>.<\/p>\n<p>La historia de \u00abIl Campanello\u00bb es bien diferente. La \u00f3pera estrenada en 1836 en N\u00e1poles es una puesta ineludible del repertorio oper\u00edstico, sobre todo si al g\u00e9nero buffo se refiere. Las funciones para ver este texto delirante, que forma parte del ciclo Divina Italia, ser\u00e1n en el Teatro Coliseo el 29 y 30 de junio y el 1 y 2 de julio,<\/p>\n<p><strong>\u00abDonizetti es uno de esos compositores conocidos exclusivamente por sus \u00f3peras. Tras la desaparici\u00f3n de Gioachino Rossini y la muerte prematura de Vincenzo Bellini, Donizetti se impone como el compositor de \u00f3pera m\u00e1s relevante de su \u00e9poca. Es una referencia en el g\u00e9nero y no se entienden compositores posteriores como Giuseppe Verdi, sin las aportaciones que hizo Donizetti\u00bb<\/strong>, dijo a T\u00e9lam el director musical de \u00abAnna Bolena\u00bb, <strong>I\u00f1aki Encina<\/strong>.<\/p>\n<p>Por su parte, <strong>C\u00e9sar Bustamante<\/strong>, director musical de \u00abIl Campanello\u00bb, sostuvo: \u00ab<strong>Ciertamente, Donizetti es uno de los compositores m\u00e1s representados, tanto sus \u00f3peras clasificadas &#8216;serias&#8217; como las bufas, esto permite que incluso algunos de sus t\u00edtulos menos conocidos despierten curiosidad del p\u00fablico como es el caso de esta obra, que hace relativamente pocos a\u00f1os ha vuelto a gozar de una moderada popularidad\u00bb.<\/strong><\/p>\n<p>\u00abAnna Bolena\u00bb, tragedia l\u00edrica en dos actos, forma parte de las llamadas \u00abtres reinas de Donizetti\u00bb, junto a \u00abRoberto Devereux\u00bb -titulada as\u00ed con el nombre de un supuesto amante de Isabel I- y \u00abMar\u00eda Estuardo\u00bb, a quien se le han dedicado una gran cantidad de obras, como el reconocido texto teatral hom\u00f3nimo de Friedrich Schiller, exponentes -libro y autor- del romanticismo alem\u00e1n.<\/p>\n<figure class=\"mb-3\"><img loading=\"lazy\" data-src=\"http:\/\/nuevacordoba.net\/wp-content\/uploads\/2023\/06\/donizetti-la-genialidad-de-la-opera-en-la-reposicion-de-un-clasico-y-una-obra-olvidada-1.jpg\" src=\"https:\/\/www.telam.com.ar\/assets\/img\/not_image.png\" class=\" lazy \" width=\"100%\" height=\"100%\" alt=\"Anna Bolena fue estrenada por Donizetti el 26 de diciembre de 1830\"><figcaption> \u00abAnna Bolena\u00bb fue estrenada por Donizetti el 26 de diciembre de 1830. <\/figcaption><\/figure>\n<p><br open><strong>\u00abEvidentemente el hecho de que Anna Bolena no se haya representado en Buenos Aires desde hace tantos a\u00f1os aumenta las expectativas. Pero no pienso mucho en versiones anteriores. Realmente vivimos en \u00e9pocas diferentes. Si me paro a pensar en los grandes directores que han dirigido en el Teatro Col\u00f3n como Arturo Toscanini o Leonard Bernstein, uno solo puede sentir una gran modestia y deseo de dar lo mejor de uno mismo\u00bb<\/strong>, coment\u00f3 Encina.<\/p>\n<p>Con respecto a la puesta, el director musical de \u00abAnna Bolena\u00bb explic\u00f3: <strong>\u00abDisponemos de un elenco internacional excepcional. Grandes figuras de la l\u00edrica como Olga Peretyatko o Daniela Barcellona y nuevas voces como Xabier Anduaga que est\u00e1 triunfando en el mundo entero. &#8216;Anna Bolena&#8217; es parte de ese repertorio donde prima la voz. Son roles muy exigentes que marcan carreras. Creo que el p\u00fablico que asista disfrutar\u00e1 de una gran velada de belcanto\u00bb<\/strong>.<\/p>\n<p>\u00abIl Campanello\u00bb es una obra de un acto de 60 minutos, el viejo doctor Annibale Pistacchio celebra su boda con la joven Serafina, pero entre los invitados a la fiesta est\u00e1 Enrico, antigua pareja de la joven, dispuesto a recuperarla. En plan de conseguir su objetivo, Enrico visita vistiendo diversos disfraces al doctor Pistacchio, que deber\u00e1 hacer frente a los delirios de su rival, sin reconocerlo.<\/p>\n<p><strong>\u00abEsta es una obra singular <\/strong>-opin\u00f3 Bustamante-, <strong>no s\u00f3lo por lo breve, sino por las circunstancias y caracter\u00edsticas de su estreno a las que evidentemente atendi\u00f3 Donizetti para componer r\u00e1pidamente esta obra. Creo que lo define un humor que va un poco m\u00e1s all\u00e1 de una \u00f3pera bufa, en el sentido de que no encuentro elementos &#8216;moralizantes&#8217;, es un humor bastante m\u00e1s crudo de lo que puede esperarse\u00bb.<\/strong><\/p>\n<p>La ciudad de Buenos Aires tendr\u00e1, en menos de 15 d\u00edas, un repertorio de uno de los m\u00e1s excelsos compositores de l\u00edrica que hubo y que cuenta con otros t\u00edtulos como \u00abEl elixir de amor\u00bb, \u00abLuc\u00eda de Lammermoor\u00bb, \u00abDon Pasquale\u00bb, \u00abLa hija del regimiento\u00bb y \u00abLa favorita\u00bb.<\/p>\n<p>Nacido en 1797 y fallecido en 1848, no solamente se retroaliment\u00f3 junto a las obras de Rossini y Bellini, sino que tambi\u00e9n fue gran influencia de Verdi, amigo suyo y quien lo visitara en su lecho de muerte, producto de la s\u00edfilis. Adem\u00e1s, sus aportes se pueden rastrear en la \u00f3pera francesa, que por esos a\u00f1os, al igual que el resto de los exponentes de la cultura europea, respiraban y alimentaban los aires de la Revoluci\u00f3n Francesa.<\/p>\n<div class=\"card col-md-10 offset-md-1 mb-4\">\n<h3 class=\"pt-2\">Relacionadas<\/h3>\n<\/p><\/div>\n","protected":false},"excerpt":{"rendered":"<p>\u00abIl Campanello\u00bb fue estrenada por Donizetti el 1 de junio de 1836. Gaetano Donizetti fue uno de los m\u00e1s grandes y prol\u00edficos compositores de \u00f3pera, cuyas obras han recorrido el mundo entero desde el siglo XIX, dos de las cuales se podr\u00e1n apreciar en los pr\u00f3ximos d\u00edas en Buenos Aires: a partir de este viernes [&hellip;]<\/p>\n","protected":false},"author":1,"featured_media":33594,"comment_status":"closed","ping_status":"closed","sticky":false,"template":"","format":"standard","meta":[],"categories":[9],"tags":[],"_links":{"self":[{"href":"http:\/\/nuevacordoba.net\/index.php\/wp-json\/wp\/v2\/posts\/33593"}],"collection":[{"href":"http:\/\/nuevacordoba.net\/index.php\/wp-json\/wp\/v2\/posts"}],"about":[{"href":"http:\/\/nuevacordoba.net\/index.php\/wp-json\/wp\/v2\/types\/post"}],"author":[{"embeddable":true,"href":"http:\/\/nuevacordoba.net\/index.php\/wp-json\/wp\/v2\/users\/1"}],"replies":[{"embeddable":true,"href":"http:\/\/nuevacordoba.net\/index.php\/wp-json\/wp\/v2\/comments?post=33593"}],"version-history":[{"count":0,"href":"http:\/\/nuevacordoba.net\/index.php\/wp-json\/wp\/v2\/posts\/33593\/revisions"}],"wp:featuredmedia":[{"embeddable":true,"href":"http:\/\/nuevacordoba.net\/index.php\/wp-json\/wp\/v2\/media\/33594"}],"wp:attachment":[{"href":"http:\/\/nuevacordoba.net\/index.php\/wp-json\/wp\/v2\/media?parent=33593"}],"wp:term":[{"taxonomy":"category","embeddable":true,"href":"http:\/\/nuevacordoba.net\/index.php\/wp-json\/wp\/v2\/categories?post=33593"},{"taxonomy":"post_tag","embeddable":true,"href":"http:\/\/nuevacordoba.net\/index.php\/wp-json\/wp\/v2\/tags?post=33593"}],"curies":[{"name":"wp","href":"https:\/\/api.w.org\/{rel}","templated":true}]}}