{"id":33595,"date":"2023-06-22T19:48:19","date_gmt":"2023-06-22T19:48:19","guid":{"rendered":"https:\/\/puntoapunto.com.ar\/?p=347110"},"modified":"2023-06-22T19:48:19","modified_gmt":"2023-06-22T19:48:19","slug":"llega-proyectar-cordoba-el-networking-para-pensar-la-ciudad","status":"publish","type":"post","link":"http:\/\/nuevacordoba.net\/index.php\/2023\/06\/22\/llega-proyectar-cordoba-el-networking-para-pensar-la-ciudad\/","title":{"rendered":"Llega \u00abProyectar C\u00f3rdoba\u00bb, el networking para pensar la ciudad"},"content":{"rendered":"<p><span>&nbsp;<\/span>\n<\/p>\n<p><span>Con el objetivo de pensar y proyectar la C\u00f3rdoba del futuro desde diferentes perspectivas, se realizar\u00e1 <\/span><b><i>\u201cProyectar C\u00f3rdoba\u201d<\/i><\/b><span>, el primer foro de desarrollismo y construcci\u00f3n, organizado por la<a href=\"https:\/\/www.ceduc.com.ar\/\"> C\u00e1mara Empresarial de Desarrollistas Urbanos de C\u00f3rdoba (Ceduc)<\/a>. Dicho evento tendr\u00e1 lugar el 28 y 29 de junio en el Centro de Convenciones C\u00f3rdoba \u201cBrigadier Juan Bautista Bustos\u201d.<\/span>\n<\/p>\n<p><span>Durante la actividad, se incluir\u00e1n&nbsp; las disertaciones de referentes como<\/span><a href=\"https:\/\/puntoapunto.com.ar\/diana-mondino-arreglo-con-milei-y-sera-candidata-de-lla\/\"><b> Diana Mondino<\/b><\/a><span>, presidenta del <a href=\"https:\/\/www.bancoroela.com.ar\/\">Banco Roela<\/a> y actual candidata a Diputada Nacional por La Libertad Avanza, quien se enfocar\u00e1 en el potencial urban\u00edstico de C\u00f3rdoba para mejorar las oportunidades de negocios. Adem\u00e1s, en un almuerzo exclusivo para socios de Ceduc, se contar\u00e1 con la participaci\u00f3n del economista<\/span><b> Claudio Zuchovicki, <\/b><span>quien analizar\u00e1 la coyuntura y los mercados en la Argentina 2023.<\/span><\/p>\n<div class=\"g g-35\">\n<div class=\"g-dyn a-65 c-1\"><a class=\"gofollow\" data-track=\"NjUsMzUsMSw2MA==\" href=\"https:\/\/www.youtube.com\/@frentedeizquierdaunidadcor4764\" target=\"_blank\" rel=\"noopener\"><img class=\"lazyload\" src=\"http:\/\/nuevacordoba.net\/wp-content\/uploads\/2023\/06\/llega-proyectar-cordoba-el-networking-para-pensar-la-ciudad.gif\"><\/a><\/div>\n<div class=\"g-dyn a-67 c-2\"><a href=\"https:\/\/www.facebook.com\/frentevamoscbasoberanxs\/\" target=\"_blank\" rel=\"noopener\"><img class=\"lazyload\" src=\"http:\/\/nuevacordoba.net\/wp-content\/uploads\/2023\/06\/llega-proyectar-cordoba-el-networking-para-pensar-la-ciudad-1.gif\"><\/a><\/div>\n<\/div>\n<p><span>Asimismo, el cierre del foro reunir\u00e1 a los candidatos a intendentes de la Ciudad, quienes compartir\u00e1n su visi\u00f3n y planes para proyectar la C\u00f3rdoba del futuro.<\/span>\n<\/p>\n<blockquote class=\"instagram-media\" data-instgrm-captioned data-instgrm-permalink=\"https:\/\/www.instagram.com\/p\/CtxACzux5tg\/?utm_source=ig_embed&amp;utm_campaign=loading\" data-instgrm-version=\"14\" readability=\"-7.6194690265487\"><\/blockquote>\n<p><b><i>\u201cProyectar C\u00f3rdoba se configura como un espacio de networking, debate y generaci\u00f3n de oportunidades para abordar las tendencias en el \u00e1mbito del desarrollismo como las smart cities, los desaf\u00edos y oportunidades de las proptech y la configuraci\u00f3n de las ciudades sustentables. Queremos pensar y proyectar la C\u00f3rdoba del futuro desde diferentes perspectivas: los nuevos materiales, las tendencias en&nbsp;<\/i><\/b><b><i>construcci\u00f3n y urbanismo, la arquitectura sustentable, los aportes de la tecnolog\u00eda, entre otros aspectos claves\u201d<\/i><\/b><span>, detall\u00f3 Roque Lenti, presidente de Ceduc.<\/span><b><i><\/i><\/b><\/p>\n<p><span>Este primer foro del sector est\u00e1 destinado a empresas de la construcci\u00f3n, proveedores del sector, brokers inmobiliarios, inversores, profesionales de la arquitectura, la ingenier\u00eda y el dise\u00f1o.<\/span>\n<\/p>\n<p><b>Expo y Rondas de Negocios<\/b>\n<\/p>\n<p><span>En el marco de Proyectar C\u00f3rdoba tambi\u00e9n tendr\u00e1n lugar diferentes espacios que propiciar\u00e1n el encuentro y la generaci\u00f3n de negocios. En este sentido, se realizar\u00e1 una exposici\u00f3n en la que m\u00e1s de 40 empresas y marcas del sector expondr\u00e1n y difundir\u00e1n sus productos y servicios.<\/span>\n<\/p>\n<p><span>Asimismo, <strong>tendr\u00e1 lugar una ronda de negocios sectorial que reunir\u00e1 a 30 empresas<\/strong> oferentes con 30 contrapartes con el objetivo de promover futuras acciones comerciales o contrataciones.&nbsp;<\/span>\n<\/p>\n<p><span>Todos estos espacios se complementar\u00e1n, a su vez, con una importante oferta gastron\u00f3mica que propiciar\u00e1 el networking y la generaci\u00f3n de negocios.<\/span>\n<\/p>\n<p><b>Inscripciones y participaci\u00f3n<\/b>\n<\/p>\n<p><span>La participaci\u00f3n en Proyectar C\u00f3rdoba es gratuita pero, por cuestiones organizativas, requiere inscripci\u00f3n previa para acreditarse. As\u00ed, <\/span><span>los interesados en asistir al foro, deben inscribirse con anticipaci\u00f3n ingresando en el <a href=\"https:\/\/docs.google.com\/forms\/d\/e\/1FAIpQLSc2cP9jTDfn8NCHXRcApIbWrTJGh2GtTYaY_UE3VAKuCICZfw\/viewform\">formulario disponible en el sitio web de Ceduc .<\/a><\/span><\/p>\n","protected":false},"excerpt":{"rendered":"<p>&nbsp; Con el objetivo de pensar y proyectar la C\u00f3rdoba del futuro desde diferentes perspectivas, se realizar\u00e1 \u201cProyectar C\u00f3rdoba\u201d, el primer foro de desarrollismo y construcci\u00f3n, organizado por la C\u00e1mara Empresarial de Desarrollistas Urbanos de C\u00f3rdoba (Ceduc). Dicho evento tendr\u00e1 lugar el 28 y 29 de junio en el Centro de Convenciones C\u00f3rdoba \u201cBrigadier Juan [&hellip;]<\/p>\n","protected":false},"author":1,"featured_media":33596,"comment_status":"open","ping_status":"closed","sticky":false,"template":"","format":"standard","meta":[],"categories":[14],"tags":[],"_links":{"self":[{"href":"http:\/\/nuevacordoba.net\/index.php\/wp-json\/wp\/v2\/posts\/33595"}],"collection":[{"href":"http:\/\/nuevacordoba.net\/index.php\/wp-json\/wp\/v2\/posts"}],"about":[{"href":"http:\/\/nuevacordoba.net\/index.php\/wp-json\/wp\/v2\/types\/post"}],"author":[{"embeddable":true,"href":"http:\/\/nuevacordoba.net\/index.php\/wp-json\/wp\/v2\/users\/1"}],"replies":[{"embeddable":true,"href":"http:\/\/nuevacordoba.net\/index.php\/wp-json\/wp\/v2\/comments?post=33595"}],"version-history":[{"count":0,"href":"http:\/\/nuevacordoba.net\/index.php\/wp-json\/wp\/v2\/posts\/33595\/revisions"}],"wp:featuredmedia":[{"embeddable":true,"href":"http:\/\/nuevacordoba.net\/index.php\/wp-json\/wp\/v2\/media\/33596"}],"wp:attachment":[{"href":"http:\/\/nuevacordoba.net\/index.php\/wp-json\/wp\/v2\/media?parent=33595"}],"wp:term":[{"taxonomy":"category","embeddable":true,"href":"http:\/\/nuevacordoba.net\/index.php\/wp-json\/wp\/v2\/categories?post=33595"},{"taxonomy":"post_tag","embeddable":true,"href":"http:\/\/nuevacordoba.net\/index.php\/wp-json\/wp\/v2\/tags?post=33595"}],"curies":[{"name":"wp","href":"https:\/\/api.w.org\/{rel}","templated":true}]}}