{"id":33610,"date":"2023-06-23T13:48:17","date_gmt":"2023-06-23T13:48:17","guid":{"rendered":"https:\/\/puntoapunto.com.ar\/?p=347115"},"modified":"2023-06-23T13:48:17","modified_gmt":"2023-06-23T13:48:17","slug":"copa-airlines-incrementa-su-presencia-en-cordoba-ya-sumo-nuevas-frecuencias","status":"publish","type":"post","link":"http:\/\/nuevacordoba.net\/index.php\/2023\/06\/23\/copa-airlines-incrementa-su-presencia-en-cordoba-ya-sumo-nuevas-frecuencias\/","title":{"rendered":"Copa Airlines incrementa su presencia en C\u00f3rdoba: ya sum\u00f3 nuevas frecuencias"},"content":{"rendered":"<div class=\"g g-37\">\n<div class=\"g-single a-29\"><a class=\"gofollow\" data-track=\"MjksMzcsMSw2MA==\" href=\"https:\/\/www.harmoniechateau.com.ar\/\" target=\"_blank\" rel=\"noopener\"><img class=\"lazyload\" src=\"http:\/\/nuevacordoba.net\/wp-content\/uploads\/2023\/06\/copa-airlines-incrementa-su-presencia-en-cordoba-ya-sumo-nuevas-frecuencias.jpg\"><\/a><\/div>\n<\/div>\n<p>&nbsp;\n<\/p>\n<p>El presidente de la Agencia C\u00f3rdoba Turismo, <strong>Alejandro Lastra<\/strong>, se reuni\u00f3 con la gerenta comercial de Copa Airlines, <strong>Lorena Gasser con el fin de fortalecer la conectividad tur\u00edstica de C\u00f3rdoba<\/strong>.\n<\/p>\n<p>Durante la reuni\u00f3n,&nbsp;<strong>se destac\u00f3 el trabajo de C\u00f3rdoba para mejorar la conectividad de su destino a nivel nacional e internacional<\/strong>, con un reconocimiento del papel fundamental que desempe\u00f1a Copa Airlines en este crecimiento, pieza clave en esta estrategia.\n<\/p>\n<p>Adem\u00e1s, Lastra le present\u00f3 a Gasser el&nbsp;<strong>Visit C\u00f3rdoba<\/strong>,&nbsp;<strong>plan de marketing tur\u00edstico internacional del destino C\u00f3rdoba<\/strong>&nbsp;que implica la creaci\u00f3n de una nueva plataforma digital espec\u00edfica que ser\u00e1 una herramienta comercial y de promoci\u00f3n tur\u00edstica de la provincia puesta al servicio del mundo.\n<\/p>\n<p>\u201cEl Visit es un plan de marketing que nos llevar\u00e1 a tomar decisiones inteligentes con datos puntuales del mercado, y eso posibilitar\u00e1 un trabajo planificado entre el sector p\u00fablico y el sector privado que incluye a las l\u00edneas a\u00e9reas y a los destinos potenciales para la internacionalizaci\u00f3n del destino C\u00f3rdoba\u201d, coment\u00f3 Lastra.\n<\/p>\n<p>Por su parte,&nbsp;<strong>Copa Airlines reconoci\u00f3 el potencial <a href=\"https:\/\/puntoapunto.com.ar\/finde-xxl-los-niveles-de-ocupacion-turistica-promediaron-el-70\/\" target=\"_blank\" rel=\"noopener\">tur\u00edstico<\/a> y econ\u00f3mico de C\u00f3rdoba<\/strong>&nbsp;y apost\u00f3 por su crecimiento, lo cual se refleja en que<strong> la provincia ocupa actualmente el segundo lugar en importancia como destino de la aerol\u00ednea en Argentina.<\/strong><\/p>\n<p>En este sentido, la aerol\u00ednea demostr\u00f3 su compromiso continuo con la expansi\u00f3n en Argentina y en la regi\u00f3n, al fortalecer su conexi\u00f3n con la ciudad de C\u00f3rdoba. Desde mayo pasado,<a href=\"https:\/\/www.copaair.com\/es-gs\/\">&nbsp;<\/a><strong>Copa Airlines aument\u00f3 sus vuelos a 10 semanales y pasar\u00e1 a 11 en los pr\u00f3ximos meses<\/strong>.\n<\/p>\n<p>Esta ampliaci\u00f3n de la oferta de vuelos de Copa Airlines muestra la confianza de la aerol\u00ednea en C\u00f3rdoba, como as\u00ed tambi\u00e9n en su capacidad para atraer a m\u00e1s viajeros, tanto nacionales como internacionales. De acuerdo con lo previsto, se prev\u00e9 la realizaci\u00f3n de m\u00e1s reuniones con representantes de otras aerol\u00edneas.\n<\/p>\n<div class=\"g g-38\">\n<div class=\"g-dyn a-12 c-1\"><a class=\"gofollow\" data-track=\"MTIsMzgsMSw2MA==\" href=\"https:\/\/api.whatsapp.com\/send\/?phone=3518562462&amp;text&amp;type=phone_number&amp;app_absent=0\"><img class=\"lazyload\" src=\"http:\/\/nuevacordoba.net\/wp-content\/uploads\/2023\/06\/copa-airlines-incrementa-su-presencia-en-cordoba-ya-sumo-nuevas-frecuencias.png\"><\/a><\/div>\n<\/div>\n","protected":false},"excerpt":{"rendered":"<p>&nbsp; El presidente de la Agencia C\u00f3rdoba Turismo, Alejandro Lastra, se reuni\u00f3 con la gerenta comercial de Copa Airlines, Lorena Gasser con el fin de fortalecer la conectividad tur\u00edstica de C\u00f3rdoba. Durante la reuni\u00f3n,&nbsp;se destac\u00f3 el trabajo de C\u00f3rdoba para mejorar la conectividad de su destino a nivel nacional e internacional, con un reconocimiento del [&hellip;]<\/p>\n","protected":false},"author":1,"featured_media":33611,"comment_status":"open","ping_status":"closed","sticky":false,"template":"","format":"standard","meta":[],"categories":[14],"tags":[],"_links":{"self":[{"href":"http:\/\/nuevacordoba.net\/index.php\/wp-json\/wp\/v2\/posts\/33610"}],"collection":[{"href":"http:\/\/nuevacordoba.net\/index.php\/wp-json\/wp\/v2\/posts"}],"about":[{"href":"http:\/\/nuevacordoba.net\/index.php\/wp-json\/wp\/v2\/types\/post"}],"author":[{"embeddable":true,"href":"http:\/\/nuevacordoba.net\/index.php\/wp-json\/wp\/v2\/users\/1"}],"replies":[{"embeddable":true,"href":"http:\/\/nuevacordoba.net\/index.php\/wp-json\/wp\/v2\/comments?post=33610"}],"version-history":[{"count":0,"href":"http:\/\/nuevacordoba.net\/index.php\/wp-json\/wp\/v2\/posts\/33610\/revisions"}],"wp:featuredmedia":[{"embeddable":true,"href":"http:\/\/nuevacordoba.net\/index.php\/wp-json\/wp\/v2\/media\/33611"}],"wp:attachment":[{"href":"http:\/\/nuevacordoba.net\/index.php\/wp-json\/wp\/v2\/media?parent=33610"}],"wp:term":[{"taxonomy":"category","embeddable":true,"href":"http:\/\/nuevacordoba.net\/index.php\/wp-json\/wp\/v2\/categories?post=33610"},{"taxonomy":"post_tag","embeddable":true,"href":"http:\/\/nuevacordoba.net\/index.php\/wp-json\/wp\/v2\/tags?post=33610"}],"curies":[{"name":"wp","href":"https:\/\/api.w.org\/{rel}","templated":true}]}}