{"id":33624,"date":"2023-06-23T16:30:03","date_gmt":"2023-06-23T16:30:03","guid":{"rendered":"https:\/\/prensa.cba.gov.ar\/?p=557400"},"modified":"2023-06-23T16:30:03","modified_gmt":"2023-06-23T16:30:03","slug":"elecciones-recomendaciones-para-facilitar-el-voto-a-personas-con-discapacidad","status":"publish","type":"post","link":"http:\/\/nuevacordoba.net\/index.php\/2023\/06\/23\/elecciones-recomendaciones-para-facilitar-el-voto-a-personas-con-discapacidad\/","title":{"rendered":"Elecciones: recomendaciones para facilitar el voto a personas con discapacidad"},"content":{"rendered":"<div><img src=\"http:\/\/nuevacordoba.net\/wp-content\/uploads\/2023\/06\/elecciones-recomendaciones-para-facilitar-el-voto-a-personas-con-discapacidad.png\" class=\"ff-og-image-inserted\"><\/div>\n<ul>\n<li><strong>Est\u00e1n dirigidas tambi\u00e9n a personas con alg\u00fan tipo de limitaci\u00f3n, y a quienes transitan alguna internaci\u00f3n por salud mental.<\/strong><\/li>\n<li><strong>La Subsecretar\u00eda de Discapacidad brinda un 0-800 para despejar dudas y un servicio de videollamadas para facilitar la votaci\u00f3n de personas sordas.<\/strong><\/li>\n<li><strong>Es clave el<\/strong> <strong>rol de los v\u00ednculos afectivos, familiares y de los equipos de salud o rehabilitaci\u00f3n.<\/strong><strong><\/strong><\/li>\n<\/ul>\n<p>En el marco de las elecciones provinciales que se llevar\u00e1n a cabo este domingo en toda la provincia, la cartera sanitaria brinda algunas indicaciones para facilitar el <strong>acceso al voto de personas con discapacidad <\/strong>y de aquellas que se encuentran en <strong>internaciones provisorias en instituciones de salud mental. <\/strong>Se recuerda que el voto es un derecho para todas las personas.<\/p>\n<p>Cabe destacar que es muy importante el <strong>rol de v\u00ednculos afectivos, familiares y de los equipos de salud o rehabilitaci\u00f3n <\/strong>al momento de acompa\u00f1ar, tanto en la decisi\u00f3n de emitir el voto como al acercarse a la instituci\u00f3n educativa ese d\u00eda.<\/p>\n<p>Al respecto, Mar\u00eda Teresa Puga, subsecretaria de Discapacidad, Rehabilitaci\u00f3n e Inclusi\u00f3n, expres\u00f3: <em>\u201cDebemos recordar que las personas con discapacidad, como cualquier otra, tienen derecho a ser elegidas, a votar, a ejercer funciones como la de ser presidentes de mesa, fiscales o fiscales generales y as\u00ed cumplir con sus deberes c\u00edvicos, y para ello es fundamental el compromiso y apoyo de toda la sociedad\u201d.<\/em><em><\/em><\/p>\n<p>Este domingo, de 8:00 a 18:00, la <strong>Subsecretar\u00eda de Discapacidad<\/strong> pondr\u00e1 a disposici\u00f3n la l\u00ednea de contacto: 351-2072724 para brindar el servicio de interpretaci\u00f3n en lengua de se\u00f1as argentina-espa\u00f1ol para personas sordas, a trav\u00e9s de videollamadas.<\/p>\n<p>Adem\u00e1s, cuenta con un <strong>dispositivo de orientaci\u00f3n denominado SOS Discapacidad <\/strong>que se activa llamando al <strong>0800-888-4466<\/strong>, al que tambi\u00e9n es posible contactar <strong>v\u00eda correo electr\u00f3nico a la direcci\u00f3n sosdiscapacidad@cba.gov.ar<\/strong><a href=\"mailto:sosdiscapacidad@cba.gov.ar\">,<\/a> de lunes a viernes, entre las 08:00 y las 14:00.<\/p>\n<h3 class=\"wp-block-heading\"><strong>\u00bfQu\u00e9 contempla la accesibilidad electoral?<\/strong><\/h3>\n<p>La accesibilidad se dirige tanto a las <strong>personas con discapacidad <\/strong>\u2014motriz, sensorial, mental, intelectual, visceral, entre otras\u2014, como a aquellas que presentan <strong>limitaciones <\/strong>que interfieren en su <strong>desplazamiento, visi\u00f3n, orientaci\u00f3n y comunicaci\u00f3n<\/strong>. Estas limitaciones pueden ser de car\u00e1cter permanente o temporal, perceptibles o no. En este sentido se incluye tambi\u00e9n a personas <strong>adultas mayores, embarazadas, a quienes tengan lesiones temporales en miembros superiores o inferiores <\/strong>y personas con diversas condiciones (con cardiopat\u00edas, di\u00e1lisis o en tratamientos oncol\u00f3gicos, enfermedades psiqui\u00e1tricas no incapacitantes, entre otras).<\/p>\n<p>Toda persona que presente alg\u00fan tipo de limitaci\u00f3n o discapacidad puede <strong>solicitar prioridad de voto a la autoridad de mesa. <\/strong>Asimismo, si as\u00ed lo desea, puede pedir <strong>asistencia para votar una persona de su confianza<\/strong>, quien deber\u00e1 llevar su DNI; tambi\u00e9n puede hacerlo la <strong>autoridad de mesa<\/strong>.<\/p>\n<p>En caso de que presente dificultades para firmar el padr\u00f3n \u2013dificultades en la lecto- escritura o la utilizaci\u00f3n de diversos medios para firmar como el pie o la boca\u2013 es importante la atenci\u00f3n y el soporte de la autoridad de mesa. Aquella persona que <strong>no pueda o sepa firmar<\/strong>, la autoridad de mesa deber\u00e1 asentar su firma en su reemplazo.<\/p>\n<p>En relaci\u00f3n a las normativas en que se enmarcan estas acciones, la <strong>Convenci\u00f3n de los Derechos de Personas con Discapacidad, ley 26.378, <\/strong>en su Art\u00edculo 12 establece que las personas con discapacidad tienen <strong>capacidad jur\u00eddica en igualdad de condiciones <\/strong>con las dem\u00e1s en todos los aspectos de la vida.<\/p>\n<p>Vale destacar que la Subsecretar\u00eda de Discapacidad se encuentra trabajando junto al <strong>Colegio de Abogados <\/strong>y otras instituciones afines para, en futuras elecciones, ampliar las <strong>medidas de apoyo<\/strong>, acorde a lo que establecen en las normativas en la materia.<\/p>\n<p>En relaci\u00f3n a personas que est\u00e9n cursando internaciones relacionadas con <strong>salud mental<\/strong>, se recuerda que pueden ir a votar siempre que su situaci\u00f3n lo permita. Para ello, pueden solicitar la compa\u00f1\u00eda de un familiar o de un miembro del equipo de salud.<\/p>\n<p><strong>M\u00e1s informaci\u00f3n<\/strong><\/p>\n<p>Ante cualquier duda, las personas pueden comunicarse con la <strong>Secretar\u00eda Electoral C\u00f3rdoba <\/strong>al tel\u00e9fono 4334678, o con la <strong>Subsecretar\u00eda de Discapacidad, Rehabilitaci\u00f3n e Inclusi\u00f3n<\/strong>, al Tel.+54 (0351) 4342437\/38 int. 246, o en el 2do piso del Hospital San Roque en Rosario de Santa Fe 374.<\/p>\n","protected":false},"excerpt":{"rendered":"<p>Est\u00e1n dirigidas tambi\u00e9n a personas con alg\u00fan tipo de limitaci\u00f3n, y a quienes transitan alguna internaci\u00f3n por salud mental. La Subsecretar\u00eda de Discapacidad brinda un 0-800 para despejar dudas y un servicio de videollamadas para facilitar la votaci\u00f3n de personas sordas. Es clave el rol de los v\u00ednculos afectivos, familiares y de los equipos de [&hellip;]<\/p>\n","protected":false},"author":1,"featured_media":33625,"comment_status":"closed","ping_status":"closed","sticky":false,"template":"","format":"standard","meta":[],"categories":[14],"tags":[],"_links":{"self":[{"href":"http:\/\/nuevacordoba.net\/index.php\/wp-json\/wp\/v2\/posts\/33624"}],"collection":[{"href":"http:\/\/nuevacordoba.net\/index.php\/wp-json\/wp\/v2\/posts"}],"about":[{"href":"http:\/\/nuevacordoba.net\/index.php\/wp-json\/wp\/v2\/types\/post"}],"author":[{"embeddable":true,"href":"http:\/\/nuevacordoba.net\/index.php\/wp-json\/wp\/v2\/users\/1"}],"replies":[{"embeddable":true,"href":"http:\/\/nuevacordoba.net\/index.php\/wp-json\/wp\/v2\/comments?post=33624"}],"version-history":[{"count":0,"href":"http:\/\/nuevacordoba.net\/index.php\/wp-json\/wp\/v2\/posts\/33624\/revisions"}],"wp:featuredmedia":[{"embeddable":true,"href":"http:\/\/nuevacordoba.net\/index.php\/wp-json\/wp\/v2\/media\/33625"}],"wp:attachment":[{"href":"http:\/\/nuevacordoba.net\/index.php\/wp-json\/wp\/v2\/media?parent=33624"}],"wp:term":[{"taxonomy":"category","embeddable":true,"href":"http:\/\/nuevacordoba.net\/index.php\/wp-json\/wp\/v2\/categories?post=33624"},{"taxonomy":"post_tag","embeddable":true,"href":"http:\/\/nuevacordoba.net\/index.php\/wp-json\/wp\/v2\/tags?post=33624"}],"curies":[{"name":"wp","href":"https:\/\/api.w.org\/{rel}","templated":true}]}}