{"id":33628,"date":"2023-06-23T19:30:46","date_gmt":"2023-06-23T19:30:46","guid":{"rendered":"http:\/\/nuevacordoba.net\/index.php\/2023\/06\/23\/como-sera-el-nuevo-mundial-de-clubes-que-aprobo-la-fifa-para-2025\/"},"modified":"2023-06-23T19:30:46","modified_gmt":"2023-06-23T19:30:46","slug":"como-sera-el-nuevo-mundial-de-clubes-que-aprobo-la-fifa-para-2025","status":"publish","type":"post","link":"http:\/\/nuevacordoba.net\/index.php\/2023\/06\/23\/como-sera-el-nuevo-mundial-de-clubes-que-aprobo-la-fifa-para-2025\/","title":{"rendered":"C\u00f3mo ser\u00e1 el nuevo Mundial de clubes que aprob\u00f3 la FIFA para 2025"},"content":{"rendered":"<figure class=\"mb-3\"><img loading=\"lazy\" data-src=\"http:\/\/nuevacordoba.net\/wp-content\/uploads\/2023\/06\/como-sera-el-nuevo-mundial-de-clubes-que-aprobo-la-fifa-para-2025.jpg\" src=\"https:\/\/www.telam.com.ar\/assets\/img\/not_image.png\" class=\" lazy \" width=\"100%\" height=\"100%\" alt=\"Gianni Infantino hizo el anuncio en la sede de FIFA en Zurich Foto archivo\"><figcaption> Gianni Infantino hizo el anuncio en la sede de FIFA en Zurich \/ Foto: archivo. <\/figcaption><\/figure>\n<p>El Consejo de la FIFA aprob\u00f3 este viernes por unanimidad, en su sede suiza de Z\u00farich, que la nueva <strong>Copa Mundial de Clubes se celebre en 2025, con la participaci\u00f3n de 32 equipos y se realice en los Estados Unidos<\/strong>.<\/p>\n<p>En el proceso de elecci\u00f3n se analizaron los requisitos de infraestructuras y servicios de los posibles anfitriones, adem\u00e1s de los objetivos estrat\u00e9gicos de la competici\u00f3n.<\/p>\n<blockquote class=\"twitter-tweet\" readability=\"6.0472440944882\">\n<p lang=\"es\" dir=\"ltr\">El Consejo de la FIFA nombra a Estados Unidos anfitri\u00f3n de la nueva Copa Mundial de Clubes de la FIFA\u2122<\/p>\n<p>\u2139\ufe0f Conoce las decisiones del Consejo \u2b07\ufe0f<a href=\"https:\/\/t.co\/xBtqbR7yBJ\">https:\/\/t.co\/xBtqbR7yBJ<\/a> <a href=\"https:\/\/t.co\/lgbIGpu2x5\">pic.twitter.com\/lgbIGpu2x5<\/a><\/p>\n<p>\u2014 FIFA.com en espa\u00f1ol (@fifacom_es) <a href=\"https:\/\/twitter.com\/fifacom_es\/status\/1672269544621047809?ref_src=twsrc%5Etfw\">June 23, 2023<\/a><\/p><\/blockquote>\n<p>Estados Unidos, que ser\u00e1 una de las sedes del <strong>Mundial 2026 junto con M\u00e9xico y Canad\u00e1<\/strong>, \u00abha demostrado su excepcional capacidad para organizar competiciones de car\u00e1cter mundial. Adem\u00e1s, la designaci\u00f3n permitir\u00e1 aprovechar las sinergias creadas con la celebraci\u00f3n de la Copa Mundial de la FIFA 2026, de lo que se beneficiar\u00e1n ambas competiciones y el desarrollo del f\u00fatbol en Norteam\u00e9rica\u00bb, comunic\u00f3 la entidad.<\/p>\n<p>\u00abEl Mundial de 2025 ser\u00e1 la cita m\u00e1s destacada de la \u00e9lite del f\u00fatbol profesional masculino de clubes. Estados Unidos ya re\u00fane la infraestructura requerida y un inter\u00e9s enorme en todo el pa\u00eds, por lo que resulta el anfitri\u00f3n ideal para acoger la primera edici\u00f3n de esta nueva competici\u00f3n\u00bb, declar\u00f3 el presidente de la FIFA, Gianni Infantino.<\/p>\n","protected":false},"excerpt":{"rendered":"<p>Gianni Infantino hizo el anuncio en la sede de FIFA en Zurich \/ Foto: archivo. El Consejo de la FIFA aprob\u00f3 este viernes por unanimidad, en su sede suiza de Z\u00farich, que la nueva Copa Mundial de Clubes se celebre en 2025, con la participaci\u00f3n de 32 equipos y se realice en los Estados Unidos. [&hellip;]<\/p>\n","protected":false},"author":1,"featured_media":33629,"comment_status":"closed","ping_status":"closed","sticky":false,"template":"","format":"standard","meta":[],"categories":[10],"tags":[],"_links":{"self":[{"href":"http:\/\/nuevacordoba.net\/index.php\/wp-json\/wp\/v2\/posts\/33628"}],"collection":[{"href":"http:\/\/nuevacordoba.net\/index.php\/wp-json\/wp\/v2\/posts"}],"about":[{"href":"http:\/\/nuevacordoba.net\/index.php\/wp-json\/wp\/v2\/types\/post"}],"author":[{"embeddable":true,"href":"http:\/\/nuevacordoba.net\/index.php\/wp-json\/wp\/v2\/users\/1"}],"replies":[{"embeddable":true,"href":"http:\/\/nuevacordoba.net\/index.php\/wp-json\/wp\/v2\/comments?post=33628"}],"version-history":[{"count":0,"href":"http:\/\/nuevacordoba.net\/index.php\/wp-json\/wp\/v2\/posts\/33628\/revisions"}],"wp:featuredmedia":[{"embeddable":true,"href":"http:\/\/nuevacordoba.net\/index.php\/wp-json\/wp\/v2\/media\/33629"}],"wp:attachment":[{"href":"http:\/\/nuevacordoba.net\/index.php\/wp-json\/wp\/v2\/media?parent=33628"}],"wp:term":[{"taxonomy":"category","embeddable":true,"href":"http:\/\/nuevacordoba.net\/index.php\/wp-json\/wp\/v2\/categories?post=33628"},{"taxonomy":"post_tag","embeddable":true,"href":"http:\/\/nuevacordoba.net\/index.php\/wp-json\/wp\/v2\/tags?post=33628"}],"curies":[{"name":"wp","href":"https:\/\/api.w.org\/{rel}","templated":true}]}}