{"id":33650,"date":"2023-06-23T17:13:23","date_gmt":"2023-06-23T17:13:23","guid":{"rendered":"https:\/\/puntoapunto.com.ar\/?p=347143"},"modified":"2023-06-23T17:13:23","modified_gmt":"2023-06-23T17:13:23","slug":"cierre-de-listas-quien-acompanara-a-schiaretti","status":"publish","type":"post","link":"http:\/\/nuevacordoba.net\/index.php\/2023\/06\/23\/cierre-de-listas-quien-acompanara-a-schiaretti\/","title":{"rendered":"Cierre de listas: \u00bfQui\u00e9n acompa\u00f1ar\u00e1 a Schiaretti?"},"content":{"rendered":"<div class=\"g g-37\">\n<div class=\"g-single a-29\"><a class=\"gofollow\" data-track=\"MjksMzcsMSw2MA==\" href=\"https:\/\/www.harmoniechateau.com.ar\/\" target=\"_blank\" rel=\"noopener\"><img class=\"lazyload\" src=\"http:\/\/nuevacordoba.net\/wp-content\/uploads\/2023\/06\/cierre-de-listas-quien-acompanara-a-schiaretti.jpg\"><\/a><\/div>\n<\/div>\n<p>&nbsp;\n<\/p>\n<p><span>A tan s\u00f3lo horas del cierre de las listas,<a href=\"https:\/\/puntoapunto.com.ar\/schiaretti-anuncio-que-sera-precandidato-a-presidente\/\"><strong> Juan Schiaretti<\/strong><\/a> ultima los detalles para la presentaci\u00f3n de las precandidaturas que diagramar\u00e1n la oferta electoral en las <strong>Primarias Abiertas, Simult\u00e1neas y Obligatorias (PASO) previstas para el 13 de agosto.<\/strong><\/span>\n<\/p>\n<p><span>Vale recordar que el actual gobernador present\u00f3 su propio frente electoral <strong>\u00abHacemos por Nuestro Pa\u00eds\u00bb<\/strong> para competir en las elecciones nacionales. Dicho espacio, re\u00fane al Partido Socialista, Partido Dem\u00f3crata Cristiano y el Partido Autonomista, entre otros.<\/span>\n<\/p>\n<p><span>El desaf\u00edo que enfrenta el espacio est\u00e1 puesto en alcanzar los consensos necesarios para definir la f\u00f3rmula. En esta l\u00ednea, es que busca asegurar las listas con nombres que tengan peso en los principales distritos del pa\u00eds y afianzar su poder en el Congreso.<\/span>\n<\/p>\n<p><span>El cierre del armado se centra en <strong>Florencio Randazzo,<\/strong> quien se desempe\u00f1\u00f3 como funcionario del kirchnerismo y ahora es uno de los nombres que tienen m\u00e1s peso para acompa\u00f1ar en la f\u00f3rmula a Schiaretti.&nbsp;<\/span>\n<\/p>\n<blockquote class=\"twitter-tweet\" readability=\"8.8679245283019\">\n<p dir=\"ltr\" lang=\"es\">Con <a href=\"https:\/\/twitter.com\/JSchiaretti?ref_src=twsrc%5Etfw\">@JSchiaretti<\/a> venimos trabajando para que todos y todas los que estemos convencidos de que la Argentina debe abandonar la grieta, participemos de una gran PASO.\n<\/p>\n<p>\u2014 Florencio Randazzo (@RandazzoF) <a href=\"https:\/\/twitter.com\/RandazzoF\/status\/1664994097994579971?ref_src=twsrc%5Etfw\">June 3, 2023<\/a><\/p>\n<\/blockquote>\n<p>Cabe destacar que Schiaretti decidi\u00f3 no presentar candidato a gobernador en la provincia de Buenos Aires, un espacio que Randazzo podr\u00eda haber aspirado, por lo que a poco del cierre de listas se especula con que ocupe la precandidatura a vicepresidente.\n<\/p>\n<article class=\"article-body\">\n<div class=\"article-content selectionShareable\" readability=\"32\">\n<div class=\"cuerpo\" data-twitter-link readability=\"9\">\n<p>Por otra parte, la no participaci\u00f3n de Schiaretti en la mencionada provincia allanar\u00eda el camino para un potencial entendimiento con Rodr\u00edguez Larreta.\n<\/p>\n<\/div>\n<\/div>\n<\/article>\n<div class=\"g g-38\">\n<div class=\"g-dyn a-12 c-1\"><a class=\"gofollow\" data-track=\"MTIsMzgsMSw2MA==\" href=\"https:\/\/api.whatsapp.com\/send\/?phone=3518562462&amp;text&amp;type=phone_number&amp;app_absent=0\"><img class=\"lazyload\" src=\"http:\/\/nuevacordoba.net\/wp-content\/uploads\/2023\/06\/cierre-de-listas-quien-acompanara-a-schiaretti.png\"><\/a><\/div>\n<\/div>\n","protected":false},"excerpt":{"rendered":"<p>&nbsp; A tan s\u00f3lo horas del cierre de las listas, Juan Schiaretti ultima los detalles para la presentaci\u00f3n de las precandidaturas que diagramar\u00e1n la oferta electoral en las Primarias Abiertas, Simult\u00e1neas y Obligatorias (PASO) previstas para el 13 de agosto. Vale recordar que el actual gobernador present\u00f3 su propio frente electoral \u00abHacemos por Nuestro Pa\u00eds\u00bb [&hellip;]<\/p>\n","protected":false},"author":1,"featured_media":33651,"comment_status":"open","ping_status":"closed","sticky":false,"template":"","format":"standard","meta":[],"categories":[12,14],"tags":[],"_links":{"self":[{"href":"http:\/\/nuevacordoba.net\/index.php\/wp-json\/wp\/v2\/posts\/33650"}],"collection":[{"href":"http:\/\/nuevacordoba.net\/index.php\/wp-json\/wp\/v2\/posts"}],"about":[{"href":"http:\/\/nuevacordoba.net\/index.php\/wp-json\/wp\/v2\/types\/post"}],"author":[{"embeddable":true,"href":"http:\/\/nuevacordoba.net\/index.php\/wp-json\/wp\/v2\/users\/1"}],"replies":[{"embeddable":true,"href":"http:\/\/nuevacordoba.net\/index.php\/wp-json\/wp\/v2\/comments?post=33650"}],"version-history":[{"count":0,"href":"http:\/\/nuevacordoba.net\/index.php\/wp-json\/wp\/v2\/posts\/33650\/revisions"}],"wp:featuredmedia":[{"embeddable":true,"href":"http:\/\/nuevacordoba.net\/index.php\/wp-json\/wp\/v2\/media\/33651"}],"wp:attachment":[{"href":"http:\/\/nuevacordoba.net\/index.php\/wp-json\/wp\/v2\/media?parent=33650"}],"wp:term":[{"taxonomy":"category","embeddable":true,"href":"http:\/\/nuevacordoba.net\/index.php\/wp-json\/wp\/v2\/categories?post=33650"},{"taxonomy":"post_tag","embeddable":true,"href":"http:\/\/nuevacordoba.net\/index.php\/wp-json\/wp\/v2\/tags?post=33650"}],"curies":[{"name":"wp","href":"https:\/\/api.w.org\/{rel}","templated":true}]}}