{"id":33682,"date":"2023-06-22T20:45:56","date_gmt":"2023-06-22T20:45:56","guid":{"rendered":"https:\/\/www.checkinmag.com\/?p=3092"},"modified":"2023-06-22T20:45:56","modified_gmt":"2023-06-22T20:45:56","slug":"air-europa-operara-directo-la-ruta-cordoba-madrid","status":"publish","type":"post","link":"http:\/\/nuevacordoba.net\/index.php\/2023\/06\/22\/air-europa-operara-directo-la-ruta-cordoba-madrid\/","title":{"rendered":"Air Europa operar\u00e1 directo la ruta C\u00f3rdoba- Madrid"},"content":{"rendered":"<div><img src=\"http:\/\/nuevacordoba.net\/wp-content\/uploads\/2023\/06\/air-europa-operara-directo-la-ruta-cordoba-madrid.jpg\" class=\"ff-og-image-inserted\"><\/div>\n<p>Air Europa reorganiza su operativa con Argentina y activar\u00e1 una nueva ruta entre Madrid y la ciudad de C\u00f3rdoba, conexi\u00f3n que hasta ahora se realizaba con una parada en Asunci\u00f3n.&nbsp; La aerol\u00ednea pasar\u00e1 a volar a este destino con tres frecuencias semanales desde Madrid, manteniendo de esta manera la conectividad y dando respuesta a la demanda existente. Asimismo, esta programaci\u00f3n viene acompa\u00f1ada de la cancelaci\u00f3n, a partir del pr\u00f3ximo 15 de julio, del vuelo que conectaba la capital paraguaya, Asunci\u00f3n, con C\u00f3rdoba.&nbsp;<\/p>\n<p>Estas medidas buscan mantener la prestaci\u00f3n del servicio con Argentina y Paraguay, adapt\u00e1ndose, a su vez, al cumplimiento de lo establecido por el Gobierno espa\u00f1ol en cuanto a la regulaci\u00f3n de los vuelos de la compa\u00f1\u00eda.<\/p>\n<p>Para asegurar en todo momento las garant\u00edas de los pasajeros, tanto de los clientes que volaban entre Asunci\u00f3n y C\u00f3rdoba, como entre Madrid y Asunci\u00f3n, y que pueden verse afectados por el cambio de frecuencias establecido, Air Europa se ha puesto en contacto para ofrecerles diversas alternativas.<\/p>\n<p>La aerol\u00ednea seguir\u00e1 operando tanto sus vuelos a C\u00f3rdoba como a Asunci\u00f3n con su flota Boeing 787 Dreamliner, la m\u00e1s moderna y eficiente del mercado, que combina el m\u00e1ximo confort para el pasajero con un menor consumo de carburante y hasta un 20% menos de emisiones que otros modelos.<\/p>\n<p><a href=\"http:\/\/www.aireuropa.com\" data-type=\"URL\" data-id=\"www.aireuropa.com\">www.aireuropa.com<\/a><\/p>\n","protected":false},"excerpt":{"rendered":"<p>Air Europa reorganiza su operativa con Argentina y activar\u00e1 una nueva ruta entre Madrid y la ciudad de C\u00f3rdoba, conexi\u00f3n que hasta ahora se realizaba con una parada en Asunci\u00f3n.&nbsp; La aerol\u00ednea pasar\u00e1 a volar a este destino con tres frecuencias semanales desde Madrid, manteniendo de esta manera la conectividad y dando respuesta a la [&hellip;]<\/p>\n","protected":false},"author":1,"featured_media":33683,"comment_status":"closed","ping_status":"closed","sticky":false,"template":"","format":"standard","meta":[],"categories":[11],"tags":[],"_links":{"self":[{"href":"http:\/\/nuevacordoba.net\/index.php\/wp-json\/wp\/v2\/posts\/33682"}],"collection":[{"href":"http:\/\/nuevacordoba.net\/index.php\/wp-json\/wp\/v2\/posts"}],"about":[{"href":"http:\/\/nuevacordoba.net\/index.php\/wp-json\/wp\/v2\/types\/post"}],"author":[{"embeddable":true,"href":"http:\/\/nuevacordoba.net\/index.php\/wp-json\/wp\/v2\/users\/1"}],"replies":[{"embeddable":true,"href":"http:\/\/nuevacordoba.net\/index.php\/wp-json\/wp\/v2\/comments?post=33682"}],"version-history":[{"count":0,"href":"http:\/\/nuevacordoba.net\/index.php\/wp-json\/wp\/v2\/posts\/33682\/revisions"}],"wp:featuredmedia":[{"embeddable":true,"href":"http:\/\/nuevacordoba.net\/index.php\/wp-json\/wp\/v2\/media\/33683"}],"wp:attachment":[{"href":"http:\/\/nuevacordoba.net\/index.php\/wp-json\/wp\/v2\/media?parent=33682"}],"wp:term":[{"taxonomy":"category","embeddable":true,"href":"http:\/\/nuevacordoba.net\/index.php\/wp-json\/wp\/v2\/categories?post=33682"},{"taxonomy":"post_tag","embeddable":true,"href":"http:\/\/nuevacordoba.net\/index.php\/wp-json\/wp\/v2\/tags?post=33682"}],"curies":[{"name":"wp","href":"https:\/\/api.w.org\/{rel}","templated":true}]}}