{"id":3371,"date":"2021-04-17T17:06:06","date_gmt":"2021-04-17T17:06:06","guid":{"rendered":"http:\/\/cordobanewsnet.wordpress.com\/?p=5329"},"modified":"2021-04-17T17:06:06","modified_gmt":"2021-04-17T17:06:06","slug":"cordoba-la-municipalidad-denunciara-penalmente-a-quienes-organicen-y-difundan-fiestas-clandestinas","status":"publish","type":"post","link":"http:\/\/nuevacordoba.net\/index.php\/2021\/04\/17\/cordoba-la-municipalidad-denunciara-penalmente-a-quienes-organicen-y-difundan-fiestas-clandestinas\/","title":{"rendered":"C\u00f3rdoba: La municipalidad denunciar\u00e1 penalmente a quienes organicen y difundan fiestas clandestinas"},"content":{"rendered":"<div><img src=\"http:\/\/nuevacordoba.net\/wp-content\/uploads\/2021\/04\/cordoba-la-municipalidad-denunciara-penalmente-a-quienes-organicen-y-difundan-fiestas-clandestinas.jpg\" class=\"ff-og-image-inserted\"><\/div>\n<p>La&nbsp;<strong>Direcci\u00f3n de Espect\u00e1culos p\u00fablicos de la Municipalidad de C\u00f3rdoba<\/strong>&nbsp;anunci\u00f3 que, desde ahora, denunciar\u00e1n penalmente a quienes organicen y difundan eventos ilegales.&nbsp;<\/p>\n<p>Este viernes, se hizo una presentaci\u00f3n ante la&nbsp;<strong>Unidad Fiscal de Emergencia Sanitaria<\/strong>&nbsp;con una<strong>&nbsp;denuncia penal&nbsp;<\/strong>vinculada a la organizaci\u00f3n de fiestas y reuniones de concurrencia masiva que, sin los permisos pertinentes por la crisis sanitaria derivada de la pandemia del Covid-19, se realizar\u00edan el fin de semana, convocadas por las redes sociales.<\/p>\n<p>En la presentaci\u00f3n, se incluye<strong>&nbsp;pruebas de tres posibles eventos&nbsp;<\/strong>que tendr\u00edan lugar en los pr\u00f3ximos d\u00edas en C\u00f3rdoba. Con esto ,se&nbsp;<strong>investigar\u00e1n los perfiles en redes sociales<\/strong>&nbsp;de quienes realizan las convocatorias.&nbsp;<\/p>\n<p>Es decir que no s\u00f3lo podr\u00e1n ser denunciados quienes organicen el evento, sino&nbsp;<strong>tambi\u00e9n aquellos que utilicen los medios virtuales para difundirlo.<\/strong><\/p>\n<p>Seg\u00fan indic\u00f3 el&nbsp;<strong>director de Espect\u00e1culos P\u00fablicos, Julio Su\u00e1rez<\/strong>, para este fin de semana, adem\u00e1s de los controles habituales,&nbsp;<strong>cada m\u00f3vil tendr\u00e1 un agente extra de la Polic\u00eda para labrar las actas<\/strong>correspondientes a la ley provincial 1.702 que prev\u00e9 sanciones por el incumplimiento de los protocolos de bioseguridad.<\/p>\n<p><strong>Hasta dos a\u00f1os de c\u00e1rcel<\/strong><\/p>\n<p>El delito por realizar fiestas en pandemia est\u00e1 inclu\u00eddo dentro del articulo N\u00b0 205 del C\u00f3digo Penal:<em>&nbsp;<strong>\u201cSer\u00e1 reprimido con prisi\u00f3n de seis meses a dos a\u00f1os<\/strong>, el que violare las medidas adoptadas por las autoridades competentes, para impedir la introducci\u00f3n o propagaci\u00f3n de una epidemia.\u201d<\/em><\/p>\n<p>\u201cLas fiestas clandestinas se ha convertido en una actividad de sumo riesgo para la salud de los cordobeses, por lo que entendemos que&nbsp;<strong>debemos utilizar todas las herramientas que est\u00e9n a nuestro alcance&nbsp;<\/strong>para trabajar en la prevenci\u00f3n y as\u00ed detectar y desactivar estos eventos\u201d, explic\u00f3 Su\u00e1rez,&nbsp;responsable de presentar la denuncia.<\/p>\n<p>\u201cDesde el municipio se puso el m\u00e1ximo esfuerzo y todos los recursos pertinentes para el control de este tipo de eventos, siendo necesaria la intervenci\u00f3n de la Fiscal\u00eda ante la probable comisi\u00f3n de una acci\u00f3n t\u00edpica que pueda dar origen a la aplicaci\u00f3n de una sanci\u00f3n, todo lo cual surgir\u00e1 de la investigaci\u00f3n\u201d, fundamenta la denuncia presentada.<\/p>\n<div id=\"jp-post-flair\" class=\"sharedaddy sd-like-enabled sd-sharing-enabled\">\n<div class=\"sharedaddy sd-sharing-enabled\">\n<div class=\"robots-nocontent sd-block sd-social sd-social-icon-text sd-sharing\">\n<h3 class=\"sd-title\">Share this:<\/h3>\n<\/div>\n<\/div>\n<div class=\"sharedaddy sd-block sd-like jetpack-likes-widget-wrapper jetpack-likes-widget-unloaded\" id=\"like-post-wrapper-143108178-5329-607bca56070a6\" data-src=\"\/\/widgets.wp.com\/likes\/index.html?ver=20210413#blog_id=143108178&amp;post_id=5329&amp;origin=cordobanewsnet.wordpress.com&amp;obj_id=143108178-5329-607bca56070a6\" data-name=\"like-post-frame-143108178-5329-607bca56070a6\">\n<h3 class=\"sd-title\">Me gusta esto:<\/h3>\n<p><span class=\"button\"><span>Me gusta<\/span><\/span> <span class=\"loading\">Cargando&#8230;<\/span><\/p>\n<p><span class=\"sd-text-color\"><\/span><\/div>\n<p><h3 class=\"jp-relatedposts-headline\"><em>Relacionado<\/em><\/h3>\n<\/p>\n<\/div>\n","protected":false},"excerpt":{"rendered":"<p>La&nbsp;Direcci\u00f3n de Espect\u00e1culos p\u00fablicos de la Municipalidad de C\u00f3rdoba&nbsp;anunci\u00f3 que, desde ahora, denunciar\u00e1n penalmente a quienes organicen y difundan eventos ilegales.&nbsp; Este viernes, se hizo una presentaci\u00f3n ante la&nbsp;Unidad Fiscal de Emergencia Sanitaria&nbsp;con una&nbsp;denuncia penal&nbsp;vinculada a la organizaci\u00f3n de fiestas y reuniones de concurrencia masiva que, sin los permisos pertinentes por la crisis sanitaria derivada [&hellip;]<\/p>\n","protected":false},"author":1,"featured_media":3372,"comment_status":"closed","ping_status":"closed","sticky":false,"template":"","format":"standard","meta":[],"categories":[14],"tags":[],"_links":{"self":[{"href":"http:\/\/nuevacordoba.net\/index.php\/wp-json\/wp\/v2\/posts\/3371"}],"collection":[{"href":"http:\/\/nuevacordoba.net\/index.php\/wp-json\/wp\/v2\/posts"}],"about":[{"href":"http:\/\/nuevacordoba.net\/index.php\/wp-json\/wp\/v2\/types\/post"}],"author":[{"embeddable":true,"href":"http:\/\/nuevacordoba.net\/index.php\/wp-json\/wp\/v2\/users\/1"}],"replies":[{"embeddable":true,"href":"http:\/\/nuevacordoba.net\/index.php\/wp-json\/wp\/v2\/comments?post=3371"}],"version-history":[{"count":0,"href":"http:\/\/nuevacordoba.net\/index.php\/wp-json\/wp\/v2\/posts\/3371\/revisions"}],"wp:featuredmedia":[{"embeddable":true,"href":"http:\/\/nuevacordoba.net\/index.php\/wp-json\/wp\/v2\/media\/3372"}],"wp:attachment":[{"href":"http:\/\/nuevacordoba.net\/index.php\/wp-json\/wp\/v2\/media?parent=3371"}],"wp:term":[{"taxonomy":"category","embeddable":true,"href":"http:\/\/nuevacordoba.net\/index.php\/wp-json\/wp\/v2\/categories?post=3371"},{"taxonomy":"post_tag","embeddable":true,"href":"http:\/\/nuevacordoba.net\/index.php\/wp-json\/wp\/v2\/tags?post=3371"}],"curies":[{"name":"wp","href":"https:\/\/api.w.org\/{rel}","templated":true}]}}