{"id":33715,"date":"2023-06-26T05:05:06","date_gmt":"2023-06-26T05:05:06","guid":{"rendered":"http:\/\/nuevacordoba.net\/index.php\/2023\/06\/26\/catupecu-machu-regreso-y-reencarnacion-a-corazon-abierto\/"},"modified":"2023-06-26T05:05:06","modified_gmt":"2023-06-26T05:05:06","slug":"catupecu-machu-regreso-y-reencarnacion-a-corazon-abierto","status":"publish","type":"post","link":"http:\/\/nuevacordoba.net\/index.php\/2023\/06\/26\/catupecu-machu-regreso-y-reencarnacion-a-corazon-abierto\/","title":{"rendered":"Catupecu Machu, regreso y reencarnaci\u00f3n a coraz\u00f3n abierto"},"content":{"rendered":"<figure class=\"mb-3\"><img loading=\"lazy\" data-src=\"http:\/\/nuevacordoba.net\/wp-content\/uploads\/2023\/06\/catupecu-machu-regreso-y-reencarnacion-a-corazon-abierto.jpg\" src=\"https:\/\/www.telam.com.ar\/assets\/img\/not_image.png\" class=\" lazy \" width=\"100%\" height=\"100%\" alt=\"Foto Cris Sille\"><figcaption> Foto: Cris Sille <\/figcaption><\/figure>\n<p>Aunque su l\u00edder Fernando Ruiz D\u00edaz prefiera hablar de<a href=\"https:\/\/www.telam.com.ar\/notas\/202306\/631534-catupecu-machu-show-movistar-arena-fernando-ruiz-diaz.html\" target=\"_blank\" rel=\"noopener\"> reencarnaci\u00f3n en vez de regreso<\/a>, a partir de la presencia en su formaci\u00f3n de algunos nuevos integrantes, <strong>Catupecu Machu mostr\u00f3 en la noche del pasado s\u00e1bado&nbsp; en el Movistar Arena<\/strong> que ambos conceptos, lejos de presentarse como opuestos, pueden convivir en esta nueva etapa del grupo.<\/p>\n<p>Es que <strong>la banda puso en escena la apasionada entrega y destil\u00f3 la adrenalina que la caracteriz\u00f3 en sus casi tres d\u00e9cadas de existencia<\/strong>, pero a eso le sum\u00f3 una emotividad que se mantuvo a flor de piel a lo largo de todo el concierto, a partir de la constante evocaci\u00f3n <a href=\"https:\/\/www.telam.com.ar\/notas\/202101\/542423-murio-gabriel-ruiz-diaz-cofundador-de-catupecu-machu-y-grave-desde-2006.html\" target=\"_blank\" rel=\"noopener\">al recordado Gabriel Ruiz D\u00edaz<\/a>,<strong> la otra mitad fundadora del grupo<\/strong>, y el orgullo puesto en evidencia por Fernando por su paternidad.<\/p>\n<p>Y aunque es verdad que la formaci\u00f3n cuenta con sangre renovada con la inclusi\u00f3n del baterista Juli\u00e1n Gondell y el bajista Charles Noguera, los socios de Fernando en Vanthra, su m\u00e1s reciente proyecto musical; el regreso del hist\u00f3rico Abril Sosa permite establecer un lazo directo con su pasado m\u00e1s glorioso.<\/p>\n<p>En ese contexto, <strong>la esencia de Catupecu Machu tom\u00f3 cuerpo en en\u00e9rgicas interpretaciones de sus grandes cl\u00e1sicos y se proyect\u00f3 hacia el futuro, con el estreno de un tema que ser\u00e1 parte de un nuevo disco <\/strong>y una agenda que prev\u00e9 para el resto del a\u00f1o recitales en distintos puntos del pa\u00eds y en ciudades europeas, que dan la pauta que la banda est\u00e1 definitivamente de vuelta.<\/p>\n<p>En poco m\u00e1s de dos horas y media de concierto, con un Fernando Ruiz D\u00edaz locuaz y sobreexcitado como siempre, pero adem\u00e1s emocionado como nunca,<strong> el grupo carg\u00f3 de electricidad el ambiente a fuerza de distorsi\u00f3n y alto volumen.<\/strong><\/p>\n<figure class=\"mb-3\"><img loading=\"lazy\" data-src=\"http:\/\/nuevacordoba.net\/wp-content\/uploads\/2023\/06\/catupecu-machu-regreso-y-reencarnacion-a-corazon-abierto-1.jpg\" src=\"https:\/\/www.telam.com.ar\/assets\/img\/not_image.png\" class=\" lazy \" width=\"100%\" height=\"100%\" alt=\"Foto Cris Sille\"><figcaption> Foto: Cris Sille <\/figcaption><\/figure>\n<p>As\u00ed fueron desfilando, con distintas intensidades, una veintena de grandes \u00e9xitos que provocaron una acalorada respuesta del p\u00fablico, que no par\u00f3 de cantar, saltar en las plateas y hacer pogo en el sector del campo.<\/p>\n<p><strong>La banda cont\u00f3 adem\u00e1s con algunos invitados de lujo<\/strong>, como Lisandro Aristimu\u00f1o, Fabi\u00e1n \u201cZorrito\u201d Von Quintiero, el violinista Javier Casalla, Lula Bertoldi, Barbarita Palacios y Ana Dura\u00f1ona.<\/p>\n<p>En tanto que, a medida que iba avanzando el concierto, el l\u00edder del grupo fue derribando la \u201ccuarta pared\u201d, contando entretelones de la preparaci\u00f3n del show, revelando que horas antes hab\u00eda estado con fiebre y no hab\u00eda podido ensayar, haciendo part\u00edcipes a los presentes de su d\u00eda a d\u00eda como padre de Lila, su hija de diez a\u00f1os, o evocando a su hermano fallecido en 2021, luego de estar postrado desde 2006 por un accidente automovil\u00edstico.<\/p>\n<p>Incluso, <strong>el show, que hab\u00eda iniciado con una precisi\u00f3n de relojer\u00eda, se fue descontracturando a medida que se acercaba el final, hasta desembocar en un relajado cierre<\/strong>, con interrupciones en medio de las canciones en pos de ser part\u00edcipes de lo que ocurr\u00eda debajo del escenario.<\/p>\n<p>Sin embargo,<strong> la indiscutible potencia y la pericia de la banda no corri\u00f3 peligro en ning\u00fan momento, en un terreno en donde Fernando hizo tronar su guitarra, con una buena combinaci\u00f3n en iguales dosis de riffs y punteos<\/strong>; Charles Noguera abordando el bajo desde un excelso concepto guitarr\u00edstico; y Abril Sosa y Juli\u00e1n Gondell a dos bater\u00edas, que pod\u00edan ir en sincron\u00eda o combinarse para crear una mayor densidad sonora.<\/p>\n<figure class=\"mb-3\"><img loading=\"lazy\" data-src=\"http:\/\/nuevacordoba.net\/wp-content\/uploads\/2023\/06\/catupecu-machu-regreso-y-reencarnacion-a-corazon-abierto-2.jpg\" src=\"https:\/\/www.telam.com.ar\/assets\/img\/not_image.png\" class=\" lazy \" width=\"100%\" height=\"100%\" alt=\"Foto Cris Sille\"><figcaption> Foto: Cris Sille <\/figcaption><\/figure>\n<p>A pesar de ello,<strong> <\/strong>hubo rotaci\u00f3n de instrumentos en varios pasajes y tanto Abril, como Noguera y Gondell tocaron la guitarra, as\u00ed como Fernando se hizo cargo del bajo.<\/p>\n<p>Sin grandes pre\u00e1mbulos,<strong> el cuarteto puso en marcha el concierto con una potente bater\u00eda de canciones conformadas por \u201c\u00d3xido en el aire\u201d, la celebrada \u201cY lo que quiero es que pises sin el suelo\u201d, \u201cPerfectos cromosomas\u201d, \u201cSecretos pasadizos\u201d y \u201cPlan B\u201d.<\/strong><\/p>\n<p>\u201cGracias por estar siempre, mis amores\u201d, vocifer\u00f3 el l\u00edder en medio de las interpretaciones, del mismo modo que grit\u00f3 el nombre de su hermano en varias ocasiones, lo cual arranc\u00f3 m\u00e1s ovaciones.<\/p>\n<p>Todo esto suced\u00eda en medio de un torbellino de luces, que se combinaban con cuatro paneles en el rol de modernas pantallas de fondo, las cuales contrastaban con unas buc\u00f3licas ca\u00f1as de bamb\u00fa ubicadas a los costados del escenario.<\/p>\n<p>Sin perder la fuerza sonora, <strong>\u201cGrandes esperanzas\u201d y \u201cPuedes\u201d bajaron un poco el tempo, al igual que \u201cEn los sue\u00f1os\u201d, que sin embargo present\u00f3 una densidad abrumadora.<\/strong><\/p>\n<p>Con el viol\u00edn de Javier Casalla y las voces de Lula Bertoldi, Barbarita Palacios y Ana Dura\u00f1ona, como invitados, \u201cMusas\u201d abri\u00f3 un bloque ac\u00fastico que tuvo como protagonista excluyente a Fernando.<\/p>\n<figure class=\"mb-3\"><img loading=\"lazy\" data-src=\"http:\/\/nuevacordoba.net\/wp-content\/uploads\/2023\/06\/catupecu-machu-regreso-y-reencarnacion-a-corazon-abierto-3.jpg\" src=\"https:\/\/www.telam.com.ar\/assets\/img\/not_image.png\" class=\" lazy \" width=\"100%\" height=\"100%\" alt=\"Foto Cris Sille\"><figcaption> Foto: Cris Sille <\/figcaption><\/figure>\n<p>Solo con su guitarra ac\u00fastica, aunque \u2013fiel a su estilo- con un efecto de distorsi\u00f3n, <strong>el l\u00edder aprovech\u00f3 este pasaje para empezar a abrir las puertas de su intimidad<\/strong>; entonces, su hija Lila, los recuerdos en torno a su hermano Gabriel y la fiebre padecida d\u00edas antes del show comenzaron a ser temas fundamentales de sus alocuciones.<\/p>\n<p><strong>En ese contexto, estren\u00f3 \u201cPrimer movimiento\u201d<\/strong>, una canci\u00f3n que avis\u00f3 que ser\u00e1 parte de un futuro disco del grupo, en una versi\u00f3n casi fogonera; y en la misma tesitura desempolv\u00f3 \u201cCuadro dentro de cuadros\u201d.<\/p>\n<p>El cierre de este pasaje sum\u00f3 a Abril Sosa en guitarra el\u00e9ctrica para recrear \u201cEntero o a pedazos\u201d. Una falla en el efecto que deb\u00eda sonar en el instrumento de su compa\u00f1ero, oblig\u00f3 a parar la canci\u00f3n para su resoluci\u00f3n. \u201cEsto es Catupecu, no es una pel\u00edcula guionada\u201d, justific\u00f3 Fernando la movida.<\/p>\n<p>Pero tambi\u00e9n <strong>volvi\u00f3 a abrir su coraz\u00f3n en ese instante, primero al incorporar al hijo de su compa\u00f1ero a las frases dedicadas a su propia hija Lila, y luego al lanzar una confesi\u00f3n, que fue tanto un gesto de amor hacia su coequiper<\/strong>, como una revelaci\u00f3n sobre este reencuentro: \u201cLo m\u00e1s cercano que tengo a estar con Gaby es estar con Abril Sosa. Todo esto pasa porque \u00e9l me llam\u00f3, as\u00ed que un fuerte aplauso a \u00e9l\u201d.<\/p>\n<p>\u201cHechizo\u201d, el cover de los espa\u00f1oles \u201cH\u00e9roes del Silencio\u201d, devolvi\u00f3 el alto voltaje con la banda a pleno en el escenario, aunque con Juli\u00e1n Gondell en el rol de guitarrista, el cual mantendr\u00eda tambi\u00e9n en \u201cOrigen extremo\u201d. En \u201cConfusi\u00f3n\u201d regres\u00f3 el formato de dos bater\u00edas, pero Fernando Ruiz D\u00edaz y Charles Noguera intercambiaron instrumentos y permanecieron as\u00ed hasta \u201cAcaba el fin\u201d, en una inequ\u00edvoca incursi\u00f3n en el rock pesado.<\/p>\n<figure class=\"mb-3\"><img loading=\"lazy\" data-src=\"http:\/\/nuevacordoba.net\/wp-content\/uploads\/2023\/06\/catupecu-machu-regreso-y-reencarnacion-a-corazon-abierto-4.jpg\" src=\"https:\/\/www.telam.com.ar\/assets\/img\/not_image.png\" class=\" lazy \" width=\"100%\" height=\"100%\" alt=\"Foto Cris Sille\"><figcaption> Foto: Cris Sille <\/figcaption><\/figure>\n<p>\u201cLos dejo con estas dos bestias humanas que tocan la bater\u00eda\u201d, dijo el l\u00edder dando paso a un soberbio solo en bloque de Abril Sosa y Juli\u00e1n Gondell. \u201cTocar con estos dos bateristas es un afano, \u00bfno?\u201d, redund\u00f3 Fernando cuando finalizaron.<\/p>\n<p><strong>El tramo final fue a puro hit y plena energ\u00eda con \u201cEso vive\u201d, \u201cMetr\u00f3polis nueva\u201d, \u201cA veces vuelvo\u201d con el p\u00fablico como \u00fanica voz protagonista en su inicio, y \u00abMagia veneno\u00bb con \u00abEl Zorrito\u00bb en el bajo y Lisandro Aristimu\u00f1o en guitarra<\/strong>, como invitados.<\/p>\n<p>Para el cierre con \u201cDale\u201d definitivamente se abandonaron las formas y la versi\u00f3n se extendi\u00f3 por dem\u00e1s, con interrupciones en el medio para arengar al p\u00fablico y los dos bateristas lanz\u00e1ndose a la multitud. Quedaba todav\u00eda \u201cLe di sol\u201d para el cierre definitivo.<\/p>\n<p>Catupecu Machu seguir\u00e1 el 30 de junio y 1 de julio en el Club Paraguay de C\u00f3rdoba, el 7 de julio en la Sala de las Artes de Rosario, y en octubre en Berl\u00edn, Barcelona, Valencia y Madrid con la \u00abreencarnaci\u00f3n\u00bb iniciada el a\u00f1o pasado en el Quilmes Rock. O el regreso, seg\u00fan c\u00f3mo se lo mire.<\/p>\n<div class=\"card col-md-10 offset-md-1 mb-4\">\n<h3 class=\"pt-2\">Relacionadas<\/h3>\n<\/p><\/div>\n","protected":false},"excerpt":{"rendered":"<p>Foto: Cris Sille Aunque su l\u00edder Fernando Ruiz D\u00edaz prefiera hablar de reencarnaci\u00f3n en vez de regreso, a partir de la presencia en su formaci\u00f3n de algunos nuevos integrantes, Catupecu Machu mostr\u00f3 en la noche del pasado s\u00e1bado&nbsp; en el Movistar Arena que ambos conceptos, lejos de presentarse como opuestos, pueden convivir en esta nueva [&hellip;]<\/p>\n","protected":false},"author":1,"featured_media":33716,"comment_status":"closed","ping_status":"closed","sticky":false,"template":"","format":"standard","meta":[],"categories":[9],"tags":[],"_links":{"self":[{"href":"http:\/\/nuevacordoba.net\/index.php\/wp-json\/wp\/v2\/posts\/33715"}],"collection":[{"href":"http:\/\/nuevacordoba.net\/index.php\/wp-json\/wp\/v2\/posts"}],"about":[{"href":"http:\/\/nuevacordoba.net\/index.php\/wp-json\/wp\/v2\/types\/post"}],"author":[{"embeddable":true,"href":"http:\/\/nuevacordoba.net\/index.php\/wp-json\/wp\/v2\/users\/1"}],"replies":[{"embeddable":true,"href":"http:\/\/nuevacordoba.net\/index.php\/wp-json\/wp\/v2\/comments?post=33715"}],"version-history":[{"count":0,"href":"http:\/\/nuevacordoba.net\/index.php\/wp-json\/wp\/v2\/posts\/33715\/revisions"}],"wp:featuredmedia":[{"embeddable":true,"href":"http:\/\/nuevacordoba.net\/index.php\/wp-json\/wp\/v2\/media\/33716"}],"wp:attachment":[{"href":"http:\/\/nuevacordoba.net\/index.php\/wp-json\/wp\/v2\/media?parent=33715"}],"wp:term":[{"taxonomy":"category","embeddable":true,"href":"http:\/\/nuevacordoba.net\/index.php\/wp-json\/wp\/v2\/categories?post=33715"},{"taxonomy":"post_tag","embeddable":true,"href":"http:\/\/nuevacordoba.net\/index.php\/wp-json\/wp\/v2\/tags?post=33715"}],"curies":[{"name":"wp","href":"https:\/\/api.w.org\/{rel}","templated":true}]}}