{"id":33725,"date":"2023-06-26T15:38:16","date_gmt":"2023-06-26T15:38:16","guid":{"rendered":"https:\/\/prensa.cba.gov.ar\/?p=557505"},"modified":"2023-06-26T15:38:16","modified_gmt":"2023-06-26T15:38:16","slug":"lo-que-trae-la-agenda-cultural-del-26-de-junio-al-2-de-julio","status":"publish","type":"post","link":"http:\/\/nuevacordoba.net\/index.php\/2023\/06\/26\/lo-que-trae-la-agenda-cultural-del-26-de-junio-al-2-de-julio\/","title":{"rendered":"Lo que trae la agenda cultural del 26 de junio al 2 de julio"},"content":{"rendered":"<div><img src=\"http:\/\/nuevacordoba.net\/wp-content\/uploads\/2023\/06\/lo-que-trae-la-agenda-cultural-del-26-de-junio-al-2-de-julio.jpg\" class=\"ff-og-image-inserted\"><\/div>\n<ul>\n<li><strong>La Agencia C\u00f3rdoba Cultura dio a conocer la grilla de actividades para los pr\u00f3ximos d\u00edas.<\/strong><\/li>\n<li><strong>Entre lo destacado est\u00e1 el regreso a escena de la \u00f3pera de Giacomo Puccini, \u00abMadama Butterfly\u00bb. <\/strong><\/li>\n<li><strong>Hay propuestas de cine, teatro, m\u00fasica, artes pl\u00e1sticas y mucho m\u00e1s.<\/strong><\/li>\n<\/ul>\n<p>La agenda de actividades de la Agencia C\u00f3rdoba Cultura propone diversos eventos para disfrutar de los artistas locales. Cada semana se presenta una nutrida programaci\u00f3n que puede consultarse tambi\u00e9n en <a href=\"http:\/\/cultura.cba.gov.ar\/\" target=\"_blank\" rel=\"noreferrer noopener\">cultura.cba.gov.ar<\/a>.<\/p>\n<p>Esta semana se destaca el regreso a escena de la emblem\u00e1tica \u00f3pera de Giacomo Puccini <strong>Madama Butterfly<\/strong>, con un notable elenco de int\u00e9rpretes solistas junto a la Orquesta Sinf\u00f3nica de C\u00f3rdoba y el Coro Polif\u00f3nico de C\u00f3rdoba. La cita es el martes 27 a las 20 en el Teatro del Libertador San Mart\u00edn, con reposici\u00f3n el jueves 29 de junio y s\u00e1bado 1 de julio.<\/p>\n<p>Por otra parte, el mi\u00e9rcoles 28 a las 19, el Museo de Ciencias Naturales inaugura la muestra fotogr\u00e1fica de Fabiano Ventura que propone un recorrido por distintos cordones monta\u00f1osos del mundo y sus recursos naturales. Tambi\u00e9n el Doctor en Geolog\u00eda de la UNC, Eduardo Piovano, brindar\u00e1 la charla <strong>La Laguna Mar Chiquita: un testigo del Cambio Clim\u00e1tico en Sudam\u00e9rica<\/strong>.<\/p>\n<p>Finalmente, el domingo 2 de julio a las 17 en el Paseo del Buen Pastor, se lleva adelante un nuevo encuentro del <strong>CBA JAZZ,<\/strong> ciclo del Festival con la presentaci\u00f3n de Tramperas tr\u00edo. Con entrada libre y gratuita, se puede disfrutar de la m\u00fasica de este tr\u00edo que combina elementos expresivos de la m\u00fasica argentina y el trabajo compositivo en equilibrio con la improvisaci\u00f3n.<\/p>\n<p>Estas son solo algunas de las actividades que podr\u00e1n disfrutar en los pr\u00f3ximos d\u00edas. La grilla completa, a continuaci\u00f3n:<\/p>\n<div class=\"wp-block-coblocks-accordion\">\n<div class=\"wp-block-coblocks-accordion-item\">\n<details>\n<summary class=\"wp-block-coblocks-accordion-item__title\"><strong>Lunes 26 de junio<\/strong><\/summary>\n<div class=\"wp-block-coblocks-accordion-item__content\">\n<p>A las 19.&nbsp;<strong>Cine en Biblioteca C\u00f3rdoba:&nbsp;\u201cJim Jarmusch, lo (extra) ordinario, las casualidades o causalidades\u201d&nbsp;<\/strong><em>(de Paterson, Estados Unidos, 2016)<\/em><\/p>\n<p><strong>Biblioteca C\u00f3rdoba (27 de Abril 375<\/strong>)<\/p>\n<p>Historia sobre un conductor de autob\u00fas y poeta aficionado sobre las peque\u00f1as cosas&nbsp;llamado Paterson, que vive en Paterson, New Jersey.&nbsp;Entrada libre y gratuita.&nbsp;&nbsp;<\/p>\n<p>A las 19.&nbsp;<strong>Cine: El siervo in\u00fatil&nbsp;<\/strong><em>(de Fernando Lacolla, Argentina, 2023)<\/em><\/p>\n<p><strong>Centro Cultural Leonardo Favio (Buenos Aires 55, R\u00edo Cuarto<\/strong>)<\/p>\n<p>Luca, un taciturno empleado inmobiliario, trabaja en una empresa interesada en construir un housing en unos viejos terrenos del ferrocarril. Ante las burocracias que imposibilitan el avance de la obra, recurre al diputado Cardone quien se involucra en el negocio y lo convierte en su testaferro. Enceguecido por su ambici\u00f3n, Luca no advierte una ca\u00edda sin l\u00edmite.&nbsp;<strong>Repone martes 27 a las 21, mi\u00e9rcoles 28, jueves 29 y s\u00e1bado 1 a las 19.&nbsp;<\/strong>Entrada general $400.- Estudiantes y Jubilados $200.<\/p>\n<p>A las 20.&nbsp;<strong>Cine de cabecera: El camino de los sue\u00f1os&nbsp;<\/strong><em>(de David Lynch, Estados Unidos, 2001)<\/em><\/p>\n<p><strong>Centro Cultural Leonardo Favio (Buenos Aires 55, R\u00edo Cuarto<\/strong>)<\/p>\n<p>Betty Elms (Naomi Watts), una joven aspirante a actriz, llega a Los \u00c1ngeles para convertirse en estrella de cine y se aloja en el apartamento de su t\u00eda. All\u00ed conoce a la enigm\u00e1tica Rita (Laura Harring), una mujer que padece amnesia a causa de un accidente sufrido en Mulholland Drive. Las dos juntas deciden investigar qui\u00e9n es Rita y c\u00f3mo lleg\u00f3 hasta all\u00ed. Entrada libre y gratuita<\/p>\n<p>A las 21.&nbsp;<strong>Cine: Vera&nbsp;<\/strong><em>(de Tizza Covi y Rainer Frimmel, Australia, 2022)<\/em><\/p>\n<p><strong>Centro Cultural Leonardo Favio (Buenos Aires 55, R\u00edo Cuarto<\/strong>)<\/p>\n<p>Vera vive a la sombra de su famoso padre. Cansada de su vida y de sus relaciones superficiales, se adentra en la alta sociedad romana. Cuando en los suburbios hiere a un ni\u00f1o de ocho a\u00f1os en un accidente automovil\u00edstico, ella forma una relaci\u00f3n intensa con \u00e9l y con su padre. Pero pronto descubre que tambi\u00e9n en ese mundo ella es s\u00f3lo un instrumento para los dem\u00e1s.<strong>&nbsp;Repone martes 27 a las 18:30, mi\u00e9rcoles 28 y jueves 29 a las 21, viernes 30 a las 19 y s\u00e1bado 1 a las 21.&nbsp;<\/strong>Entrada general $400.- Estudiantes y Jubilados $200.<\/p>\n<\/div>\n<\/details>\n<\/div>\n<\/div>\n<div class=\"wp-block-coblocks-accordion\">\n<div class=\"wp-block-coblocks-accordion-item\">\n<details>\n<summary class=\"wp-block-coblocks-accordion-item__title\"><strong>Martes 27 de junio<\/strong><\/summary>\n<div class=\"wp-block-coblocks-accordion-item__content\">\n<p>A las 18.&nbsp;<strong>Ciclo Cine en el Palacio:&nbsp;Enter the void<\/strong><em>&nbsp;<\/em><em>(de Gaspar No\u00e9, Francia, 2009)<\/em><\/p>\n<p><strong>Museo Evita \u2013 Palacio Ferreyra (Av. Hip\u00f3lito Yrigoyen 511<\/strong>)<\/p>\n<p>Esta propuesta, que comenz\u00f3 en el a\u00f1o 2022 con 35 proyecciones de diferentes g\u00e9neros y directores, vuelve con el ciclo&nbsp;<strong>Alucina: el alma manifiesta,&nbsp;<\/strong>una serie de pel\u00edculas que exploran los confines de lo humano a trav\u00e9s de largometrajes donde nuevos bordes son descubiertos, donde las posibilidades de la naturaleza humana se estiran, se desdibujan y se rearman como en un gran rompecabezas psicod\u00e9lico.&nbsp;Oscar y su hermana Linda viven desde hace poco en Tokio. \u00c9l sobrevive traficando con drogas, ella trabaja como stripper en un club nocturno. Durante un forcejeo con la polic\u00eda, Oscar cae herido tras un disparo. Aunque muere, su esp\u00edritu, fiel a la promesa de no abandonar a su hermana, rechaza dejar el mundo de los vivos. Su esp\u00edritu vaga ahora por la ciudad y sus visiones son cada&nbsp;vez m\u00e1s ca\u00f3ticas. Entrada libre y gratuita, por orden de llegada, hasta agotar capacidad de sala.&nbsp;<\/p>\n<p>A las 18:30.&nbsp;<strong>Coordenadas de dise\u00f1o<\/strong><\/p>\n<p><strong>Museo Emilio Caraffa&nbsp;<\/strong>(Av. Poeta Lugones 411)<\/p>\n<p>Se presenta el libro de dise\u00f1o de Elida Gim\u00e9nez, un libro que ofrece un sistema de valores para la vida profesional. De la presentaci\u00f3n participan junto a la autora, Diego Yorbandi y el Comunicador y Dise\u00f1ador Ra\u00fal Shakespear. Entrada libre y gratuita<\/p>\n<p>A las 19.&nbsp;<strong>Cine: Alcarr\u00e1s&nbsp;<\/strong><em>(de Dolores Fonzi, Argentina, 2023)<\/em><\/p>\n<p><strong>Cine Arte C\u00f3rdoba (27 de Abril 275<\/strong>)<\/p>\n<p>La familia Sol\u00e9 lleva varias generaciones cultivando una gran extensi\u00f3n de melocotoneros en Alcarr\u00e1s, una peque\u00f1a localidad rural de Catalu\u00f1a. Pero este verano puede que sea su \u00faltima cosecha: la fruta ya no renta y los paneles solares est\u00e1n sustituyendo a los \u00e1rboles.&nbsp;<strong>Repone el mi\u00e9rcoles 28 a las 21, jueves 29 a las 17 y viernes 30 a las 17<\/strong>. Entrada general $700.- Jubilados $600 disponible en boleter\u00eda<\/p>\n<p>A las 20.&nbsp;<strong>Madama Butterfly<\/strong><\/p>\n<p><strong>Teatro del Libertador San Mart\u00edn (V\u00e9lez Sarsfield 365<\/strong>)<\/p>\n<p>Reposici\u00f3n de la emblem\u00e1tica obra de Giacomo Puccini. El elenco est\u00e1 formado por la soprano Cecilia Leunda, el tenor Gustavo Serrano, las mezzosopranos In\u00e9s Brusco y P\u00eda Gray, el bar\u00edtono Federico Finocchiaro, los tenores Gerardo Mart\u00ednez y Jos\u00e9 Curado mientras que los bajos son Federico Bildoza y Leonardo P\u00e9rez.&nbsp;<strong>Repone jueves 29 de junio y s\u00e1bado 1 de julio, siempre a las 20<\/strong>.&nbsp;Entradas desde $2.000 disponibles en&nbsp;<a href=\"http:\/\/autoentrada.com\/\" target=\"_blank\" rel=\"noreferrer noopener\">autoentrada.com<\/a>&nbsp;y en boleter\u00edas del teatro.<\/p>\n<p>A las 20.&nbsp;<strong>Cine por la Diversidad: Pollock&nbsp;<\/strong><em>(de Ed Harris, Estados Unidos, 2000)<\/em><\/p>\n<p><strong>Centro Cultural Leonardo Favio (Buenos Aires 55, R\u00edo Cuarto<\/strong>)<\/p>\n<p>Nueva York, a\u00f1os 40. Jackson Pollock y Lee Krasner, pintores y amantes, se encuentran en el centro del mundo art\u00edstico neoyorquino. Cuando contraen matrimonio, se trasladan al campo; ella abandona su trabajo para entregarse en cuerpo y alma al arte de Pollock, que empieza a crear una obra extraordinariamente original que lo convierte en el primer pintor moderno de los Estados Unidos. Pero la fama y la fortuna llegan acompa\u00f1adas de dudas existenciales y episodios violentos. Entrada libre y gratuita.<\/p>\n<p>A las 21.&nbsp;<strong>Cine: Blondi&nbsp;<\/strong><em>(de Carla Sim\u00f3n, Espa\u00f1a, 2022)<\/em><\/p>\n<p><strong>Cine Arte C\u00f3rdoba (27 de Abril 275<\/strong>)<\/p>\n<p>Blondi y Mirko, a simple vista, parecen una pareja ideal. Les encanta vivir juntos, escuchan la misma m\u00fasica, ven las mismas pel\u00edculas, les gusta fumar porros, ir a conciertos, tener los mismos amigos, todo es perfecto entre ellos\u2026 pero, aunque parecen casi de la misma edad, Blondi es la mam\u00e1 de Mirko.&nbsp;<strong>Repone el mi\u00e9rcoles 28, jueves 29 y viernes 30 a las 19<\/strong>. Entrada general $700.- Jubilados $600 disponible en boleter\u00eda.<\/p>\n<\/div>\n<\/details>\n<\/div>\n<\/div>\n<div class=\"wp-block-coblocks-accordion\">\n<div class=\"wp-block-coblocks-accordion-item\">\n<details>\n<summary class=\"wp-block-coblocks-accordion-item__title\"><strong>Mi\u00e9rcoles 28 de junio<\/strong><\/summary>\n<div class=\"wp-block-coblocks-accordion-item__content\">\n<p>A las 19.&nbsp;<strong>Exposici\u00f3n fotogr\u00e1fica \u201cRutas Italianas. Monta\u00f1as, alpinismo, cambio clim\u00e1tico\u201d<\/strong><\/p>\n<p><strong>Museo de Ciencias Naturales (Av. Poeta Lugones 395<\/strong>)<\/p>\n<p>Inaugura la muestra fotogr\u00e1fica \u201cRutas Italianas. Monta\u00f1as, alpinismo, cambio clim\u00e1tico\u201d de Fabiano Ventura. La exposici\u00f3n propone un recorrido por distintos cordones monta\u00f1osos del mundo y sus recursos naturales a trav\u00e9s de fotograf\u00edas en gran tama\u00f1o de Fabiano Ventura, documentos hist\u00f3ricos, proyecciones de video y otros elementos referidos al alpinismo. Eduardo Piovano (Doctor en Geolog\u00eda de la UNC) brindar\u00e1 la charla \u201cLa Laguna Mar Chiquita: un testigo del Cambio Clim\u00e1tico en Sudam\u00e9rica\u201d.<\/p>\n<p>A las 19:30.&nbsp;<strong>Cine Club del CCC:&nbsp;Dr\u00e1cula&nbsp;<\/strong><em>(de&nbsp;Francis Ford Coppola,&nbsp;Estados&nbsp;Unidos,&nbsp;1922)<\/em><\/p>\n<p><strong>Centro Cultural C\u00f3rdoba (Av. Poeta Lugones 401<\/strong>)<\/p>\n<p>En el a\u00f1o 1890, el joven abogado Jonathan Harker viaja a un castillo perdido de Transilvania, donde conoce al conde Dr\u00e1cula, que en 1462 perdi\u00f3 a su amor, Elisabeta. El conde, fascinado por una fotograf\u00eda de Mina Murray, la novia de Harker, que le recuerda a su Elisabeta, viaja hasta Londres \u00abcruzando oc\u00e9anos de tiempo\u00bb para conocerla. Ya en Inglaterra, intenta conquistar y seducir a Lucy, la mejor amiga de Mina.&nbsp;Entrada libre y gratuita hasta agotar capacidad de sala.<\/p>\n<p>A las 20.&nbsp;<strong>Cine debate Democracia y Dictaduras Latinoamericanas: Bajo el fuego&nbsp;<em>(de&nbsp;Roger Spottiswoode,&nbsp;Estados Unidos, 1983)<\/em><\/strong><\/p>\n<p><strong>Museo Amadeo Sabattini (Mariano Moreno 270, Villa Mar\u00eda<\/strong>)<\/p>\n<p>Centroam\u00e9rica, a\u00f1os ochenta. Tres periodistas americanos van a Nicaragua, donde la guerrilla sandinista est\u00e1 a punto de derrocar al dictador Somoza, a pesar de que cuenta con la ayuda de la CIA. Russell Price (Nick Nolte) es un fot\u00f3grafo al que la periodista radiof\u00f3nica Claire (Joanna Cassidy) presiona para que se involucre en la revoluci\u00f3n. En una situaci\u00f3n similar se encuentra otro colega de profesi\u00f3n (Gene Hackman).Entrada libre y gratuita<\/p>\n<\/div>\n<\/details>\n<\/div>\n<\/div>\n<div class=\"wp-block-coblocks-accordion\">\n<div class=\"wp-block-coblocks-accordion-item\">\n<details>\n<summary class=\"wp-block-coblocks-accordion-item__title\"><strong>Jueves 29 de junio<\/strong><\/summary>\n<div class=\"wp-block-coblocks-accordion-item__content\">\n<p>A las 21.&nbsp;<strong>Coro de C\u00e1mara en la Compa\u00f1\u00eda de Jes\u00fas<\/strong><\/p>\n<p><strong>Iglesia de la Compa\u00f1\u00eda de Jes\u00fas (Caseros 52<\/strong>)<\/p>\n<p>Bajo la direcci\u00f3n del maestro invitado, Esteban Conde Ferreyra, la agrupaci\u00f3n interpreta \u201cLado B\u201d, Bach y Mendelssohn; \u201cSei Lob und Preis mit Ehren\u201d y \u201cKomm, Jesu, Komm \u201c, de Johann Sebastian Bach. Adem\u00e1s, \u201cVerpergesang\u201d, \u201cVeni Domine\u201d, \u201cLaudate pueri\u201d, \u201cWarum toben die Heiden\u201d; \u201cRichte mich, Gott\u201d, \u00abMein Gott, warum hast du mich verlassen?\u201d, de F\u00e9lix Mendelssohn Bartholdy. Entrada libre y gratuita.<\/p>\n<p>A las 21.&nbsp;<strong>Cine: Aspromonte&nbsp;<\/strong><em>(de Mimmo Calopresti, Italia, 2019)<\/em><\/p>\n<p><strong>Cine Arte C\u00f3rdoba (27 de Abril 275<\/strong>)<\/p>\n<p>A finales de los a\u00f1os 50 en \u00c1frico, un peque\u00f1o pueblo del valle Aspromonte, en la regi\u00f3n italiana de Calabria, una mujer muere en el parto porque el m\u00e9dico no llega a tiempo. Ninguna carretera conecta \u00c1frico con otros pueblos. Como resultado de esta tragedia, todos los habitantes de \u00c1frico, incluyendo los ni\u00f1os, abandonan sus ocupaciones habituales y juntos se lanzar\u00e1n a construir ellos mismos una carretera. Giulia, la nueva maestra de escuela, viene del norte de Italia con la misi\u00f3n de ense\u00f1ar italiano est\u00e1ndar para ayudar a crear cohesi\u00f3n cultural entre \u00c1frico y el resto del pa\u00eds. Pero se ver\u00e1 obligada a luchar con el mafioso local, Don Tot\u00f3, que est\u00e1 decidido a mantener al pueblo aislado, y por tanto, bajo su dominio absoluto.&nbsp;<strong>Repone el viernes 30 a las 21, s\u00e1bado 1 y domingo 2 a las 17, 19 y 21 hs.<\/strong>&nbsp;Entrada general $700.- Jubilados $600 disponible en boleter\u00eda.<\/p>\n<\/div>\n<\/details>\n<\/div>\n<\/div>\n<div class=\"wp-block-coblocks-accordion\">\n<div class=\"wp-block-coblocks-accordion-item\">\n<details>\n<summary class=\"wp-block-coblocks-accordion-item__title\"><strong>Viernes 30 de julio<\/strong><\/summary>\n<div class=\"wp-block-coblocks-accordion-item__content\">\n<p>A las&nbsp;20.&nbsp;<strong>M\u00fasica en el CCC:&nbsp;Sideral \u2013 Fusi\u00f3n tango<\/strong><\/p>\n<p><strong>Centro Cultural C\u00f3rdoba (Av. Poeta Lugones 401<\/strong>)<\/p>\n<p>Banda cordobesa, integrada por m\u00fasicos de importante trayectoria en diversos g\u00e9neros musicales. El repertorio est\u00e1 compuesto, en su mayor\u00eda, por temas propios, con neta ra\u00edz en el tango, pero fusionando estilos e influencias del pop y otras m\u00fasicas actuales, incluyendo en sus shows algunas versiones de cl\u00e1sicos.&nbsp;Entrada&nbsp;general$1.500&nbsp;disponibles en&nbsp;<a href=\"http:\/\/autoentrada.com\/\" target=\"_blank\" rel=\"noreferrer noopener\">autoentrada.com<\/a>&nbsp;y en boleter\u00edas del teatro.<\/p>\n<p>A las 21.&nbsp;<strong>Viernes de m\u00fasica: Destatierra Andina.<\/strong><\/p>\n<p><strong>Centro Cultural Leonardo Favio (Buenos Aires 55, R\u00edo Cuarto<\/strong>)<\/p>\n<p><strong>Viento del lugar<\/strong>&nbsp;es una banda de rock nacida en R\u00edo Cuarto en el a\u00f1o 2016. Su repertorio, est\u00e1 compuesto por canciones propias y fusiona todo tipo de g\u00e9neros. Integrantes: Sebasti\u00e1n Gamboa en voz, Mart\u00edn Gamboa en guitarra, Pablo Mores en guitarra, Guillermo Ricca en bajo y Agust\u00edn Bejarano en bater\u00eda. En tanto,&nbsp;<strong>Nave<\/strong>&nbsp;es una banda de rock fusi\u00f3n de la ciudad de R\u00edo Cuarto formada en 2014. En 2015 sac\u00f3 su primer disco titulado NAVE y cuenta con un segundo material discogr\u00e1fico grabado en Estudio ADS. Est\u00e1 integrada por Gustavo Torres en guitarra, Nico Ricci en bater\u00eda y Tite Quiroz en bajo.&nbsp;Entrada general $1.200 pesos disponibles en boleter\u00eda del Centro Cultural.<\/p>\n<\/div>\n<\/details>\n<\/div>\n<\/div>\n<div class=\"wp-block-coblocks-accordion\">\n<div class=\"wp-block-coblocks-accordion-item\">\n<details>\n<summary class=\"wp-block-coblocks-accordion-item__title\"><strong>S\u00e1bado 1 de julio<\/strong><\/summary>\n<div class=\"wp-block-coblocks-accordion-item__content\">\n<p>A las 14.&nbsp;<strong>P\u00f3rtico. Encuentro de ciencia ficci\u00f3n<\/strong><\/p>\n<p><strong>Centro Cultural C\u00f3rdoba (Av. Poeta Lugones 401<\/strong>)<\/p>\n<p>Se lleva adelante la quinta edici\u00f3n de este encuentro&nbsp;que busca servir de nexo entre la afici\u00f3n al g\u00e9nero y la academia. El programa incluye la presentaci\u00f3n de obras literarias de diversos or\u00edgenes, incluso la colecci\u00f3n de Antolog\u00edas de Ciencia Ficci\u00f3n de P\u00f3rtico, con todos sus t\u00edtulos, un producto editorial generado por la misma organizaci\u00f3n del evento. En el \u00e1mbito art\u00edstico se contar\u00e1 con una muestra gr\u00e1fica, fotogr\u00e1fica y escult\u00f3rica, ilustradores en vivo, talleres de doblaje y actuaci\u00f3n de voz, la presentaci\u00f3n de la banda Hysteria en vivo y un show de cierre con la Banda Sinf\u00f3nica Municipal y su repertorio de m\u00fasica de pel\u00edculas. Se suma tambi\u00e9n 10 ponencias cient\u00edficas y de divulgaci\u00f3n con tem\u00e1ticas variadas. Entrada libre y gratuita hasta agotar la capacidad de sala.<\/p>\n<p>A las 17.&nbsp;<strong>M\u00fasica en el Paseo: Encuentro de coros<\/strong><\/p>\n<p><strong>Paseo del Buen Pastor (Hip\u00f3lito Yrigoyen 325<\/strong>)<\/p>\n<p>En el marco del Ciclo M\u00fasica en el Paseo, se presenta el Coro de Ni\u00f1os Cantores de C\u00f3rdoba del Instituto Superior de Educaci\u00f3n Art\u00edstico Musical (ISEAM) Domingo Z\u00edpoli con la direcci\u00f3n de Carla Fogliatto; el Coro de la Facultad de Ciencias M\u00e9dicas (UNC) bajo la batuta de Dar\u00edo Ferrero y la&nbsp;Compa\u00f1\u00eda Coral C\u00f3rdoba dirigido por Vanesa Montoya.&nbsp;Durante los&nbsp;meses de Mayo a Diciembre, diversas agrupaciones corales participan de esta actividad que se realiza&nbsp;un fin de semana al mes&nbsp;en la Capilla. Entrada libre y gratuita. Para participar deber\u00e1n enviar su propuesta al mail&nbsp;<a href=\"mailto:produccionbuenpastor@gmail.com\" target=\"_blank\" rel=\"noreferrer noopener\">produccionbuenpastor@gmail.com<\/a>.<\/p>\n<\/div>\n<\/details>\n<\/div>\n<\/div>\n<div class=\"wp-block-coblocks-accordion\">\n<div class=\"wp-block-coblocks-accordion-item\">\n<details>\n<summary class=\"wp-block-coblocks-accordion-item__title\"><strong>Domingo 2 de julio<\/strong><\/summary>\n<div class=\"wp-block-coblocks-accordion-item__content\">\n<p>A las 11.&nbsp;<strong>Tejiendo Infancias<\/strong><\/p>\n<p><strong>Teatro Real \u2013 Hall (San Jer\u00f3nimo 66<\/strong>)<\/p>\n<p>Hasta las 16, el hall del Teatro Real se transforma en un espacio participativo para los m\u00e1s chicos con espect\u00e1culos musicales, actividades art\u00edsticas, l\u00fadicas y creativas, donde los ni\u00f1os y ni\u00f1as son protagonistas. Entrada libre y gratuita<\/p>\n<p>A las 17.&nbsp;<strong>CBA JAZZ, el ciclo del Festival: Tramperas tr\u00edo<\/strong><\/p>\n<p><strong>Paseo del Buen Pastor (Hip\u00f3lito Yrigoyen 325<\/strong>)<\/p>\n<p>En el marco del Ciclo del festival CBA JAZZ se presenta Tramperas tr\u00edo. La m\u00fasica de Tramperas transporta una mixtura sonora singular, combina elementos expresivos de la m\u00fasica argentina y el trabajo compositivo en equilibrio con la improvisaci\u00f3n. El tr\u00edo, integrado por&nbsp;<strong>Nicol\u00e1s Ocampo<\/strong>&nbsp;en saxo alto y clarinete bajo,&nbsp;<strong>Fernando M\u00e9ndez<\/strong>&nbsp; en bajo el\u00e9ctrico y contrabajo y&nbsp;<strong>Mat\u00edas Romero<\/strong>&nbsp;en bater\u00eda y glockenspiel, se sumerge en su esencia redescubriendo su faceta ac\u00fastica. Expande su sonido sumando el \u00ab<em>Bandone\u00f3n<\/em>\u00bb de Mart\u00edn Ellena (grupo Toch), instrumento que devela la ra\u00edz \u00ab<em>Argenta<\/em>\u00bb siempre presente en el repertorio original de la banda. Entrada libre y gratuita<\/p>\n<\/div>\n<\/details>\n<\/div>\n<\/div>\n<div class=\"wp-block-coblocks-accordion\">\n<div class=\"wp-block-coblocks-accordion-item\">\n<details>\n<summary class=\"wp-block-coblocks-accordion-item__title\"><strong>Muestras para visitar<\/strong><\/summary>\n<div class=\"wp-block-coblocks-accordion-item__content\">\n<p><strong>Biblioteca C\u00f3rdoba&nbsp;<\/strong>(27 de Abril 375)<\/p>\n<p><em>Horario: lunes a viernes de 8 a 20hs. Entrada libre y gratuita.<\/em> La biblioteca p\u00fablica fue creada el 16 de agosto de 1911 y conserva un acervo bibliogr\u00e1fico integrado por:<\/p>\n<p><strong>La Colecci\u00f3n de Referencia<\/strong>: conformada por enciclopedias; diccionarios; estad\u00edsticas y c\u00f3digos, entre otros.<\/p>\n<p><strong>La Colecci\u00f3n de Lujo:<\/strong>&nbsp;compuesta por obras sobre historia del arte y cl\u00e1sicos de la literatura espa\u00f1ola de ediciones agotadas o dif\u00edciles de encontrar. Se destacan dentro de la colecci\u00f3n \u201cperlas\u201d bibliogr\u00e1ficas como los libros Los siete partidos de muy noble rey Don Alfonso;&nbsp; El Sabio, del Lic. Gregorio L\u00f3pez, Compa\u00f1\u00eda general de Impresiones y Libros del Reino, Madrid, 1843 y el C\u00f3dice Civile di Napoleone il Grande col confronto delle Leggi Romani, Ed. Dalla Tipogr. del Consiglio di Stato, Napoli, 1813.<\/p>\n<p><strong>La Colecci\u00f3n General:<\/strong>&nbsp;contiene material bibliogr\u00e1fico multidisciplinario que puede ser retirado a pr\u00e9stamo y\/o consultado en sala.<\/p>\n<p><strong>La Colecci\u00f3n Fondo Cordob\u00e9s:<\/strong>&nbsp;con obras de literatura; arte; historia; costumbres; geograf\u00eda y biograf\u00edas, tanto de autores cordobeses, como de otros que investigan y escriben sobre C\u00f3rdoba.<\/p>\n<p><strong>La Colecci\u00f3n Arturo Capdevila:<\/strong>&nbsp;est\u00e1 integrada por una parte de su colecci\u00f3n personal, con libros de su autor\u00eda y obras autografiadas que recibi\u00f3 de diferentes personalidades durante su vida.<\/p>\n<p><strong>Museo Emilio Caraffa&nbsp;<\/strong>(Av. Poeta Lugones 411)<\/p>\n<p><em>Horario: de martes a domingo de 10 a 19. Entrada: en efectivo en recepci\u00f3n del museo o con tarjeta a trav\u00e9s del sistema Autoentrada.com.&nbsp;Menores de 16 a\u00f1os, gratuita. Mayores, 250 pesos o 450 pesos la visita combinada a los tres museos (Emilio Caraffa, Palacio Dionisi y Museo Evita Palacio Ferreyra). Todos los mi\u00e9rcoles: entrada gratuita.&nbsp;Los recorridos mediados de martes a viernes a las 10:30 Y 12:00 hs. entrada sin costo para grupos educativos, reserva al mail:&nbsp;<\/em><em><u><a href=\"mailto:educacion@museocaraffa.org.ar\" target=\"_blank\" rel=\"noreferrer noopener\">educacion@museocaraffa.org.ar<\/a><\/u><\/em><em>&nbsp;o al tel\u00e9fono 4343348\/9 interno 215 de martes a viernes de 9 a 14 hs. Horarios biblioteca: martes a viernes de 10 a 15 hs.<\/em><\/p>\n<p><strong>Inmanencia vital<\/strong>. Exposici\u00f3n de grabados y esculturas de&nbsp;<strong>Olga Autunn<\/strong>. Con curadur\u00eda de Pilar Altilio tiene como tem\u00e1tica principal, la naturaleza vegetal. La artista trabaja a partir de fotograf\u00edas tomadas en diversos lugares del pa\u00eds, de esta manera registra c\u00f3mo la naturaleza es alterada de diferentes formas traduciendo esta mirada en estampas y objetos, con la esperanza de concientizar el desastre ocasionado por la mano del hombre. Esta exhibici\u00f3n completa una trilog\u00eda comenzada en 2015 con la muestra El bosque encendido y continuada con Acerca de la supervivencia. La muestra cuenta.&nbsp;<strong>Cierra el 3 de septiembre.<\/strong><\/p>\n<p><strong>14\u00b0 edici\u00f3n del Premio Ita\u00fa a las Artes visuales<\/strong>. Obras premiadas y seleccionadas en la convocatoria nacional de artistas visuales, en sus dos categor\u00edas: general y arte e inteligencia artificial. Tambi\u00e9n se exhiben cuatro obras, premiadas en distintas ediciones, de artistas cordobeses reconocidos: Mart\u00edn Carrizo, Jair Jes\u00fas Toledo, Marcela Bosch y Lucas Jalowski. El premio Ita\u00fa tiene como objetivo estimular, visualizar y difundir la producci\u00f3n de artistas argentinos de Argentina y conformar la Colecci\u00f3n Ita\u00fa de Arte Contempor\u00e1neo perteneciente al Banco Ita\u00fa Argentina (BIA). La muestra cuenta con curadur\u00eda de Mar\u00eda Menegazzo Can\u00e9.&nbsp; En salas 5, 6 y 7.&nbsp;<strong>Cierra el 3 de septiembre.<\/strong><\/p>\n<p><strong>Civilizaciones imaginarias<\/strong>. Grabados, dibujos y pinturas de&nbsp;<strong>Charly Gait<\/strong>. Re\u00fane sus \u00faltimas producciones pict\u00f3ricas y tambi\u00e9n sus singulares experiencias en torno al grabado. Su obra se presenta como el registro visual de una civilizaci\u00f3n perdida o imaginaria que nos conecta con un antepasado sagrado y que, para ello, recurre a geograf\u00edas mat\u00e9ricas o documentos ficcionales en formatos pl\u00e1sticos. As\u00ed, apela po\u00e9ticamente a la posibilidad de la existencia de dioses y apariciones que se pliegan sobre nuestro tiempo y se revelan, operando como un equilibrio necesario a nuestra actualidad tecnol\u00f3gica y mecanizada. En sala 8.&nbsp;<strong>Cierra el 3 de septiembre.<\/strong><\/p>\n<p><strong>Connatural<\/strong>. Exposici\u00f3n de pintura instalada de&nbsp;<strong>Mar\u00eda Di Salvo<\/strong>. Su obra busca reflejar los ritmos de la naturaleza que se cuelan en los colores verdes y azules de la monta\u00f1a, los r\u00edos y los inviernos que la rodean. En su lenguaje pict\u00f3rico el color estalla entre fuertes trazos negros, materializados en&nbsp; fondos de materia intensa. La pintura como instancia \u00faltima y feliz de una imagen interior que se despliega hasta nacer y ramificarse. En sala 9.&nbsp;<strong>Cierra el 3 de septiembre.<\/strong><\/p>\n<p><strong>Romilio, las mariposas y su cazador<\/strong>&nbsp;del&nbsp;Proyecto educativo Lesolvidades. Es una exposici\u00f3n producida por el equipo del \u00c1rea de Educaci\u00f3n del MEC. Se trata de una experiencia educativa, art\u00edstica, accesiblilizada y l\u00fadica destinada para ni\u00f1as y ni\u00f1os. La investigaci\u00f3n comenz\u00f3 en octubre de 2021 con la asignaci\u00f3n del subsidio Ensayar museos 2021, otorgado por la Fundaci\u00f3n Williams. Romilio, las mariposas y su cazador est\u00e1 pensada desde la pedagog\u00eda cr\u00edtica freiriana y segmentada en tres ejes conceptuales seg\u00fan el \u201cEnfoque Triangular\u201d para la ense\u00f1anza-aprendizaje de las artes que propone la pedagoga art\u00edstica brasilera Ana Mae Barbosa: Apreciar, Contextualizar y Hacer.&nbsp;<strong>Cierra el 3 de septiembre.<\/strong><\/p>\n<p><strong>Museo Evita \u2013 Palacio Ferreyra<\/strong>&nbsp;(Av. Hip\u00f3lito Yrigoyen 511)<\/p>\n<p><em>Horario: de martes a domingo de 10 a 19. Entrada: se solicita a trav\u00e9s del sistema&nbsp;<\/em><em><u><a href=\"http:\/\/autoentrada.com\/\" target=\"_blank\" rel=\"noreferrer noopener\">autoentrada.com<\/a><\/u><\/em><em>. Menores de 16 a\u00f1os, gratuita. Mayores, 250 pesos o 450 pesos la visita combinada a los tres museos (Emilio Caraffa, Palacio Dionisi y Museo Evita Palacio Ferreyra). Todos los mi\u00e9rcoles: entrada gratuita.&nbsp; Horario de visitas guiadas: s\u00e1bados, domingos y feriados a las 11 y a las 16 y de martes a viernes a las 17. Visitas grupales e instituciones escolares: de martes a viernes a las 10 y a las 15.<\/em><\/p>\n<p><strong>Inventario Fragmentado. Alternativas de una colecci\u00f3n<\/strong>. Es el trabajo de los curadores rosarinos Guillermo Fantoni y Adriana Armando. La propuesta curatorial es un itinerario que organiza la experiencia en base a cuatro categor\u00edas: Existencias, Escenarios, Viajes, Confluencias. Estas obras pertenecen a la Colecci\u00f3n P\u00fablica de la Provincia de C\u00f3rdoba.<\/p>\n<p><strong>Po\u00e9ticas latinoamericanas en la colecci\u00f3n IKA<\/strong>. Est\u00e1 conformada por obras pertenecientes a los primeros premios adquisici\u00f3n y donaciones de artistas participantes en los cinco Salones IKA y en las tres Bienales Americanas de Arte que se realizaron en C\u00f3rdoba entre 1958 y 1966, patrocinadas por la empresa automotriz Kaiser. El giro que propone esta exposici\u00f3n es recorrer algunas piezas art\u00edsticas para atender a las po\u00e9ticas que circularon en el mundo a trav\u00e9s de estos salones y bienales, y que dan cuenta de aquello que acontece en Latinoam\u00e9rica o nuestra \u201cpatria grande\u201d. Estas obras pertenecen a la Colecci\u00f3n P\u00fablica de la Provincia de C\u00f3rdoba.<\/p>\n<p><strong>Manos An\u00f3nimas de Carlos Alonso<\/strong>. Las obras que integran la serie Manos An\u00f3nimas del artista pl\u00e1stico argentino Carlos Alonso, exponen el horror vivido durante la \u00faltima dictadura militar argentina, revelando en sus dibujos y pinturas, los sucesos tr\u00e1gicos, de opresi\u00f3n, p\u00e9rdida y violencia acaecidos durante ese per\u00edodo. Estas obras pertenecen a la Colecci\u00f3n P\u00fablica de la Provincia de C\u00f3rdoba.<\/p>\n<p><strong>Sobre lo inabarcable, los afectos, el insistir.&nbsp;<\/strong>Exposici\u00f3n colectiva de Candelaria Jaimez, Florencia Chirino y Fernanda Almanza. Bajo la curadur\u00eda de Cecilia Irazusta, la propuesta est\u00e1 formada por tres proyectos individuales trabajados compartiendo procesos e ideas a lo largo de dos a\u00f1os. Desde diferentes puntos geogr\u00e1ficos, estos di\u00e1logos con el entorno van tomando diversas formas y materialidades, todas surgidas inicialmente en el acto de caminar, recorrer un espacio natural y conectarse con \u00e9l. En ella se presentan estudios\/bit\u00e1coras, pinturas, dibujos, video, instalaciones y texto.<\/p>\n<p><strong>Bordadoras antolog\u00eda<\/strong>. El colectivo art\u00edstico Bordadoras en el Museo, que funciona &nbsp;desde 2016, expone parte de las obras de todos estos a\u00f1os que llevan como agrupaci\u00f3n art\u00edstica. La curadur\u00eda estar\u00e1 a cargo de Mar\u00eda Gabriela Lugones. Desde la conformaci\u00f3n del grupo, se fueron abordando diferentes tem\u00e1ticas para el bordado las que luego, puntada a puntada, &nbsp;se iban plasmando en las telas que sirvieron como medio para el encuentro, el di\u00e1logo y la expresi\u00f3n art\u00edstica. Bordadoras en el Museo est\u00e1 formado por amas de casa, artistas, estudiantes, docentes, todas con distintos recorridos de vida e historias personales. Las bordadoras se juntan en diferentes lugares del Museo, no s\u00f3lo con la intenci\u00f3n de recobrar el bordado como arte milenario, sino tambi\u00e9n para expresar la funci\u00f3n art\u00edstica del encuentro, de la circulaci\u00f3n de saberes, de la puesta en com\u00fan de historias, del disfrute de los silencios. Lo que se recrea en las tardes de bordado no es solamente la concreci\u00f3n de la obra con fines est\u00e9ticos o recreativos, como lo fue para aquellas mujeres de alta sociedad.<\/p>\n<p><strong>La Casa grande.&nbsp;<\/strong>Muestra dise\u00f1ada por el grupo Ensamble creativo que recupera la historia del Palacio Ferreyra.&nbsp;La casa, que inicialmente fue de la familia de los Ferreyra \u2013 Navarro Ocampo, hoy es patrimonio arquitect\u00f3nico y sede del Museo que alberga la colecci\u00f3n de obras de artes visuales de la Provincia de C\u00f3rdoba.<\/p>\n<p><strong>Museo Provincial de Fotograf\u00eda Palacio Dionisi&nbsp;<\/strong>(Av. Hip\u00f3lito Yrigoyen 622)<\/p>\n<p><em>Horario: de martes a domingos y feriados de 10 a 19. Las entradas pueden adquirirse de manera presencial en la recepci\u00f3n del museo o de manera anticipada a trav\u00e9s del sistema&nbsp;<\/em><em><u><a href=\"http:\/\/autoentrada.com\/\" target=\"_blank\" rel=\"noreferrer noopener\">autoentrada.com<\/a><\/u><\/em><em>. Menores de 16 a\u00f1os, gratuita. Mayores, 250 pesos o 450 pesos la visita combinada a los tres museos (Emilio Caraffa, Palacio Dionisi y Museo Evita Palacio Ferreyra). Entrada familiar hasta 6 integrantes, 750 pesos. Todos los mi\u00e9rcoles: entrada gratuita.&nbsp;<\/em><\/p>\n<p><strong>Las Calles&nbsp;<\/strong>de Rafael Calvi\u00f1o que tambi\u00e9n presenta la serie de Retratos de Escritores Argentinos perteneciente a la Biblioteca Nacional Mariano Moreno.<\/p>\n<p><strong>O NO&nbsp;<\/strong>de Manuel Pascual y Jimena Aldana. Obras de collage y revistas digitales e impresas.<\/p>\n<p><strong>Lager&nbsp;<\/strong>de Alberto Silva. Serie&nbsp; donde se ponen en di\u00e1logo im\u00e1genes del centro de detenci\u00f3n de la D2 en C\u00f3rdoba y de BIRKENAU, Oswiecim en Polonia.<\/p>\n<p>Fondo documental del Ministerio de Obras P\u00fablicas, Direcci\u00f3n General de Hidr\u00e1ulica del Archivo Hist\u00f3rico. Se exhibe la Secci\u00f3n Construcciones,&nbsp;<strong>sobre Sistematizaci\u00f3n del Arroyo La Ca\u00f1ada.<\/strong>&nbsp;Tramo II. Pavimentaci\u00f3n, desag\u00fces y revestimiento de barandas. Diciembre 1946.<\/p>\n<p>Cierra el&nbsp;<strong>30 de septiembre de 2023<\/strong>.<\/p>\n<p><strong>Museo de Ciencias Naturales&nbsp;<\/strong>(Av. Poeta Lugones 395)<\/p>\n<p><em>Horario de martes a domingo de 10 a 19 hs.<\/em><\/p>\n<p><strong>Rutas Italianas. Monta\u00f1as, alpinismo, cambio clim\u00e1tico<\/strong>. Exposici\u00f3n fotogr\u00e1ficade Fabiano Ventura que propone un recorrido por distintos cordones monta\u00f1osos del mundo y sus recursos naturales a trav\u00e9s de fotograf\u00edas en gran tama\u00f1o de Fabiano Ventura, documentos hist\u00f3ricos, proyecciones de video y otros elementos referidos al alpinismo.&nbsp;<strong>Cierra el 28 de agosto<\/strong>, con entrada libre y gratuita.<\/p>\n<p><strong>Museo del Cuarteto&nbsp;<\/strong>(Av. Col\u00f3n esq. Rivera Indarte)<\/p>\n<p><em>Horario: martes a domingo de 10 a 19. Entrada&nbsp;libre y&nbsp;gratuita<\/em><\/p>\n<p>El museo preserva una de las manifestaciones m\u00e1s importantes de la cultura popular de C\u00f3rdoba. All\u00ed se puede disfrutar de colecciones de los instrumentos tradicionales de los conjuntos, partituras, discos y fotograf\u00edas de int\u00e9rpretes y bailes populares que fueron moldeando la m\u00fasica popular se\u00f1a identitaria de C\u00f3rdoba. Tambi\u00e9n hay recuerdos y archivos de sonido y f\u00edlmicos de los programas emitidos por radio y televisi\u00f3n m\u00e1s caracter\u00edsticos del g\u00e9nero. Un museo que revaloriza los casi 80 a\u00f1os de la m\u00fasica popular cordobesa.<\/p>\n<p><strong>Espacio&nbsp;Cultural&nbsp;Museo de las Mujeres&nbsp;<\/strong>(Rivera Indarte 55)<\/p>\n<p><em>El espacio permanecer\u00e1 cerrado por montaje de nuevas obras.<\/em><\/p>\n<p><strong>Paseo del Buen Pastor<\/strong>&nbsp;(Hip\u00f3lito Yrigoyen 325)<\/p>\n<p><em>Horario: Capilla y Sala de exposiciones de martes a domingo de 10 a 19. Fotogaler\u00eda de lunes a domingo de 10 a 22. Aguas Danzantes de lunes a domingo de 17 a 21, show cada hora.<\/em> <em>Entrada general libre y gratuita.<\/em><\/p>\n<p><strong>Postales del futuro.&nbsp;<\/strong>Exposici\u00f3n colectiva que re\u00fane los trabajos seleccionados y premiados del primer concurso fotogr\u00e1fico organizado por&nbsp; La Lumiere \u2013 Escuela audiovisual. La tem\u00e1tica apunta a reflexionar sobre la pregunta de c\u00f3mo se imagina cada uno el futuro y sus proyecciones, con lo incierto, oscuro y nebuloso que se presenta; pero tambi\u00e9n a su vez, con la confianza, la ilusi\u00f3n y el optimismo. En este signo de pregunta conviven al mismo tiempo las dudas, los miedos y las esperanzas.&nbsp;<strong>Cierra 30 de julio.<\/strong>&nbsp;<\/p>\n<p><strong>INSIEME \/ stellium y vecindades.<\/strong>&nbsp;Obra del artista pl\u00e1stico Alejandro Bovo Theiler. Una propuesta compleja en la que van a convivir diversas t\u00e9cnicas, materiales y lenguajes art\u00edsticos, una instalaci\u00f3n interactiva con algunos&nbsp; ejes narrativos del cuerpo de obra que el artista lleva adelante.&nbsp;La obra de Bovo Theiler se ubica sin dudas en la actualizaci\u00f3n de la memoria del trabajo manual, en su gran mayor\u00eda, a partir de materiales ensamblados como la cer\u00e1mica, maderas y tejidos.&nbsp;<strong>Cierra&nbsp; 27 de agosto.<\/strong><\/p>\n<p><strong>Desde un gran \u00e1rbol, al t\u00fanel del tiempo.<\/strong>&nbsp;Obrasescult\u00f3ricas que realiza elartista de nivel internacional Jos\u00e9 Landoni. La madera es el elemento con el que trabaja su producci\u00f3n, utilizando en la investigaci\u00f3n y desarrollo de todo el proceso, diversas&nbsp; t\u00e9cnicas y materiales. Sus obras que son composiciones de car\u00e1cter geom\u00e9trico, simples y&nbsp; austeras, realizadas con cuerpos celulares ordenados en&nbsp; secuencias repetitivas conformando una sola pieza, o s\u00f3lidos&nbsp; bloques tallados con rigurosa terminaci\u00f3n. Para Landoni, el arte es una l\u00ednea de pensamiento, y la obra el punto de reflexi\u00f3n. El artista trabaja sus esculturas sobre la idea de la realidad sin forma, observando los cambios y movimientos que se producen en relaci\u00f3n a la materia, dentro de un tiempo y espacio determinado. Sus dimensiones var\u00edan de peque\u00f1o a gran formato y poseen una din\u00e1mica estructural compuesta de vol\u00famenes en proporci\u00f3n y equilibrio, que mantienen una armon\u00eda dentro de una plena funci\u00f3n est\u00e9tica.&nbsp;<strong>Cierra 6 de agosto.<\/strong><\/p>\n<p><strong>Centro&nbsp;Cultural&nbsp;C\u00f3rdoba<\/strong>&nbsp;(Av. Poeta Lugones 401)<\/p>\n<p><em>Horario: de martes a domingo de 10 a 19. Entrada libre y gratuita.<\/em><\/p>\n<p><strong>Monocrom\u00eda en cuatro colores n\u00b0 2<\/strong>, un SiteSpecific del artista marplatense Mariano Ferrante con una t\u00e9cnica de pintura y acr\u00edlico sobre el muro en una superficie de 240 m2 que se extiende en espacios interiores y exteriores del Centro&nbsp;Cultural&nbsp;C\u00f3rdoba. La obra de Ferrante toma como referencia sus Monocromos, pinturas acr\u00edlicas protagonistas de su \u00faltima muestra en New York. En este caso, son construcciones rigurosas compuestas por l\u00edneas que forman una trama; la paleta es reducida: est\u00e1 compuesta solo por cuatro colores. Los m\u00e9todos y herramientas que utiliz\u00f3 son absolutamente manuales y anal\u00f3gicos, cultivando y valorizando el oficio. Sutiles alteraciones y aparentes errores, son, sin embargo, meditadas decisiones que dejan en evidencia el rastro humano, acentuando la sensibilidad presente en cada acto y la posibilidad de un cambio constante. Ferrante propone una nueva experiencia sobre el color, el tiempo y el espacio, en la pintura y en el mundo contempor\u00e1neo.<\/p>\n<p><strong>El espacio despu\u00e9s<\/strong>, pintura mural (que incluye pintura de las columnas e iluminaci\u00f3n) de Leyla Tschopp. Esta instalaci\u00f3n forma parte de una serie de obras que revisitan tradiciones pict\u00f3ricas del siglo XX, especialmente aquellas que cuestionan el paradigma de la perspectiva lineal central, multiplicando los puntos de vista o introduciendo elementos de la abstracci\u00f3n. La superficie pict\u00f3rica despliega la ilusi\u00f3n de planos esc\u00e9nicos que se abren hacia adentro y hacia afuera del muro, dando lugar a un intrincado laberinto de perspectivas cambiantes.<\/p>\n<p><strong>Centro de Arte Contempor\u00e1neo Chateau CAC &nbsp;<\/strong>(Parque del Chateau)<\/p>\n<p><em>Horario: de viernes a domingos y feriados, de 10 a 19hs, hasta el 30 de julio. Entrada libre y gratuita.<\/em><\/p>\n<p><strong>Legado.&nbsp;<\/strong>Selecci\u00f3n de grabados de la colecci\u00f3n propia que conforman el patrimonio material y simb\u00f3lico de todos los cordobeses. Legado expone dos series,&nbsp;<em>Estampas de la Revoluci\u00f3n<\/em>&nbsp;(1989) y&nbsp;<em>Colecci\u00f3n Pfizer<\/em>&nbsp;(1993).<\/p>\n<p><strong>Sal\u00f3n de los Gobernadores&nbsp;<\/strong>(Chacabuco 1314. Parque Las Tejas)<\/p>\n<p><em>Horario: de lunes a viernes de 9 a 15.&nbsp;<\/em><em>Entrada libre y gratuita.<\/em><\/p>\n<p>La galer\u00eda de fotograf\u00edas ubicada en el que fue el despacho de los gobernadores, recupera la historia de los 57 gobernantes constitucionales cordobeses desde 1820 a la actualidad.&nbsp;<\/p>\n<p><strong>Uniformemente Variada&nbsp;<\/strong>deMar\u00eda Teresa Sala, Prof. de Educaci\u00f3n pl\u00e1stica y ceramista. Se exhibe una serie de piezas cer\u00e1micas donde el universo femenino tiene fuertes influencias de libros de cuentos y de libros de juguetes rusos. Dan cuenta de pobladores del planeta. Personas, animales y plantas. Personajes que se replican una y otra vez con rostros que emergen de trajes con muchas capas de tela. Resumen de las m\u00faltiples t\u00e9cnicas cer\u00e1micas.&nbsp;<strong>Cierra el 31 de octubre<\/strong><\/p>\n<p><strong>Casa de la Cultura&nbsp;<\/strong>(Rivadavia esq. Gral. Paz,&nbsp;R\u00edo Cuarto)<\/p>\n<p><em>Horario: De lunes a lunes de 9 a 13 y de 16.30 a 21. Con entrada libre y gratuita.<\/em><\/p>\n<p><strong>Sal\u00f3n de las Artes Visuales 2023,&nbsp;<\/strong>se exponen las 22 obras seleccionadas por el jurado en la convocatoria del 10\u00b0 Sal\u00f3n de Artes Visuales 2023,entre las que se encuentran los tres premios adquisici\u00f3n: \u201c#espejismo\u201d de&nbsp;<strong>Pablo Bisio<\/strong>; \u201c3\/11. R\u00edo Tercero. Radiograf\u00eda de un atentado\u201d de&nbsp;<strong>Rub\u00e9n Ramonda<\/strong>&nbsp;y la serie: \u201cMasacritica\u201d obra N\u00b07&nbsp; de&nbsp;<strong>Claudia Perrotta<\/strong>; las tres menciones honor\u00edficas: \u201cCardones\u201d de&nbsp;<strong>Carlos Est\u00e9vez<\/strong>; \u201cGardenia\u201d de&nbsp;<strong>Clara Serra<\/strong>&nbsp;y \u201cD.esbordar\u201d de&nbsp;<strong>Natalia Guzm\u00e1n<\/strong>&nbsp;y una menci\u00f3n especial: \u201cS\/t\u201d de&nbsp;<strong>Gabriel Garay<\/strong>. La exposici\u00f3n se completa con las obras presentadas por: Martha Chiarlo, Haroldo Cort\u00e9z, Sergio Gonz\u00e1lez, Nina<\/p>\n<\/div>\n<\/details>\n<\/div>\n<\/div>\n","protected":false},"excerpt":{"rendered":"<p>La Agencia C\u00f3rdoba Cultura dio a conocer la grilla de actividades para los pr\u00f3ximos d\u00edas. Entre lo destacado est\u00e1 el regreso a escena de la \u00f3pera de Giacomo Puccini, \u00abMadama Butterfly\u00bb. Hay propuestas de cine, teatro, m\u00fasica, artes pl\u00e1sticas y mucho m\u00e1s. La agenda de actividades de la Agencia C\u00f3rdoba Cultura propone diversos eventos para [&hellip;]<\/p>\n","protected":false},"author":1,"featured_media":33726,"comment_status":"closed","ping_status":"closed","sticky":false,"template":"","format":"standard","meta":[],"categories":[14],"tags":[],"_links":{"self":[{"href":"http:\/\/nuevacordoba.net\/index.php\/wp-json\/wp\/v2\/posts\/33725"}],"collection":[{"href":"http:\/\/nuevacordoba.net\/index.php\/wp-json\/wp\/v2\/posts"}],"about":[{"href":"http:\/\/nuevacordoba.net\/index.php\/wp-json\/wp\/v2\/types\/post"}],"author":[{"embeddable":true,"href":"http:\/\/nuevacordoba.net\/index.php\/wp-json\/wp\/v2\/users\/1"}],"replies":[{"embeddable":true,"href":"http:\/\/nuevacordoba.net\/index.php\/wp-json\/wp\/v2\/comments?post=33725"}],"version-history":[{"count":0,"href":"http:\/\/nuevacordoba.net\/index.php\/wp-json\/wp\/v2\/posts\/33725\/revisions"}],"wp:featuredmedia":[{"embeddable":true,"href":"http:\/\/nuevacordoba.net\/index.php\/wp-json\/wp\/v2\/media\/33726"}],"wp:attachment":[{"href":"http:\/\/nuevacordoba.net\/index.php\/wp-json\/wp\/v2\/media?parent=33725"}],"wp:term":[{"taxonomy":"category","embeddable":true,"href":"http:\/\/nuevacordoba.net\/index.php\/wp-json\/wp\/v2\/categories?post=33725"},{"taxonomy":"post_tag","embeddable":true,"href":"http:\/\/nuevacordoba.net\/index.php\/wp-json\/wp\/v2\/tags?post=33725"}],"curies":[{"name":"wp","href":"https:\/\/api.w.org\/{rel}","templated":true}]}}