{"id":33733,"date":"2023-06-26T11:08:09","date_gmt":"2023-06-26T11:08:09","guid":{"rendered":"https:\/\/www.ole.com.ar\/autos\/dibu-martinez-futbol-tenis-mar-plata_0_lpub3dR0EW.html"},"modified":"2023-06-26T11:08:09","modified_gmt":"2023-06-26T11:08:09","slug":"dibu-martinez-visito-el-autodromo-roberto-mouras-y-el-publico-enloquecio","status":"publish","type":"post","link":"http:\/\/nuevacordoba.net\/index.php\/2023\/06\/26\/dibu-martinez-visito-el-autodromo-roberto-mouras-y-el-publico-enloquecio\/","title":{"rendered":"Dibu Mart\u00ednez visit\u00f3 el Aut\u00f3dromo Roberto Mouras y el p\u00fablico enloqueci\u00f3"},"content":{"rendered":"<p><time class=\"createDate\" datetime=\"2023-06-26T08:08:009-03:00\">26\/06\/2023 08:08hs.<\/time><time class=\"modificatedDate\" datetime=\"2023-06-26T08:08:008-03:00\"><\/time><\/p>\n<div id=\"storyBody\">\n<div class=\"custom-text \" readability=\"39.43085106383\">\n<p>Mientras disfruta de sus vacaciones en su Mar del Plata natal, <a href=\"https:\/\/www.ole.com.ar\/tema\/dibu-martinez.html\" title=\"Dibu Mart\u00ednez\" alt=\"Dibu Mart\u00ednez\" class=\"slug\">Emiliano Dibu Mart\u00ednez<\/a> realiz\u00f3 un viaje este domingo para la capital bonaerense, La Plata. En la ciudad de las diagonales, <strong>visit\u00f3 el Aut\u00f3dromo Roberto Mouras, al que asisti\u00f3 para ver correr a su hermano Alejandro en la Copa Bora. <\/strong>Y, claro, apenas apareci\u00f3 en el circuito, <strong>el p\u00fablico presente enloqueci\u00f3&#8230;<\/strong><\/p>\n<\/div>\n<div class=\"custom-text \" readability=\"38\">\n<p>Es que casi que ni pudo caminar el Dibu. Apenas se asom\u00f3 por el Roberto Mouras, fue detectado r\u00e1pidamente por todos los presentes, quienes corrieron para rodearlo e intentar tomarse una foto con el campe\u00f3n del mundo. <strong>\u00abDale campe\u00f3n, dale campe\u00f3n&#8230;\u00bb, le cant\u00f3 la gente&#8230;<\/strong><\/p>\n<\/div>\n<div class=\"custom-text \" readability=\"38\">\n<p>A su paso y como pudo, el arquero de la Selecci\u00f3n Argentina fue sac\u00e1ndose selfies con aquellos que se acercaban con su celular. Luego, claro, se acomod\u00f3 en un sector VIP <strong>y presenci\u00f3 la carrera de su hermano Alejandro, quien finaliz\u00f3 en el cuarto puesto.<\/strong><\/p>\n<\/div>\n<div class=\"sc-e7b891c4-0 jPbnQF\"><img alt=\"Dibu Mart\u00ednez en el Aut\u00f3dromo Roberto Mouras. (Foto: @emi_martinez26)\" src=\"http:\/\/nuevacordoba.net\/wp-content\/uploads\/2023\/06\/dibu-martinez-visito-el-autodromo-roberto-mouras-y-el-publico-enloquecio.jpg\" width=\"720\" height=\"100\" decoding=\"async\" data-nimg=\"future\" loading=\"lazy\"><span class=\"epigraphe\">Dibu Mart\u00ednez en el Aut\u00f3dromo Roberto Mouras. (Foto: @emi_martinez26)<\/span><\/div>\n<div class=\"sc-7ce6049-0 dwIKul\">\n<div class=\"sc-7ce6049-1 bdcBBS videoText\" id=\"contentTitleundefinedDy6X6Wec\" readability=\"56\"><svg fill=\"#ffffff\"><symbol id=\"play\" viewBox=\"0 0 512 512\"><path d=\"M512 256C512 397.4 397.4 512 256 512C114.6 512 0 397.4 0 256C0 114.6 114.6 0 256 0C397.4 0 512 114.6 512 256zM176 168V344C176 352.7 180.7 360.7 188.3 364.9C195.8 369.2 205.1 369 212.5 364.5L356.5 276.5C363.6 272.1 368 264.4 368 256C368 247.6 363.6 239.9 356.5 235.5L212.5 147.5C205.1 142.1 195.8 142.8 188.3 147.1C180.7 151.3 176 159.3 176 168V168z\" \/><\/symbol><use xlink:href=\"#play\" \/><\/svg><\/p>\n<div class=\"right\" readability=\"7\">\n<p>Dibu Mart\u00ednez<!-- --> &#8211;<!-- --> <span>26-6-2023<\/span><\/p>\n<h2 class=\"title-vid\">Dibu Mart\u00ednez dijo presente en el Aut\u00f3dromo Roberto Mouras<\/h2>\n<\/div>\n<\/div>\n<p><span class=\"back\" id=\"spanBackundefinedDy6X6Wec\"><\/span><\/div>\n<p><h2><strong>Dibu jug\u00f3 al f\u00fatbol tenis en un parque de camas el\u00e1sticas con los empleados del lugar<\/strong><\/h2>\n<\/p>\n<div class=\"custom-text \" readability=\"35.740298507463\">\n<p>El Dibu disfruta junto a su familia de unas vacaciones en Mar del Plata, luego de una extensa temporada en la que obtuvo la clasificaci\u00f3n a la <a href=\"https:\/\/www.ole.com.ar\/tema\/conference-league.html\" title=\"Conference League\" alt=\"Conference League\" class=\"slug\">Conference League<\/a> con el <a href=\"https:\/\/www.ole.com.ar\/tema\/aston-villa.html\" title=\"Aston Villa\" alt=\"Aston Villa\" class=\"slug\">Aston Villa<\/a>. Y, este \u00faltimo viernes,<strong> se lo vio junto a su familia en un parque de camas el\u00e1sticas, donde jug\u00f3 incluso al f\u00fatbol tenis con los empleados del lugar.<\/strong><\/p>\n<\/div>\n<div class=\"custom-text \" readability=\"42\">\n<p>Todo sucedi\u00f3 en el marco del festejo del cumplea\u00f1os de su hijo, que fue organizado por un reconocido parque de camas el\u00e1sticas de la ciudad. All\u00ed estuvo el Dibu junto a su familia, con festejos, comida y m\u00e1s. Y, claro, el f\u00fatbol no pudo faltar. En esta ocasi\u00f3n, <strong>el f\u00fatbol tenis, donde el arquero se mostr\u00f3 igual de competitivo que en una cancha&#8230;<\/strong><\/p>\n<\/div>\n<div class=\"custom-text \" readability=\"40\">\n<p>Hubo m\u00e1s de 100 invitados, entre amigos y familiares, al festejo del cumplea\u00f1os de Santi, el hijo del Dibu, quienes disfrutaron de todas las actividades que se organizaron por su d\u00eda, <strong>entre las que se incluyeron juegos, trampolines y gastronom\u00eda. Felicidad para la familia Mart\u00ednez.<\/strong><\/p>\n<\/div>\n<div class=\"sc-7ce6049-0 dwIKul\">\n<div class=\"sc-7ce6049-1 bdcBBS videoText\" id=\"contentTitleundefinedXIZAZz67\" readability=\"56\"><svg fill=\"#ffffff\"><symbol id=\"play\" viewBox=\"0 0 512 512\"><path d=\"M512 256C512 397.4 397.4 512 256 512C114.6 512 0 397.4 0 256C0 114.6 114.6 0 256 0C397.4 0 512 114.6 512 256zM176 168V344C176 352.7 180.7 360.7 188.3 364.9C195.8 369.2 205.1 369 212.5 364.5L356.5 276.5C363.6 272.1 368 264.4 368 256C368 247.6 363.6 239.9 356.5 235.5L212.5 147.5C205.1 142.1 195.8 142.8 188.3 147.1C180.7 151.3 176 159.3 176 168V168z\" \/><\/symbol><use xlink:href=\"#play\" \/><\/svg><\/p>\n<div class=\"right\" readability=\"7\">\n<p>Dibu Mart\u00ednez<!-- --> &#8211;<!-- --> <span>26-6-2023<\/span><\/p>\n<h2 class=\"title-vid\">Dibu Mart\u00ednez y un f\u00fatbol tenis en un parque de camas el\u00e1sticas<\/h2>\n<\/div>\n<\/div>\n<p><span class=\"back\" id=\"spanBackundefinedXIZAZz67\"><\/span><\/div>\n<p><h2><strong>Los d\u00edas del Dibu en Mar del Plata<\/strong><\/h2>\n<\/p>\n<div class=\"custom-text \" readability=\"41\">\n<p>Hace algunos d\u00edas, Canal 10 de La Feliz cruz\u00f3 al Dibu a la salida de un restaurante y charl\u00f3 brevemente con \u00e9l, mientras amablemente se sacaba fotos con todos los que se acercaron al lugar. <strong>\u00abComo siempre disfrutando ac\u00e1, gracias, amo a esta ciudad\u00bb,<\/strong> dijo, y agreg\u00f3: <strong>\u00abCon ganas de seguir ganando cosas con la Selecci\u00f3n\u00bb.<\/strong><\/p>\n<\/div>\n<div class=\"custom-text \" readability=\"39\">\n<p>Junto a su mujer Mandinha y sus dos hijos, <strong>Dibu se quedar\u00eda en Mardel hasta el 1\u00b0 de julio, antes de regresar a Inglaterra para sumarse al Aston Villa. <\/strong>Apostado en su casa del barrio privado Rumenc\u00f3, se reencontr\u00f3 con familiares que no ve\u00eda desde los festejos post Mundial, tambi\u00e9n en la ciudad costera.<\/p>\n<\/div>\n<div class=\"custom-text \" readability=\"40\">\n<p>D\u00edas atr\u00e1s, Santi, el hijo mayor del Dibu, apareci\u00f3 vestido de arquero en un entrenamiento de baby f\u00fatbol en el el polideportivo Juan Carnevalli, del Club Atl\u00e9tico River Plate de Mar del Plata. Y este jueves, Emiliano le dedic\u00f3 un sentido posteo por su cumplea\u00f1os: <strong>\u00abGracias por hacerme una mejor persona desde el d\u00eda que naciste\u00bb.<\/strong><\/p>\n<\/div>\n<div class=\"sc-7ce6049-0 dwIKul\">\n<div class=\"sc-7ce6049-1 bdcBBS videoText\" id=\"contentTitleundefinedwXkv7zho\" readability=\"56\"><svg fill=\"#ffffff\"><symbol id=\"play\" viewBox=\"0 0 512 512\"><path d=\"M512 256C512 397.4 397.4 512 256 512C114.6 512 0 397.4 0 256C0 114.6 114.6 0 256 0C397.4 0 512 114.6 512 256zM176 168V344C176 352.7 180.7 360.7 188.3 364.9C195.8 369.2 205.1 369 212.5 364.5L356.5 276.5C363.6 272.1 368 264.4 368 256C368 247.6 363.6 239.9 356.5 235.5L212.5 147.5C205.1 142.1 195.8 142.8 188.3 147.1C180.7 151.3 176 159.3 176 168V168z\" \/><\/symbol><use xlink:href=\"#play\" \/><\/svg><\/p>\n<div class=\"right\" readability=\"7\">\n<p>Dibu Mart\u00ednez<!-- --> &#8211;<!-- --> <span>26-6-2023<\/span><\/p>\n<h2 class=\"title-vid\">Dibu Mart\u00ednez de vacaciones en Mar del Plata<\/h2>\n<\/div>\n<\/div>\n<p><span class=\"back\" id=\"spanBackundefinedwXkv7zho\"><\/span><\/div>\n<div class=\"sc-a7166897-0 exHLBh\" readability=\"6.5\">\n<section readability=\"3\"><picture><img alt=\"Las mejores fotos de la despedida de Juan Rom\u00e1n Riquelme: Messi, Bianchi y m\u00e1s\" src=\"http:\/\/nuevacordoba.net\/wp-content\/uploads\/2023\/06\/dibu-martinez-visito-el-autodromo-roberto-mouras-y-el-publico-enloquecio-1.jpg\" width=\"290\" height=\"290\" decoding=\"async\" data-nimg=\"future\" loading=\"lazy\"><\/picture>\n<p><span>Mir\u00e1 tambi\u00e9n<\/span><\/p>\n<hr>\n<h3>Las mejores fotos de la despedida de Juan Rom\u00e1n Riquelme: Messi, Bianchi y m\u00e1s<\/h3>\n<\/p>\n<\/section>\n<\/div>\n<div class=\"sc-a7166897-0 exHLBh\" readability=\"6\">\n<section readability=\"2\"><picture><img alt=\"Barcelona y su golpe de mercado: fich\u00f3 a Ilkay G\u00fcndogan desde el Manchester City\" src=\"http:\/\/nuevacordoba.net\/wp-content\/uploads\/2023\/06\/dibu-martinez-visito-el-autodromo-roberto-mouras-y-el-publico-enloquecio-2.jpg\" width=\"290\" height=\"290\" decoding=\"async\" data-nimg=\"future\" loading=\"lazy\"><\/picture>\n<p><span>Mir\u00e1 tambi\u00e9n<\/span><\/p>\n<hr>\n<h3>Barcelona y su golpe de mercado: fich\u00f3 a Ilkay G\u00fcndogan desde el Manchester City<\/h3>\n<\/p>\n<\/section>\n<\/div>\n<div class=\"sc-a7166897-0 exHLBh\" readability=\"6\">\n<section readability=\"2\"><picture><img alt=\"Luka Modric jugar\u00e1 en el Real Madrid hasta los 38 a\u00f1os\" src=\"http:\/\/nuevacordoba.net\/wp-content\/uploads\/2023\/06\/dibu-martinez-visito-el-autodromo-roberto-mouras-y-el-publico-enloquecio-3.jpg\" width=\"290\" height=\"290\" decoding=\"async\" data-nimg=\"future\" loading=\"lazy\"><\/picture>\n<p><span>Mir\u00e1 tambi\u00e9n<\/span><\/p>\n<hr>\n<h3>Luka Modric jugar\u00e1 en el Real Madrid hasta los 38 a\u00f1os<\/h3>\n<\/p>\n<\/section>\n<\/div>\n<\/div>\n","protected":false},"excerpt":{"rendered":"<p>26\/06\/2023 08:08hs. Mientras disfruta de sus vacaciones en su Mar del Plata natal, Emiliano Dibu Mart\u00ednez realiz\u00f3 un viaje este domingo para la capital bonaerense, La Plata. En la ciudad de las diagonales, visit\u00f3 el Aut\u00f3dromo Roberto Mouras, al que asisti\u00f3 para ver correr a su hermano Alejandro en la Copa Bora. Y, claro, apenas [&hellip;]<\/p>\n","protected":false},"author":1,"featured_media":33734,"comment_status":"closed","ping_status":"closed","sticky":false,"template":"","format":"standard","meta":[],"categories":[10],"tags":[],"_links":{"self":[{"href":"http:\/\/nuevacordoba.net\/index.php\/wp-json\/wp\/v2\/posts\/33733"}],"collection":[{"href":"http:\/\/nuevacordoba.net\/index.php\/wp-json\/wp\/v2\/posts"}],"about":[{"href":"http:\/\/nuevacordoba.net\/index.php\/wp-json\/wp\/v2\/types\/post"}],"author":[{"embeddable":true,"href":"http:\/\/nuevacordoba.net\/index.php\/wp-json\/wp\/v2\/users\/1"}],"replies":[{"embeddable":true,"href":"http:\/\/nuevacordoba.net\/index.php\/wp-json\/wp\/v2\/comments?post=33733"}],"version-history":[{"count":0,"href":"http:\/\/nuevacordoba.net\/index.php\/wp-json\/wp\/v2\/posts\/33733\/revisions"}],"wp:featuredmedia":[{"embeddable":true,"href":"http:\/\/nuevacordoba.net\/index.php\/wp-json\/wp\/v2\/media\/33734"}],"wp:attachment":[{"href":"http:\/\/nuevacordoba.net\/index.php\/wp-json\/wp\/v2\/media?parent=33733"}],"wp:term":[{"taxonomy":"category","embeddable":true,"href":"http:\/\/nuevacordoba.net\/index.php\/wp-json\/wp\/v2\/categories?post=33733"},{"taxonomy":"post_tag","embeddable":true,"href":"http:\/\/nuevacordoba.net\/index.php\/wp-json\/wp\/v2\/tags?post=33733"}],"curies":[{"name":"wp","href":"https:\/\/api.w.org\/{rel}","templated":true}]}}