{"id":33741,"date":"2023-06-26T23:25:46","date_gmt":"2023-06-26T23:25:46","guid":{"rendered":"https:\/\/cordoba.gob.ar\/?p=46550"},"modified":"2023-06-26T23:25:46","modified_gmt":"2023-06-26T23:25:46","slug":"llaryora-y-schiaretti-inauguraron-un-nuevo-polideportivo-social","status":"publish","type":"post","link":"http:\/\/nuevacordoba.net\/index.php\/2023\/06\/26\/llaryora-y-schiaretti-inauguraron-un-nuevo-polideportivo-social\/","title":{"rendered":"Llaryora y Schiaretti inauguraron un nuevo polideportivo social"},"content":{"rendered":"<div><img src=\"http:\/\/nuevacordoba.net\/wp-content\/uploads\/2023\/06\/llaryora-y-schiaretti-inauguraron-un-nuevo-polideportivo-social.jpg\" class=\"ff-og-image-inserted\"><\/div>\n<ul>\n<li><strong>Est\u00e1 ubicado en barrio Los \u00c1lamos y es el n\u00famero 53 de los 55 que se consteuir\u00e1n en la ciudad.<\/strong><\/li>\n<li><strong><strong>El nuevo espacio se construy\u00f3 en tierras cedidas por el municipio y signific\u00f3 una inversi\u00f3n de $80 millones.<\/strong><\/strong><br \/>\n<hr>\n<\/li>\n<\/ul>\n<p>El intendente Mart\u00edn Llaryora junto al viceintendente Daniel Passerini, acompa\u00f1arin al gobernador Juan Schiaretti en la inauguraci\u00f3n del polideportivo social N\u00b053 de la ciudad de C\u00f3rdoba.<\/p>\n<p>El nuevo espacio de reuni\u00f3n y recreaci\u00f3n, ubicado en barrio Los \u00c1lamos, pasar\u00e1 a ser un lugar de esparcimiento y encuentro social en un entorno seguro y de calidad, que colabor\u00e9 en el fortalecimiento de los lazos de vecinos del barrio y del sector.<\/p>\n<p>Este centro es el n\u00famero 53 de los 55 que se construir\u00e1n dentro de la ciudad y que forma parte del programa de urbanizaci\u00f3n y regularizaci\u00f3n de barrios populares que impulsa la creaci\u00f3n de 100 polideportivos sociales en toda la Provincia.<\/p>\n<p><em>\u201cEste Polideportivo Social es el resultado del esfuerzo conjunto entre la Municipalidad y la Provincia, ellos pusieron el lote y nosotros construimos el polideportivo. Y ya estamos terminando los 55 que nos hab\u00edamos comprometido en la ciudad y en los pr\u00f3ximos a\u00f1os seguiremos haciendo Polideportivos en otros barrios, tal como asegur\u00f3 el intendente Llaryora\u201d<\/em>, destac\u00f3 Schiaretti.<\/p>\n<p><em>\u201cJunto al intendente queremos que este nuevo espacio sea un punto de encuentro, donde las familias se junten a renovar los lazos de amistad y buena vecindad. No queremos que los narcotraficantes se hagan due\u00f1os de las barriadas populares y por eso es que estamos haciendo estos Polideportivos Sociales, y estamos seguros que los vecinos que est\u00e1n participando en los Consejos de Seguridad ciudadana no van a permitir que ingresen, porque cuando participa la gente junto al gobierno los narcotraficantes no pasan y eso es lo que vamos a lograr\u201d<\/em>, concluy\u00f3.<\/p>\n<p>El nuevo espacio, ubicado al norte de la ciudad, cuenta con una infraestructura conformada por un play\u00f3n semicubierto, equipado para que ni\u00f1os y j\u00f3venes puedan practicar diferentes deportes.<\/p>\n<p>Adem\u00e1s, juegos infantiles, mobiliario urbano y un m\u00f3dulo habitacional cubierto en donde funcionan oficinas de usos m\u00faltiples y ba\u00f1os.<\/p>\n<p>Durante la inauguraci\u00f3n el intendente Llaryora destac\u00f3 que estas obras son el trabajo conjunto entre el gobierno provincial y el municipio, de un equipo que pudo ponerse a trabajar en favor de los vecinos:<em> \u201cHoy estamos cumpliendo con el compromiso que tomamos cuando asumimos, llegar a todos los vecinos de C\u00f3rdoba que se merecen obras que los ayuden a mejorar la calidad de vida\u201d<\/em>.<\/p>\n<p>Adem\u00e1s, el intendente resalt\u00f3: <em>\u201cEstos lugares, como los polideportivos, nos ayudan a inculcar valores culturales y del deporte a los chicos, nos ayudan a sacarlos de lugares donde pueden encontrarse con la droga\u201d<\/em>.<\/p>\n<p>Los \u00c1lamos cuenta con el accionar de los Consejos Barriales de Prevenci\u00f3n y Convivencia 13 J, conformado como un espacio de participaci\u00f3n de comunidad organizada (centros vecinales, centros de jubilados, vecinos activos, centros culturales, organizaciones sociales y religiosas, etc) junto a autoridades del gobierno provincial y municipal.<\/p>\n<p>En el sector, sumado a este nuevo polideportivo, ya se ejecutaron el pavimento en 147 cuadras en colectora de Circunvalaci\u00f3n, adem\u00e1s de la construcci\u00f3n de 2 distribuidores sobre calle Rancagua y otro sobre Juan B. Justo.<\/p>\n","protected":false},"excerpt":{"rendered":"<p>Est\u00e1 ubicado en barrio Los \u00c1lamos y es el n\u00famero 53 de los 55 que se consteuir\u00e1n en la ciudad. El nuevo espacio se construy\u00f3 en tierras cedidas por el municipio y signific\u00f3 una inversi\u00f3n de $80 millones. El intendente Mart\u00edn Llaryora junto al viceintendente Daniel Passerini, acompa\u00f1arin al gobernador Juan Schiaretti en la inauguraci\u00f3n [&hellip;]<\/p>\n","protected":false},"author":1,"featured_media":33742,"comment_status":"closed","ping_status":"closed","sticky":false,"template":"","format":"standard","meta":[],"categories":[14],"tags":[],"_links":{"self":[{"href":"http:\/\/nuevacordoba.net\/index.php\/wp-json\/wp\/v2\/posts\/33741"}],"collection":[{"href":"http:\/\/nuevacordoba.net\/index.php\/wp-json\/wp\/v2\/posts"}],"about":[{"href":"http:\/\/nuevacordoba.net\/index.php\/wp-json\/wp\/v2\/types\/post"}],"author":[{"embeddable":true,"href":"http:\/\/nuevacordoba.net\/index.php\/wp-json\/wp\/v2\/users\/1"}],"replies":[{"embeddable":true,"href":"http:\/\/nuevacordoba.net\/index.php\/wp-json\/wp\/v2\/comments?post=33741"}],"version-history":[{"count":0,"href":"http:\/\/nuevacordoba.net\/index.php\/wp-json\/wp\/v2\/posts\/33741\/revisions"}],"wp:featuredmedia":[{"embeddable":true,"href":"http:\/\/nuevacordoba.net\/index.php\/wp-json\/wp\/v2\/media\/33742"}],"wp:attachment":[{"href":"http:\/\/nuevacordoba.net\/index.php\/wp-json\/wp\/v2\/media?parent=33741"}],"wp:term":[{"taxonomy":"category","embeddable":true,"href":"http:\/\/nuevacordoba.net\/index.php\/wp-json\/wp\/v2\/categories?post=33741"},{"taxonomy":"post_tag","embeddable":true,"href":"http:\/\/nuevacordoba.net\/index.php\/wp-json\/wp\/v2\/tags?post=33741"}],"curies":[{"name":"wp","href":"https:\/\/api.w.org\/{rel}","templated":true}]}}