{"id":33745,"date":"2023-06-27T06:44:55","date_gmt":"2023-06-27T06:44:55","guid":{"rendered":"http:\/\/nuevacordoba.net\/index.php\/2023\/06\/27\/putin-reaparecio-y-agradecio-a-los-rusos-la-unidad-ante-la-rebelion-del-grupo-wagner\/"},"modified":"2023-06-27T06:44:55","modified_gmt":"2023-06-27T06:44:55","slug":"putin-reaparecio-y-agradecio-a-los-rusos-la-unidad-ante-la-rebelion-del-grupo-wagner","status":"publish","type":"post","link":"http:\/\/nuevacordoba.net\/index.php\/2023\/06\/27\/putin-reaparecio-y-agradecio-a-los-rusos-la-unidad-ante-la-rebelion-del-grupo-wagner\/","title":{"rendered":"Putin reapareci\u00f3 y agradeci\u00f3 a los rusos la unidad ante la rebeli\u00f3n del Grupo Wagner"},"content":{"rendered":"<figure class=\"mb-3\"><img loading=\"lazy\" data-src=\"http:\/\/nuevacordoba.net\/wp-content\/uploads\/2023\/06\/putin-reaparecio-y-agradecio-a-los-rusos-la-unidad-ante-la-rebelion-del-grupo-wagner.jpg\" src=\"https:\/\/www.telam.com.ar\/assets\/img\/not_image.png\" class=\" lazy \" width=\"100%\" height=\"100%\" alt=\"Vladimir Putin perdon a los mercenarios liderados por Yevgueni Prigozhin Foto AFP\"><figcaption> Vladimir Putin \u00abperdon\u00f3\u00bb a los mercenarios liderados por Yevgueni Prigozhin. Foto: AFP. <\/figcaption><\/figure>\n<p>El presidente ruso, <strong>Vladimir Putin, agradeci\u00f3 este lunes a la naci\u00f3n por la unidad mostrada ante una breve pero in\u00e9dita rebeli\u00f3n armada lanzada por el l\u00edder del grupo ruso de mercenarios Wagner<\/strong>, que gener\u00f3 interrogantes sobre su impacto en la autoridad del mandatario y en la ofensiva rusa en Ucrania, justo cuando la guerra arrecia.<\/p>\n<p>En su primera aparici\u00f3n p\u00fablica desde la insurrecci\u00f3n del s\u00e1bado pasado de <strong>Yevgueni Prigozhin<\/strong> y sus mercenarios, el presidente <strong>Putin tambi\u00e9n agradeci\u00f3 a la mayor\u00eda de los combatientes de Wagner por no haber permitido, seg\u00fan dijo, que la situaci\u00f3n degenerara en un \u00abba\u00f1o de sangre\u00bb, y les ofreci\u00f3 enrolarse en el Ej\u00e9rcito<\/strong>.<\/p>\n<p>En una intervenci\u00f3n desde el Kremlin al parecer grabada, dijo que su Gobierno hab\u00eda adoptado todas las medidas necesarias para proteger al pueblo y al pa\u00eds de la sublevaci\u00f3n, que achac\u00f3 a \u00ablos enemigos de Rusia\u00bb, a Occidente y Ucrania.<\/p>\n<p>\u00abQuer\u00edan un resultado fratricida. Calcularon mal\u00bb, sentenci\u00f3.<\/p>\n<figure class=\"mb-3\"><img loading=\"lazy\" data-src=\"http:\/\/nuevacordoba.net\/wp-content\/uploads\/2023\/06\/putin-reaparecio-y-agradecio-a-los-rusos-la-unidad-ante-la-rebelion-del-grupo-wagner-1.jpg\" src=\"https:\/\/www.telam.com.ar\/assets\/img\/not_image.png\" class=\" lazy \" width=\"100%\" height=\"100%\" alt=\"Prigozhin sostuvo que la rebelin estuvo dirigida contra la cpula militar rusa y no contra Putin Foto AFP\"><figcaption> Prigozhin sostuvo que la rebeli\u00f3n estuvo dirigida contra la c\u00fapula militar rusa y no contra Putin. Foto: AFP <\/figcaption><\/figure>\n<p>Horas antes, el propio Prigozhin dijo que la insurrecci\u00f3n <strong>estuvo dirigida contra la c\u00fapula militar de Rusia y no contra Putin<\/strong>, aunque su paradero segu\u00eda siendo un misterio.<\/p>\n<p>El ministro de Defensa ruso, <strong>Serguei Shoigu, principal blanco del levantamiento, en tanto, hizo su primera aparici\u00f3n p\u00fablica desde entonces, en un video visitando a soldados<\/strong> que pareci\u00f3 destinado a proyectar una sensaci\u00f3n de normalidad despu\u00e9s de la crisis pol\u00edtica, la m\u00e1s grave del pa\u00eds en d\u00e9cadas.&nbsp;<\/p>\n<p>En su intervenci\u00f3n, Putin nunca nombr\u00f3 al multimillonario Prigozhin, a quien conoce desde hace a\u00f1os, y aunque agradeci\u00f3 el apoyo popular, dijo que \u00abla rebeli\u00f3n armada de todos modos habr\u00eda sido suprimida\u00bb.<\/p>\n<p>\u00abLos solidaridad civil demostr\u00f3 que <strong>el chantaje y los intentos de organizar un mot\u00edn interno terminar\u00e1n en derrota<\/strong>\u00ab, declar\u00f3, y luego se dirigi\u00f3 a los mercenarios.&nbsp;<\/p>\n<p><strong>\u00abAgradezco a aquellos soldados y comandantes del Grupo Wagner que tomaron la \u00fanica decisi\u00f3n correcta posible: no fueron tras el ba\u00f1o de sangre fratricida, se detuvieron ante la \u00faltima l\u00ednea\u00bb<\/strong>, dijo.<\/p>\n<p>Agreg\u00f3 que los mercenarios de Wagner \u00abtienen la posibilidad de continuar sirviendo a Rusia con un contrato con el Ministerio de Defensa u otros organismos encargados de hacer cumplir la ley o regresar con su familia y seres queridos\u00bb.<\/p>\n<p>\u00abQuien quiera puede ir a Bielorrusia\u00bb, se\u00f1al\u00f3.<\/p>\n<figure class=\"mb-3\"><img loading=\"lazy\" data-src=\"http:\/\/nuevacordoba.net\/wp-content\/uploads\/2023\/06\/putin-reaparecio-y-agradecio-a-los-rusos-la-unidad-ante-la-rebelion-del-grupo-wagner-2.jpg\" src=\"https:\/\/www.telam.com.ar\/assets\/img\/not_image.png\" class=\" lazy \" width=\"100%\" height=\"100%\" alt=\"El presidente ruso de visita en el frente de combate en UcraniaFoto AFP\"><figcaption> El presidente ruso de visita en el frente de combate en Ucrania.Foto: AFP. <\/figcaption><\/figure>\n<p>M\u00e1s temprano, en un audio de 11 minutos, <strong>Prigozhin dijo que su rebeli\u00f3n y su marcha hacia Mosc\u00fa fueron \u00abpara evitar la destrucci\u00f3n de la compa\u00f1\u00eda militar privada Wagner\u00bb y en respuesta a un ataque ordenado por Shoigu y el jefe de las Fuerzas Armadas rusas contra un campamento de Wagner en Ucrania que mat\u00f3 a unos 30 combatientes<\/strong>.&nbsp;<\/p>\n<p><strong>\u00abComenzamos nuestra marcha por una injusticia\u00bb<\/strong>, dijo Prigozhin en la grabaci\u00f3n, sin dar detalles sobre d\u00f3nde estaba o cu\u00e1les son sus planes futuros.<\/p>\n<p>El levantamiento de 24 horas coron\u00f3 meses de una creciente disputa entre el jefe de Wagner, por un lado, y Shoigu y la c\u00fapula militar rusa por otro, mientras los combatientes de Prigozhin peleaban en Ucrania junto al Ej\u00e9rcito ruso y lograban importantes triunfos, aunque con altos costos en vidas de sus mercenarios.<\/p>\n<p>Durante las operaciones, Prigozhin, de 62 a\u00f1os, hab\u00eda difundido m\u00faltiples videos desde el frente de batalla en los que insultaba a Shoigu y al jefe de las Fuerzas Armadas de Rusia, Valeri Guerasimov, y los acusaba de ineptos y de ser responsables de varios reveses sufridos por el Ej\u00e9rcito en Ucrania en meses recientes.<\/p>\n<p>La disputa escal\u00f3 de manera dram\u00e1tica el s\u00e1bado cuando, luego de denunciar un ataque del Ej\u00e9rcito ruso a posiciones de Wagner en Ucrania, el l\u00edder y sus mercenarios abandonaron el pa\u00eds vecino y tomaron un cuartel militar en una ciudad del sur de Rusia para iniciar desde all\u00ed una marcha hacia Mosc\u00fa que hizo sonar todas las alarmas.<\/p>\n<figure class=\"mb-3\"><img loading=\"lazy\" data-src=\"http:\/\/nuevacordoba.net\/wp-content\/uploads\/2023\/06\/putin-reaparecio-y-agradecio-a-los-rusos-la-unidad-ante-la-rebelion-del-grupo-wagner-3.jpg\" src=\"https:\/\/www.telam.com.ar\/assets\/img\/not_image.png\" class=\" lazy \" width=\"100%\" height=\"100%\" alt=\"El Grupo Wagner decidi no avanzar para evitar la destruccin de su compaa militar privada Foto AFP\"><figcaption> El Grupo Wagner decidi\u00f3 no avanzar para evitar la destrucci\u00f3n de su compa\u00f1\u00eda militar privada. Foto: AFP. <\/figcaption><\/figure>\n<p>A menos de 200 kil\u00f3metros de Mosc\u00fa, donde el Ej\u00e9rcito hab\u00eda desplegado tanques y soldados en previsi\u00f3n de posibles enfrentamientos, <strong>el Kremlin anunci\u00f3 un acuerdo con Prigozhin mediado por el presidente bielorruso, Alexandr Lukashenko, aliado de Putin y amigo del jefe de Wagner, para que Prigozhin se exilie en Bielorrusia<\/strong>.&nbsp;<\/p>\n<p>El Kremlin dijo que <strong>el acuerdo inclu\u00eda una amnist\u00eda para Prigozhin y sus soldados<\/strong>.<\/p>\n<p>El jefe de Wagner no dijo d\u00f3nde estaba, aunque un popular canal de noticias ruso en Telegram inform\u00f3 que estaba en un hotel en la capital bielorrusa, Minsk.&nbsp;<\/p>\n<p>Aunque el mot\u00edn fue breve, no estuvo exento de sangre. <strong>Medios rusos informaron que las fuerzas de Wagner derribaron varios helic\u00f3pteros militares y un avi\u00f3n de comunicaciones, matando al menos a 15 personas<\/strong>.&nbsp;<\/p>\n<p><strong>Prigozhin lament\u00f3 haber derribado el avi\u00f3n, pero dijo que se estaban bombardeando sus convoyes.&nbsp;<\/strong><\/p>\n<p>\u00abEl objetivo de la marcha era no permitir la destrucci\u00f3n del grupo Wagner y responsabilizar a aquellos que con sus acciones poco profesionales cometieron un n\u00famero considerable de errores durante la operaci\u00f3n militar especial\u00bb en Ucrania, dijo en el mensaje.<\/p>\n<p>Si las fuerzas de Wagner no avanzaron m\u00e1s fue, seg\u00fan Prigozhin, para no \u00abderramar sangre rusa\u00bb.&nbsp;<\/p>\n<p>Tambi\u00e9n dijo que no quer\u00eda \u00abderrocar el poder\u00bb y que ten\u00eda el apoyo de los civiles que se cruz\u00f3 durante la marcha, inform\u00f3 la agencia de noticias AFP.&nbsp;<\/p>\n<p>El Ministerio de Defensa de Rusia ha negado haber atacado el campamento de Wagner.<\/p>\n<p>Medios rusos informaron que no se ha cerrado un caso penal contra Prigozhin, a pesar de las declaraciones anteriores del Kremlin, y algunos legisladores rusos pidieron su cabeza.&nbsp;<\/p>\n<p>Andrei Gurulev, un general retirado y actual legislador que se ha peleado con el l\u00edder mercenario, dijo que Prigozhin y su mano derecha, Dmitry Utkin, merec\u00edan \u00abuna bala en la cabeza\u00bb.&nbsp;<\/p>\n<p><strong>Muchos analistas apuntan que la crisis en Rusia podr\u00eda debilitar a las fuerzas rusas en el terreno y beneficiar a las de Kiev, que han estado librando una dif\u00edcil contraofensiva durante varias semanas.<\/strong><\/p>\n<p>Para el Gobierno de Ucrania y sus aliados, <strong>la rebeli\u00f3n expuso las divisiones internas en Rusia<\/strong> y es un presagio de los problemas que enfrentar\u00e1 Rusia en Ucrania.<\/p>\n<figure class=\"mb-3\"><img loading=\"lazy\" data-src=\"http:\/\/nuevacordoba.net\/wp-content\/uploads\/2023\/06\/putin-reaparecio-y-agradecio-a-los-rusos-la-unidad-ante-la-rebelion-del-grupo-wagner-4.jpg\" src=\"https:\/\/www.telam.com.ar\/assets\/img\/not_image.png\" class=\" lazy \" width=\"100%\" height=\"100%\" alt=\"Joe Biden dijo sobre la rebelin que los occidentales no tuvimos nada que ver Foto AFP\"><figcaption> Joe Biden dijo sobre la rebeli\u00f3n que \u00ablos occidentales no tuvimos nada que ver\u00bb. Foto: AFP. <\/figcaption><\/figure>\n<p><br open><strong><a href=\"https:\/\/www.telam.com.ar\/notas\/202306\/632237-biden-occidente-rebelion-grupo-mercenario-wagner.html\" target=\"_blank\" rel=\"noopener\">Los occidentales \u00abno tuvimos nada que ver\u00bb con la fallida rebeli\u00f3n<\/a>, afirm\u00f3 este lunes el presidente estadounidense Joe Biden.<\/strong><\/p>\n<p>Biden dijo que habl\u00f3 con l\u00edderes aliados sobre la rebeli\u00f3n.<\/p>\n<p>\u00abCoincidimos en que ten\u00edamos que asegurarnos de no dar a Putin ninguna excusa (&#8230;) para culpar de ello a Occidente y para culpar de ello a la OTAN\u00bb, afirm\u00f3.<\/p>\n<p>\u00abDejamos claro que no est\u00e1bamos involucrados. No tuvimos nada que ver, era un problema dentro del sistema ruso\u00bb, a\u00f1adi\u00f3.<\/p>\n<p>El mot\u00edn de Wagner muestra claramente que el asalto a Ucrania fue un \u00aberror estrat\u00e9gico\u00bb, agreg\u00f3 por su parte el jefe de la OTAN, Jens Stoltenberg.&nbsp; <\/p>\n","protected":false},"excerpt":{"rendered":"<p>Vladimir Putin \u00abperdon\u00f3\u00bb a los mercenarios liderados por Yevgueni Prigozhin. Foto: AFP. El presidente ruso, Vladimir Putin, agradeci\u00f3 este lunes a la naci\u00f3n por la unidad mostrada ante una breve pero in\u00e9dita rebeli\u00f3n armada lanzada por el l\u00edder del grupo ruso de mercenarios Wagner, que gener\u00f3 interrogantes sobre su impacto en la autoridad del mandatario [&hellip;]<\/p>\n","protected":false},"author":1,"featured_media":33746,"comment_status":"closed","ping_status":"closed","sticky":false,"template":"","format":"standard","meta":[],"categories":[13],"tags":[],"_links":{"self":[{"href":"http:\/\/nuevacordoba.net\/index.php\/wp-json\/wp\/v2\/posts\/33745"}],"collection":[{"href":"http:\/\/nuevacordoba.net\/index.php\/wp-json\/wp\/v2\/posts"}],"about":[{"href":"http:\/\/nuevacordoba.net\/index.php\/wp-json\/wp\/v2\/types\/post"}],"author":[{"embeddable":true,"href":"http:\/\/nuevacordoba.net\/index.php\/wp-json\/wp\/v2\/users\/1"}],"replies":[{"embeddable":true,"href":"http:\/\/nuevacordoba.net\/index.php\/wp-json\/wp\/v2\/comments?post=33745"}],"version-history":[{"count":0,"href":"http:\/\/nuevacordoba.net\/index.php\/wp-json\/wp\/v2\/posts\/33745\/revisions"}],"wp:featuredmedia":[{"embeddable":true,"href":"http:\/\/nuevacordoba.net\/index.php\/wp-json\/wp\/v2\/media\/33746"}],"wp:attachment":[{"href":"http:\/\/nuevacordoba.net\/index.php\/wp-json\/wp\/v2\/media?parent=33745"}],"wp:term":[{"taxonomy":"category","embeddable":true,"href":"http:\/\/nuevacordoba.net\/index.php\/wp-json\/wp\/v2\/categories?post=33745"},{"taxonomy":"post_tag","embeddable":true,"href":"http:\/\/nuevacordoba.net\/index.php\/wp-json\/wp\/v2\/tags?post=33745"}],"curies":[{"name":"wp","href":"https:\/\/api.w.org\/{rel}","templated":true}]}}