{"id":33753,"date":"2023-06-27T15:42:11","date_gmt":"2023-06-27T15:42:11","guid":{"rendered":"https:\/\/prensa.cba.gov.ar\/?p=557663"},"modified":"2023-06-27T15:42:11","modified_gmt":"2023-06-27T15:42:11","slug":"la-oea-declaro-el-decenio-por-los-derechos-de-las-mujeres-rurales","status":"publish","type":"post","link":"http:\/\/nuevacordoba.net\/index.php\/2023\/06\/27\/la-oea-declaro-el-decenio-por-los-derechos-de-las-mujeres-rurales\/","title":{"rendered":"La OEA declar\u00f3 el Decenio por los Derechos de las Mujeres Rurales"},"content":{"rendered":"<ul>\n<li><strong>Ser\u00e1 a partir del 2024, y se extender\u00e1 hasta 2034. <\/strong><\/li>\n<li><strong>El objetivo es garantizar derechos y erradicar todas las formas de discriminaci\u00f3n que enfrentan mujeres, ni\u00f1as y adolescentes en la regi\u00f3n. <\/strong><\/li>\n<li><strong>C\u00f3rdoba celebr\u00f3 esta noticia que consolida el camino que vienen transitando los ministerios de Agricultura y Ganader\u00eda, y de la Mujer.<\/strong><\/li>\n<\/ul>\n<p>Desde Washington DC, jefas y jefes de delegaci\u00f3n de los Estados miembros de la Organizaci\u00f3n de los Estados Americanos (OEA), aprobaron el pasado 22 de junio, la declaraci\u00f3n del Decenio Interamericano por los Derechos de Todas las Mujeres, Adolescentes y Ni\u00f1as en entornos rurales de las Am\u00e9ricas, que comenzar\u00e1 en 2024 y se extender\u00e1 hasta el 2034.<\/p>\n<p>Desde el Gobierno de C\u00f3rdoba, en especial desde los ministerios de la Mujer y de Agricultura y Ganader\u00eda, celebraron esta noticia. <strong><em>\u201cJunto al Ministerio de la Mujer venimos trabajando en diferentes encuentros regionales de mujeres rurales para relevar e identificar los roles que tienen en nuestra ruralidad las mujeres. Y desde all\u00ed fortalecer e incentivar acciones que faciliten su participaci\u00f3n activa en los puestos de toma decisi\u00f3n sectorial\u201d<\/em><\/strong>, dijo elministro de Agricultura, Sergio Busso,quien recientemente fue nombrado Embajador de la Red Latinoamericana y del Caribe de Mujeres Rurales (REDLAC).<\/p>\n<figure class=\"wp-block-gallery has-nested-images columns-default is-cropped has-lightbox wp-block-gallery-1 is-layout-flex\">\n<figure class=\"wp-block-image size-large\"><img decoding=\"async\" loading=\"lazy\" width=\"1600\" height=\"900\" data-id=\"557678\" src=\"http:\/\/nuevacordoba.net\/wp-content\/uploads\/2023\/06\/la-oea-declaro-el-decenio-por-los-derechos-de-las-mujeres-rurales.jpg\" alt class=\"wp-image-557678\"><\/figure>\n<figure class=\"wp-block-image size-large\"><img decoding=\"async\" loading=\"lazy\" width=\"1600\" height=\"900\" data-id=\"557679\" src=\"http:\/\/nuevacordoba.net\/wp-content\/uploads\/2023\/06\/la-oea-declaro-el-decenio-por-los-derechos-de-las-mujeres-rurales-1.jpg\" alt class=\"wp-image-557679\"><\/figure>\n<\/figure>\n<p>Esta Red Latinoamericana, cuya secretaria ejecutiva es la ecuatoriana Luz Haro Guanga, viene trabajando de manera estrecha con el Gobierno de C\u00f3rdoba con el objetivo de alcanzar esta declaraci\u00f3n del Decenio para las mujeres rurales con la intenci\u00f3n de garantizar derechos y erradicar todas las formas de discriminaci\u00f3n que enfrentan mujeres, ni\u00f1as y adolescentes en la regi\u00f3n.<\/p>\n<p>Contar con esta definici\u00f3n desde OEA, implica crear planes, estrategias, pol\u00edticas y marco jur\u00eddico en cada pa\u00eds y en la regi\u00f3n para mejorar las condiciones de vida de millones de ni\u00f1as y mujeres que en condiciones dif\u00edciles deciden quedarse en el campo, producir y alimentar al mundo.&nbsp;&nbsp;&nbsp;&nbsp;<\/p>\n<p><strong><em>\u201cEstas declaraciones nos permiten correr la mirada hist\u00f3rica que tenemos de las mujeres rurales como hacedoras \u00fanicamente de tareas de cuidado y reconocerlas como sujetos agrarios activos y productivos\u201d, <\/em><\/strong>asegur\u00f3 Claudia Mart\u00ednez, titular de la cartera de la Mujer.&nbsp;<\/p>\n<p>Y agreg\u00f3: <strong><em>\u201cEstas declaraciones nos permiten correr la mirada hist\u00f3rica que tenemos de las mujeres rurales como hacedoras \u00fanicamente de tareas de cuidado y reconocerlas como sujetos agrarios activos y productivos. En febrero pasado, desde C\u00f3rdoba, en el Encuentro Suprarregional de Mujeres, con la presencia de Luz Haro y muchas mujeres de la ruralidad provincial, dimos un paso importante en nuestro compromiso con el trabajo para la declaraci\u00f3n del Decenio\u201d.<\/em><\/strong><\/p>\n<figure class=\"wp-block-gallery has-nested-images columns-default is-cropped wp-block-gallery-3 is-layout-flex\">\n<figure class=\"wp-block-image size-large\"><img decoding=\"async\" loading=\"lazy\" width=\"800\" height=\"600\" data-id=\"557682\" src=\"http:\/\/nuevacordoba.net\/wp-content\/uploads\/2023\/06\/la-oea-declaro-el-decenio-por-los-derechos-de-las-mujeres-rurales-2.jpg\" alt class=\"wp-image-557682\"><\/figure>\n<figure class=\"wp-block-image size-large\"><img decoding=\"async\" loading=\"lazy\" width=\"1280\" height=\"855\" data-id=\"557680\" src=\"http:\/\/nuevacordoba.net\/wp-content\/uploads\/2023\/06\/la-oea-declaro-el-decenio-por-los-derechos-de-las-mujeres-rurales-3.jpg\" alt class=\"wp-image-557680\"><\/figure>\n<figure class=\"wp-block-image size-large\"><img decoding=\"async\" loading=\"lazy\" width=\"993\" height=\"663\" data-id=\"557681\" src=\"http:\/\/nuevacordoba.net\/wp-content\/uploads\/2023\/06\/la-oea-declaro-el-decenio-por-los-derechos-de-las-mujeres-rurales-4.jpg\" alt class=\"wp-image-557681\"><\/figure>\n<\/figure>\n<p>Finalmente, la subsecretaria de Agricultura Familiar de la cartera agropecuaria, Mariana Victoria Vigo, qui\u00e9n coordina la mesa de <strong>G\u00e9nero, Diversidad y Ruralidad<\/strong>, agreg\u00f3: <strong><em>\u201cEs un enorme reconocimiento al trabajo de muchas organizaciones, entidades y Gobierno, como es el caso de C\u00f3rdoba, que viene trabajando en la construcci\u00f3n de pol\u00edticas p\u00fablicas con perspectivas de g\u00e9nero de manera transversal, en casi todos los sectores de nuestra sociedad, y en especial en el sector rural donde la interseccionalidad de las carencias, es lo que agudiza la inequidad\u201d<\/em><\/strong>.<\/p>\n<p>Foto: gentileza<\/p>\n","protected":false},"excerpt":{"rendered":"<p>Ser\u00e1 a partir del 2024, y se extender\u00e1 hasta 2034. El objetivo es garantizar derechos y erradicar todas las formas de discriminaci\u00f3n que enfrentan mujeres, ni\u00f1as y adolescentes en la regi\u00f3n. C\u00f3rdoba celebr\u00f3 esta noticia que consolida el camino que vienen transitando los ministerios de Agricultura y Ganader\u00eda, y de la Mujer. Desde Washington DC, [&hellip;]<\/p>\n","protected":false},"author":1,"featured_media":33754,"comment_status":"closed","ping_status":"closed","sticky":false,"template":"","format":"standard","meta":[],"categories":[14],"tags":[],"_links":{"self":[{"href":"http:\/\/nuevacordoba.net\/index.php\/wp-json\/wp\/v2\/posts\/33753"}],"collection":[{"href":"http:\/\/nuevacordoba.net\/index.php\/wp-json\/wp\/v2\/posts"}],"about":[{"href":"http:\/\/nuevacordoba.net\/index.php\/wp-json\/wp\/v2\/types\/post"}],"author":[{"embeddable":true,"href":"http:\/\/nuevacordoba.net\/index.php\/wp-json\/wp\/v2\/users\/1"}],"replies":[{"embeddable":true,"href":"http:\/\/nuevacordoba.net\/index.php\/wp-json\/wp\/v2\/comments?post=33753"}],"version-history":[{"count":0,"href":"http:\/\/nuevacordoba.net\/index.php\/wp-json\/wp\/v2\/posts\/33753\/revisions"}],"wp:featuredmedia":[{"embeddable":true,"href":"http:\/\/nuevacordoba.net\/index.php\/wp-json\/wp\/v2\/media\/33754"}],"wp:attachment":[{"href":"http:\/\/nuevacordoba.net\/index.php\/wp-json\/wp\/v2\/media?parent=33753"}],"wp:term":[{"taxonomy":"category","embeddable":true,"href":"http:\/\/nuevacordoba.net\/index.php\/wp-json\/wp\/v2\/categories?post=33753"},{"taxonomy":"post_tag","embeddable":true,"href":"http:\/\/nuevacordoba.net\/index.php\/wp-json\/wp\/v2\/tags?post=33753"}],"curies":[{"name":"wp","href":"https:\/\/api.w.org\/{rel}","templated":true}]}}