{"id":33775,"date":"2023-06-27T19:49:17","date_gmt":"2023-06-27T19:49:17","guid":{"rendered":"https:\/\/cordoba.gob.ar\/?p=46632"},"modified":"2023-06-27T19:49:17","modified_gmt":"2023-06-27T19:49:17","slug":"quintas-de-italia-passerini-inauguro-la-pavimentacion-de-la-primera-seccion-y-anuncio-el-asfalto-para-la-quinta","status":"publish","type":"post","link":"http:\/\/nuevacordoba.net\/index.php\/2023\/06\/27\/quintas-de-italia-passerini-inauguro-la-pavimentacion-de-la-primera-seccion-y-anuncio-el-asfalto-para-la-quinta\/","title":{"rendered":"Quintas de Italia: Passerini inaugur\u00f3 la pavimentaci\u00f3n de la Primera secci\u00f3n y anunci\u00f3 el asfalto para la Quinta"},"content":{"rendered":"<div><img src=\"http:\/\/nuevacordoba.net\/wp-content\/uploads\/2023\/06\/quintas-de-italia-passerini-inauguro-la-pavimentacion-de-la-primera-seccion-y-anuncio-el-asfalto-para-la-quinta.jpg\" class=\"ff-og-image-inserted\"><\/div>\n<ul>\n<li><strong>Adem\u00e1s, construir\u00e1n una plaza que unir\u00e1 ambos barrios.<\/strong><\/li>\n<li><strong><strong>La Municipalidad suma m\u00e1s de 1.500 nuevas cuadras de pavimento ejecutadas desde el inicio de la actual gesti\u00f3n.<\/strong><\/strong><br \/>\n<hr>\n<\/li>\n<\/ul>\n<p>El viceintendente Daniel Passerini, junto a vecinos de Quintas de Italia I inauguraron la pavimentaci\u00f3n de 37 cuadras en el sector de la zona sur de la ciudad.<\/p>\n<p>Las obras concretaron el asfaltado de la totalidad del barrio, dando fin a los constantes inconvenientes para transitar en \u00e9poca de lluvia.<\/p>\n<p>Frente a Quintas de Italia I tambi\u00e9n se pavimentaron 9 cuadras de la calle Agust\u00edn Piaggio.<\/p>\n<p>Se trata de un segmento que gestiones anteriores ejecutaron de manera precaria. El actual gobierno municipal retir\u00f3 la carpeta antigua y confeccion\u00f3 desde cero la arteria.<\/p>\n<p><em>\u201cEste lugar creci\u00f3 mucho y le faltaba el desarrollo que se da a trav\u00e9s de las obras. No solo vamos a dejar inaugurada la pavimentaci\u00f3n, sino tambi\u00e9n la primera etapa del desag\u00fce de calle Mauricio Revigliono\u201d<\/em>, expres\u00f3 Passerini en la zona sur.<\/p>\n<p>Adem\u00e1s, el viceintendente hizo dos anuncios a los vecinos: <em>\u201cQueremos contarles que ya est\u00e1 en marcha el proyecto para pavimentar Quintas de Italia V. Y adem\u00e1s, como los espacios tienen que ser p\u00fablicos, vamos a hacer una plaza entre Quintas I y V para unir el sector\u201d<\/em>.<\/p>\n<p>Por su parte, el secretario de Gobierno y Gesti\u00f3n General de Gabinete, Miguel Siciliano, destac\u00f3: <em>\u201cRecuerdo cuando comenzamos con la \u201cMesa de Zona Sur\u201d, mucho no cre\u00edan lo que propon\u00edamos hacer. Hoy estamos ac\u00e1 confirmando que hemos cumplido. Quiero agradecer a los vecinos por el impulso que nos dieron, esa Mesa fue la que nos dio la fuerza suficiente para conseguir todo lo que hicimos en zona sur\u201d<\/em>.<\/p>\n<p>La pavimentaci\u00f3n de Quintas de Italia I y Agust\u00edn Piaggio se enmarcan dentro de la promesa de pavimentaci\u00f3n de 96 cuadras en la zona sur de la ciudad. En todos los casos las obras fueron materializadas por el Municipio.<\/p>\n<p>En calle Rotary Internacional, ubicada inmediatamente al sur del Centro de Alto Rendimiento Deportivo del club Talleres, se ejecutaron los trabajos de pavimentaci\u00f3n y ensanchamiento de 20 cuadras que conectan las avenidas Bernardo O\u2019Higgins y 11 de Septiembre, transform\u00e1ndose en una alternativa de conectividad para barrios y empresas, f\u00e1bricas industriales, centros log\u00edsticos y de transporte, un Centro de D\u00eda y un geri\u00e1trico que cumplen funciones en el lugar.<\/p>\n<p>En el mismo sector se asfaltaron 10 cuadras de la calle Juan Romualdo B\u00e1ez, un importante conector entre la calle Mauricio Revigliono y Rotary Internacional, sobre todo al bajar por el derivador de Camino a San Carlos.<\/p>\n<p>Completando el circuito en el mismo sector, concretaron 9 cuadras de la calle Las Magdalenas en el ingreso al Country Ca\u00f1uelas.<\/p>\n<p>Finalmente, en el extremo sur de la ciudad, fueron 20 las cuadras pavimentadas en Callej\u00f3n Arias. Este epicentro de conectividad vial concentra un gran flujo vehicular de los barrios Obispo Angelelli, Nuestro Hogar III, Villa Rivadavia Anexo y barrios perif\u00e9ricos que ingresan a la ciudad por la calle Valpara\u00edso. Su ejecuci\u00f3b facilita el acceso hacia Bernardo O\u2019Higgins, equilibrando flujos vehiculares.<\/p>\n","protected":false},"excerpt":{"rendered":"<p>Adem\u00e1s, construir\u00e1n una plaza que unir\u00e1 ambos barrios. La Municipalidad suma m\u00e1s de 1.500 nuevas cuadras de pavimento ejecutadas desde el inicio de la actual gesti\u00f3n. El viceintendente Daniel Passerini, junto a vecinos de Quintas de Italia I inauguraron la pavimentaci\u00f3n de 37 cuadras en el sector de la zona sur de la ciudad. Las [&hellip;]<\/p>\n","protected":false},"author":1,"featured_media":33776,"comment_status":"closed","ping_status":"closed","sticky":false,"template":"","format":"standard","meta":[],"categories":[14],"tags":[],"_links":{"self":[{"href":"http:\/\/nuevacordoba.net\/index.php\/wp-json\/wp\/v2\/posts\/33775"}],"collection":[{"href":"http:\/\/nuevacordoba.net\/index.php\/wp-json\/wp\/v2\/posts"}],"about":[{"href":"http:\/\/nuevacordoba.net\/index.php\/wp-json\/wp\/v2\/types\/post"}],"author":[{"embeddable":true,"href":"http:\/\/nuevacordoba.net\/index.php\/wp-json\/wp\/v2\/users\/1"}],"replies":[{"embeddable":true,"href":"http:\/\/nuevacordoba.net\/index.php\/wp-json\/wp\/v2\/comments?post=33775"}],"version-history":[{"count":0,"href":"http:\/\/nuevacordoba.net\/index.php\/wp-json\/wp\/v2\/posts\/33775\/revisions"}],"wp:featuredmedia":[{"embeddable":true,"href":"http:\/\/nuevacordoba.net\/index.php\/wp-json\/wp\/v2\/media\/33776"}],"wp:attachment":[{"href":"http:\/\/nuevacordoba.net\/index.php\/wp-json\/wp\/v2\/media?parent=33775"}],"wp:term":[{"taxonomy":"category","embeddable":true,"href":"http:\/\/nuevacordoba.net\/index.php\/wp-json\/wp\/v2\/categories?post=33775"},{"taxonomy":"post_tag","embeddable":true,"href":"http:\/\/nuevacordoba.net\/index.php\/wp-json\/wp\/v2\/tags?post=33775"}],"curies":[{"name":"wp","href":"https:\/\/api.w.org\/{rel}","templated":true}]}}